{"id":133670,"date":"2026-01-10T08:27:11","date_gmt":"2026-01-10T08:27:11","guid":{"rendered":"https:\/\/www.europesays.com\/no\/133670\/"},"modified":"2026-01-10T08:27:11","modified_gmt":"2026-01-10T08:27:11","slug":"venezuela-og-gronland-i-fokus","status":"publish","type":"post","link":"https:\/\/www.europesays.com\/no\/133670\/","title":{"rendered":"Venezuela og Gr\u00f8nland i fokus"},"content":{"rendered":"<p>I de siste dagene har verdenspolitikken f\u00e5tt et dramatisk skifte. Donald Trumps milit\u00e6re raid mot Venezuela og gjentatte krav om \u00e5 ta over Gr\u00f8nland vekker oppsikt.<\/p>\n<p>Da president Nicol\u00e1s Maduro og hans kone ble <a href=\"https:\/\/www.dagbladet.no\/nyheter\/jeg-ble-kidnappet\/84057564\" rel=\"nofollow noopener\" target=\"_blank\">tatt til fange og brakt til USA for rettsforf\u00f8lgelse<\/a>, utl\u00f8ste det kraftige reaksjoner internasjonalt.\u00a0<\/p>\n<p>Det har blitt omtalt som en \u00abkrigshandling\u00bb og et brudd p\u00e5 folkeretten av flere stater og diplomater ved FNs sikkerhetsr\u00e5d. Amerikanske styrker har ogs\u00e5 <a href=\"https:\/\/borsen.dagbladet.no\/nyheter\/pa-kollisjonskurs-dette-er-uvanlig\/84070210\" rel=\"nofollow noopener\" target=\"_blank\">aksjonert og beslaglagt et russisk-registrert skip<\/a> i Atlanterhavet.<\/p>\n<p>Da Trump samtidig <a href=\"https:\/\/www.dagbladet.no\/nyheter\/trump-med-nytt-utspill-trenger-gronland\/84054361\" rel=\"nofollow noopener\" target=\"_blank\">gjentok trusselen<\/a> overfor Danmark at han m\u00e5 ha Gr\u00f8nland, for egen nasjonal sikkerhet, utl\u00f8ste det meget sterke reaksjoner fra ledende europeiske politikere.<\/p>\n<p class=\"font-weight-bold m-font-weight-bold\" data-lab-font_weight=\"font-weight-bold\">&#8211; President Zelenskyj og Ukraina havner helt i bakevja, og det hele framst\u00e5r som en gavepakke fra Trump til Putin. Hvis USA skulle bli hengende fast i Venezuela p\u00e5 sikt, vil oppmerksomheten til Europa og Ukraina bli sv\u00e6rt begrenset, sier Arne B\u00e5rd Dalhaug.\u00a0<\/p>\n<p>        STORT LUFTANGREP: Russland har angrepet Ukraina med et hypersonisk Oresjnik-missil. Video: X \/ AP. Reporter: Vegard Kr\u00fcger<\/p>\n<p>Den pensjonerte generall\u00f8ytnanten mener da at mesteparten av\u00a0den prim\u00e6re amerikanske interessesf\u00e6ren n\u00e5 kan bli flyttet fra Europa til Karibia.<\/p>\n<p>&#8211; Trump splitter Vesten for dem\t<\/p>\n<p>N\u00e5r USA n\u00e5 markerer stadig mer avstand til Europa, mener han situasjonen for Russland blir helt ideell, og f\u00e5r st\u00f8tte av en annen norsk ekspert:<\/p>\n<p class=\"font-weight-bold m-font-weight-bold\" data-lab-font_weight=\"font-weight-bold\">&#8211; Det har v\u00e6rt et overordnet m\u00e5l i russisk og sovjetisk utenrikspolitikk i alle \u00e5r \u00e5 splitte Vesten. N\u00e5 splitter Donald Trump Vesten for dem, og da kan de sitte rolig \u00e5 se p\u00e5 at deres situasjon blir sterkere. Og det er jo alltid hyggelig, sier\u00a0Iver B. Neumann, direkt\u00f8r ved Fridtjof Nansens Institutt (FNI).\u00a0<\/p>\n<p>        <img loading=\"lazy\" decoding=\"async\" src=\"https:\/\/www.europesays.com\/no\/wp-content\/uploads\/2026\/01\/83359363.webp.webp\" width=\"980\" height=\"559\" title=\"EKSPERT: Direkt\u00f8r ved Fridtjof Nansens Institutt ( NFI ) Iver B. Neumann. Foto: Frank Karlsen \/ Dagbladet.\" alt=\"\" class=\"\" style=\"--aspect-ratio-image: 1.75; \"\/><\/p>\n<p>\n        EKSPERT: Direkt\u00f8r ved Fridtjof Nansens Institutt ( NFI ) Iver B. Neumann. Foto: Frank Karlsen \/ Dagbladet.\n    <\/p>\n<p>Han mener Vladimir Putin tjener p\u00e5 dette, og at Russlands legitimitet overfor tredjeland blir mye sterkere n\u00e5r ogs\u00e5 USA gjennomf\u00f8rer aksjoner som i Venezuela.\u00a0<\/p>\n<p class=\"font-weight-bold m-font-weight-bold\" data-lab-font_weight=\"font-weight-bold\">&#8211; Da er vi tilbake til en verden hvor stormakter karer til seg, og det passer Russland veldig godt. Det vil gi Putin mer selvtillit, og her spiller Trump rett opp i hendene p\u00e5 sin venn Vladimir, sier Neumann.\u00a0<\/p>\n<p>Donald Trump demonstrerer med dette at internasjonal lov og rett eller normer ikke betyr noen verdens ting, sier Arne B\u00e5rd Dalhaug.<\/p>\n<p>        <img loading=\"lazy\" decoding=\"async\" src=\"https:\/\/www.europesays.com\/no\/wp-content\/uploads\/2026\/01\/84070724.webp.webp\" width=\"980\" height=\"559\" title=\"KRIGERPRESIDENT: Eksperter mener Donald Trumps krumspring gj\u00f8r tilv\u00e6relsen lettere for Vladimir Putin. Foto: Maxim Shipenkov \/ Reuters \/ NTB\" alt=\"\" class=\"\" style=\"--aspect-ratio-image: 1.75; \"\/><\/p>\n<p>\n        KRIGERPRESIDENT: Eksperter mener Donald Trumps krumspring gj\u00f8r tilv\u00e6relsen lettere for Vladimir Putin. Foto: Maxim Shipenkov \/ Reuters \/ NTB\n    <\/p>\n<p>Den gamle sovjetiske dr\u00f8mmen\t<\/p>\n<p>Han mener Donald Trump er i ferd med \u00e5 realisere den gamle sovjetiske dr\u00f8mmen, hvor han gir Russland og Kina en gavepakke i form av at USA setter alle lover og regler til side.\u00a0<\/p>\n<p>&#8211; Trumps handlinger kan brukes for \u00e5 legitimere Russlands handlinger i Ukraina. USA har p\u00e5 en m\u00e5te fjernet den beskyttelsen som sittende statsledere rundt omkring i verden har, sier Dalhaug.<\/p>\n<p>Problemet er at internasjonal lov og rett har ingen verdi hvis ikke de sterkeste maktene er villige til \u00e5 opprettholde det, sier han.\u00a0<\/p>\n<p>Han mener at Kina n\u00e5 kan bruke USAs handlinger som bakgrunn med tanke p\u00e5 hva de kan finne p\u00e5 \u00e5 gj\u00f8re i Taiwan.\u00a0<\/p>\n<p>    <a itemprop=\"url\" href=\"https:\/\/www.dagbladet.no\/nyheter\/helvete-pa-jord\/84060569\" rel=\"nofollow noopener\" target=\"_blank\"><\/p>\n<p>        <img loading=\"lazy\" decoding=\"async\" src=\"https:\/\/www.europesays.com\/no\/wp-content\/uploads\/2026\/01\/84062890.webp.webp\" width=\"980\" height=\"441\" title=\"\u00abHelvete p\u00e5 jord\u00bb\" alt=\"\" class=\"lazyload\" style=\"--aspect-ratio-image: 2.22; \"\/><\/p>\n<p>        \u00abHelvete p\u00e5 jord\u00bb<\/p>\n<p>    <\/a><\/p>\n<p>Venezuelas president Nicol\u00e1s\u00a0Maduro\u00a0og kona Cilia Flores ble tatt av amerikanske spesialstyrker, fraktet til USA og er n\u00e5 fengslet for narkotika- og terrorlovbrudd i New York.\u00a0Han risikerer opptil 40 \u00e5r i fengsel.<\/p>\n<p>Ikke USAs kjerneinteresseomr\u00e5de\t<\/p>\n<p>Med dette signaliserer USA at Ukraina ikke er et kjerneinteresseomr\u00e5de. Da vil det kunne styrke Russlands forhandlingsposisjon, \u00f8ke sannsynligheten for at Russland kan befeste territorielle gevinster og sende et signal til andre land om at vestlig st\u00f8tte ikke varer evig.<\/p>\n<p class=\"font-weight-normal m-font-weight-normal\" data-lab-font_weight=\"font-weight-normal\">&#8211; N\u00e5r man eksplisitt g\u00e5r inn for \u00e5 styrke USAs interessesf\u00e6re og snakker om interessesf\u00e6rer, s\u00e5 legitimerer det ogs\u00e5 Russlands oppbygging av interessesf\u00e6rer i det n\u00e6re utland. Og Kinas fors\u00f8k p\u00e5 \u00e5 gj\u00f8re \u00d8st-Asia til sin interessesf\u00e6re, sier Iver B. Neumann.\u00a0<\/p>\n<p>        <img loading=\"lazy\" decoding=\"async\" src=\"https:\/\/www.europesays.com\/no\/wp-content\/uploads\/2026\/01\/84070751.webp.webp\" width=\"980\" height=\"559\" title=\"SPLITTER VESTEN: Ekspert mener Donald Trump gj\u00f8r jobben for Russland med \u00e5 splitte Vesten. Foto: Kevin Lamarque \/ Reuters \/ NTB\" alt=\"\" class=\"\" style=\"--aspect-ratio-image: 1.75; \"\/><\/p>\n<p>\n        SPLITTER VESTEN: Ekspert mener Donald Trump gj\u00f8r jobben for Russland med \u00e5 splitte Vesten. Foto: Kevin Lamarque \/ Reuters \/ NTB\n    <\/p>\n<p>Mens Donald Trumps USA har aksjonert i Venezuela,\u00a0 har en rekke europeiske statsledere samlet seg i Paris for \u00e5 diskutere Ukrainas framtid.<\/p>\n<p>    <a itemprop=\"url\" href=\"https:\/\/www.dagbladet.no\/nyheter\/trump-er-var-motstander\/84015672\" rel=\"nofollow noopener\" target=\"_blank\"><\/p>\n<p>        <img loading=\"lazy\" decoding=\"async\" src=\"https:\/\/www.europesays.com\/no\/wp-content\/uploads\/2026\/01\/83895886.webp.webp\" width=\"980\" height=\"441\" title=\"- Trump er v\u00e5r motstander\" alt=\"\" class=\"lazyload\" style=\"--aspect-ratio-image: 2.22; \"\/><\/p>\n<p>        &#8211; Trump er v\u00e5r motstander<\/p>\n<p>    <\/a><\/p>\n<p>Den s\u00e5kalte koalisjonen av villige ble if\u00f8lge\u00a0Frankrikes president Emmanuel Macron enige om robuste sikkerhetsgarantier for\u00a0Ukraina.<\/p>\n<p>&#8211; Vi har gjort betydelig framgang p\u00e5 flere kritiske fronter, blant annet sikkerhetsgarantier og en plan for gjenoppbygging, sa USAs spesialutsending Steve Witkoff p\u00e5 pressekonferansen.<\/p>\n<p>Det var f\u00f8rste gang at representanter fra USA har deltatt p\u00e5 et\u00a0Ukraina- m\u00f8te sammen med koalisjonen av villige.<\/p>\n<p>&#8211; Vi er n\u00e6rmere fred\t<\/p>\n<p>Storbritannias statsminister Keir Starmer, som undertegnet slutterkl\u00e6ringen sammen med\u00a0Ukrainas president Volodymyr Zelenskyj og Macron, er litt mer reservert.\u00a0<\/p>\n<p>&#8211; Vi er n\u00e6rmere fred i\u00a0Ukraina\u00a0enn noen gang, men de vanskeligste sp\u00f8rsm\u00e5lene gjenst\u00e5r, sa Keir Starmer.<\/p>\n<p>        MANPADS: Ukrainske spesialstyrker sk\u00f8yt ned en russisk Shahed-drone utstyrt med MANPADS. Video: Telegram. Reporter: Vegard Kr\u00fcger<\/p>\n<p>Arne B\u00e5rd Dalhaug er heller ikke ubetinget optimist etter fredssamtalene som ble holdt i Paris.\u00a0<\/p>\n<p>&#8211; Jo n\u00e6rmere man er kommet en avtale som Volodymyr Zelenskyj og Ukraina kan leve med, jo mindre sannsynlig er det at Russland er villig til \u00e5 akseptere denne, sier Dalhaug.\u00a0<\/p>\n<p>Slik han leser avtalen, mener han det er absolutt ingenting som tyder p\u00e5 at den vil bli akseptert fra russisk side.<\/p>\n<p>        <img loading=\"lazy\" decoding=\"async\" src=\"https:\/\/www.europesays.com\/no\/wp-content\/uploads\/2026\/01\/83914654.webp.webp\" width=\"980\" height=\"559\" title=\"EKSPERT: Generall\u00f8ytnant Arne B\u00e5rd Dalhaug. Foto: Lars Eivind Bones \/ Dagbladet\" alt=\"\" class=\"\" style=\"--aspect-ratio-image: 1.75; \"\/><\/p>\n<p>\n        EKSPERT: Generall\u00f8ytnant Arne B\u00e5rd Dalhaug. Foto: Lars Eivind Bones \/ Dagbladet\n    <\/p>\n<p>&#8211; Dessuten m\u00e5 USA komme opp med en troverdig sikkerhetsgaranti, men hvem t\u00f8r \u00e5 stole p\u00e5 Donald Trump som sier noe en dag og gj\u00f8r det stikk motsatte dagen etter? Det er en av de store utfordringene, sier Dalhaug.\u00a0<\/p>\n<p>&#8211; Hvordan p\u00e5virker dette beslutningsgrunnlaget i Kreml?<\/p>\n<p>&#8211; Jeg er helt sikker p\u00e5 at siden mai i fjor, har Putin f\u00f8lt seg trygg p\u00e5 at han basically kan gj\u00f8re som han vil uten at USA kommer til \u00e5 foreta seg noe selv. Og det tror han fortsatt, sier han.\u00a0<\/p>\n<p>Ikke s\u00e6rlig optimistisk\t<\/p>\n<p>Iver B. Neumann er heller ikke s\u00e6rlig optimistisk med tanke p\u00e5 fred.\u00a0<\/p>\n<p>&#8211; Russerne vil jo ikke ha forhandlet fred i Ukraina. De vil ha alle sine krav im\u00f8teg\u00e5tt, og det har de sagt hele tida. P\u00e5 den m\u00e5ten er det ganske enkelt \u00e5 forholde seg til, sier han.\u00a0<\/p>\n<p>Parallelt med at de europeiske lederne m\u00f8ttes i Paris, satt danske utenrikspolitikere i krisem\u00f8te i K\u00f8benhavn om forholdet til USA.<\/p>\n<p>    <a itemprop=\"url\" href=\"https:\/\/www.dagbladet.no\/nyheter\/kan-skje-allerede-i-kveld\/84074385\" rel=\"nofollow noopener\" target=\"_blank\"><\/p>\n<p>        <img loading=\"lazy\" decoding=\"async\" src=\"https:\/\/www.europesays.com\/no\/wp-content\/uploads\/2026\/01\/1768033631_622_84074377.webp.webp\" width=\"980\" height=\"441\" title=\"- Kan skje allerede i kveld\" alt=\"\" class=\"lazyload\" style=\"--aspect-ratio-image: 2.22; \"\/><\/p>\n<p>        &#8211; Kan skje allerede i kveld<\/p>\n<p>    <\/a><\/p>\n<p>Flere har uttrykt bekymring for Natos framtid om USA gj\u00f8r alvor av truslene, og Frankrikes utenriksminister sier de har startet samtaler med Polen og Tyskland om et eventuelt svar.<\/p>\n<p>&#8211; Det vil v\u00e6re et <a href=\"https:\/\/www.dagbladet.no\/nyheter\/et-nakkeskudd-pa-nato\/84056254\" rel=\"nofollow noopener\" target=\"_blank\">nakkeskudd for Nato<\/a>, sier Neumann.\u00a0<\/p>\n<p>USA-ekspertene Hilde Restad ved Oslo Nye H\u00f8yskole uttalte tidligere i uka til NTB at det vil v\u00e6re et d\u00f8dsst\u00f8t for Nato om Trump tar Gr\u00f8nland.<\/p>\n<p>&#8211; N\u00e5 er det tid for \u00e5 st\u00e5 sammen med Danmark, sier statsminister\u00a0Jonas\u00a0Gahr\u00a0St\u00f8re\u00a0(Ap), som tirsdag ble advart av danskenes statsminister Mette Frederiksen.<\/p>\n<p>Hvis Donald Trump virkelig mener alvor med \u00e5 ta Gr\u00f8nland, kan Europa havne i tr\u00f8bbel med tanke p\u00e5 hvor deres lojalitet skal ligge.<\/p>\n<p>        <img loading=\"lazy\" decoding=\"async\" src=\"https:\/\/www.europesays.com\/no\/wp-content\/uploads\/2026\/01\/84070772.webp.webp\" width=\"980\" height=\"559\" title=\"BEKYMRET: Ukrainas president Volodymyr Zelesnkyj har all grunn til \u00e5 v\u00e6re bekymret, mener ekspertene. Foto: AFP \/ NTB\" alt=\"\" class=\"\" style=\"--aspect-ratio-image: 1.75; \"\/><\/p>\n<p>\n        BEKYMRET: Ukrainas president Volodymyr Zelesnkyj har all grunn til \u00e5 v\u00e6re bekymret, mener ekspertene. Foto: AFP \/ NTB\n    <\/p>\n<p>Europa kan bli USAs gissel\t<\/p>\n<p>Dette vet Ukrainas president Volodymyr Zelenskyj som neppe opplever \u00e5 ha noen spesielt gode dager n\u00e5r han ser hva som skjer i diplomatiet.\u00a0<\/p>\n<p>&#8211; Zelenskyj har det nok ikke bra i det hele tatt. Man skal ikke se bort fra at Trump kommer til \u00e5 binde sine sikkerhetsgarantier til Ukraina opp mot hvordan Europa reagerer p\u00e5 amerikanske overtakelser av Gr\u00f8nland, sier Neumann.<\/p>\n<p>&#8211; At USA fors\u00f8ker \u00e5 ta Europa til en slags fange eller gissel i Ukraina-saken?<\/p>\n<p>&#8211; Ja, rett og slett.\u00a0S\u00e5nt kan man ikke se bort fra, men dette vet vi ikke noe sikkert om. Det er en mulighet Donald Trump har, en spennende dog urovekkende tanke, sier Iver B. Neumann til Dagbladet.\u00a0<\/p>\n","protected":false},"excerpt":{"rendered":"I de siste dagene har verdenspolitikken f\u00e5tt et dramatisk skifte. Donald Trumps milit\u00e6re raid mot Venezuela og gjentatte&hellip;\n","protected":false},"author":2,"featured_media":133671,"comment_status":"","ping_status":"","sticky":false,"template":"","format":"standard","meta":{"footnotes":""},"categories":[12],"tags":[20,21,55,24,25,15,179,22,23,13,30,28,29,14,16,2309,26,27,50,412,42,43,44,45],"class_list":{"0":"post-133670","1":"post","2":"type-post","3":"status-publish","4":"format-standard","5":"has-post-thumbnail","7":"category-verden","8":"tag-breaking-news","9":"tag-breakingnews","10":"tag-donald-trump","11":"tag-featured-news","12":"tag-featurednews","13":"tag-headlines","14":"tag-krigen-i-ukraina","15":"tag-latest-news","16":"tag-latestnews","17":"tag-news","18":"tag-no","19":"tag-norge","20":"tag-norway","21":"tag-nyheter","22":"tag-overskrifter","23":"tag-putin","24":"tag-top-stories","25":"tag-topstories","26":"tag-usa","27":"tag-utenriks","28":"tag-verden","29":"tag-world","30":"tag-world-news","31":"tag-worldnews"},"share_on_mastodon":{"url":"https:\/\/pubeurope.com\/@no\/115869859467844495","error":""},"_links":{"self":[{"href":"https:\/\/www.europesays.com\/no\/wp-json\/wp\/v2\/posts\/133670","targetHints":{"allow":["GET"]}}],"collection":[{"href":"https:\/\/www.europesays.com\/no\/wp-json\/wp\/v2\/posts"}],"about":[{"href":"https:\/\/www.europesays.com\/no\/wp-json\/wp\/v2\/types\/post"}],"author":[{"embeddable":true,"href":"https:\/\/www.europesays.com\/no\/wp-json\/wp\/v2\/users\/2"}],"replies":[{"embeddable":true,"href":"https:\/\/www.europesays.com\/no\/wp-json\/wp\/v2\/comments?post=133670"}],"version-history":[{"count":0,"href":"https:\/\/www.europesays.com\/no\/wp-json\/wp\/v2\/posts\/133670\/revisions"}],"wp:featuredmedia":[{"embeddable":true,"href":"https:\/\/www.europesays.com\/no\/wp-json\/wp\/v2\/media\/133671"}],"wp:attachment":[{"href":"https:\/\/www.europesays.com\/no\/wp-json\/wp\/v2\/media?parent=133670"}],"wp:term":[{"taxonomy":"category","embeddable":true,"href":"https:\/\/www.europesays.com\/no\/wp-json\/wp\/v2\/categories?post=133670"},{"taxonomy":"post_tag","embeddable":true,"href":"https:\/\/www.europesays.com\/no\/wp-json\/wp\/v2\/tags?post=133670"}],"curies":[{"name":"wp","href":"https:\/\/api.w.org\/{rel}","templated":true}]}}