{"id":133678,"date":"2026-01-10T08:39:10","date_gmt":"2026-01-10T08:39:10","guid":{"rendered":"https:\/\/www.europesays.com\/no\/133678\/"},"modified":"2026-01-10T08:39:10","modified_gmt":"2026-01-10T08:39:10","slug":"stor-vannlekkasje-i-oslo-stor-oslo","status":"publish","type":"post","link":"https:\/\/www.europesays.com\/no\/133678\/","title":{"rendered":"Stor vannlekkasje i Oslo \u2013 Stor-Oslo"},"content":{"rendered":"<p>Klokken 04.21 natt til l\u00f8rdag rykket politi og brann ut til melding om en st\u00f8rre vannlekkasje ved Vulkan i Oslo.<\/p>\n<p><strong>\u2013 Det er mistanke om at det er lekkasje eller brudd p\u00e5 en hovedvannledning, skriver politiet i politiloggen.<\/strong><\/p>\n<p>Klokken 05.02 ble lekkasjen stanset.<\/p>\n<p>Maridalsveien er stengt som f\u00f8lge, og det er forel\u00f8pig uklart n\u00e5r veien kan \u00e5pnes igjen.<\/p>\n<p><strong>\u2013 Grunnet n\u00e5v\u00e6rende v\u00e6rforhold er det sannsynlig at det vil medf\u00f8re vanskelige kj\u00f8reforhold, spesielt i Maridalsveien, melder politiet.<\/strong><\/p>\n<p>Mannskaper fra Oslo kommune er p\u00e5 stedet.<\/p>\n<p>P\u00e5virker kollektivtrafikken<\/p>\n<p>Lekkasjen p\u00e5virker ogs\u00e5 noe av kollektivtrafikken i hovedstaden.<\/p>\n<p>Stengingen f\u00e5r ogs\u00e5 konsekvenser for kollektivtrafikken.<\/p>\n<p>Busslinjene 34 og 54 stopper ikke mellom Alexander Kiellands plass og Storgata.<\/p>\n<p>Dermed blir holdeplassene Jakob kirke, M\u00f8llerveien og Telthusbakken midlertidig ute av drift, skriver <a href=\"https:\/\/www.ao.no\/problemer-for-viktige-bussruter\/s\/5-128-1232453\" ec-id=\"https:\/\/www.ao.no\/problemer-for-viktige-bussruter\/s\/5-128-1232453\" ec-name=\"Avisa Oslo\" rel=\"nofollow noopener\" target=\"_blank\">Avisa Oslo<\/a>.<\/p>\n<p>Dette gjelder enn s\u00e5 lenge fram til klokken 11.30, melder Ruter.<\/p>\n<p>Publisert<\/p>\n<p>10.01.2026, kl. 08.12<\/p>\n<p>Oppdatert<\/p>\n<p>10.01.2026, kl. 09.23<\/p>\n","protected":false},"excerpt":{"rendered":"Klokken 04.21 natt til l\u00f8rdag rykket politi og brann ut til melding om en st\u00f8rre vannlekkasje ved Vulkan&hellip;\n","protected":false},"author":2,"featured_media":133679,"comment_status":"","ping_status":"","sticky":false,"template":"","format":"standard","meta":{"footnotes":""},"categories":[10],"tags":[20,21,24,25,15,22,23,13,30,28,29,14,16,26,27],"class_list":{"0":"post-133678","1":"post","2":"type-post","3":"status-publish","4":"format-standard","5":"has-post-thumbnail","7":"category-norge","8":"tag-breaking-news","9":"tag-breakingnews","10":"tag-featured-news","11":"tag-featurednews","12":"tag-headlines","13":"tag-latest-news","14":"tag-latestnews","15":"tag-news","16":"tag-no","17":"tag-norge","18":"tag-norway","19":"tag-nyheter","20":"tag-overskrifter","21":"tag-top-stories","22":"tag-topstories"},"share_on_mastodon":{"url":"https:\/\/pubeurope.com\/@no\/115869906537134199","error":""},"_links":{"self":[{"href":"https:\/\/www.europesays.com\/no\/wp-json\/wp\/v2\/posts\/133678","targetHints":{"allow":["GET"]}}],"collection":[{"href":"https:\/\/www.europesays.com\/no\/wp-json\/wp\/v2\/posts"}],"about":[{"href":"https:\/\/www.europesays.com\/no\/wp-json\/wp\/v2\/types\/post"}],"author":[{"embeddable":true,"href":"https:\/\/www.europesays.com\/no\/wp-json\/wp\/v2\/users\/2"}],"replies":[{"embeddable":true,"href":"https:\/\/www.europesays.com\/no\/wp-json\/wp\/v2\/comments?post=133678"}],"version-history":[{"count":0,"href":"https:\/\/www.europesays.com\/no\/wp-json\/wp\/v2\/posts\/133678\/revisions"}],"wp:featuredmedia":[{"embeddable":true,"href":"https:\/\/www.europesays.com\/no\/wp-json\/wp\/v2\/media\/133679"}],"wp:attachment":[{"href":"https:\/\/www.europesays.com\/no\/wp-json\/wp\/v2\/media?parent=133678"}],"wp:term":[{"taxonomy":"category","embeddable":true,"href":"https:\/\/www.europesays.com\/no\/wp-json\/wp\/v2\/categories?post=133678"},{"taxonomy":"post_tag","embeddable":true,"href":"https:\/\/www.europesays.com\/no\/wp-json\/wp\/v2\/tags?post=133678"}],"curies":[{"name":"wp","href":"https:\/\/api.w.org\/{rel}","templated":true}]}}