{"id":133682,"date":"2026-01-10T08:45:08","date_gmt":"2026-01-10T08:45:08","guid":{"rendered":"https:\/\/www.europesays.com\/no\/133682\/"},"modified":"2026-01-10T08:45:08","modified_gmt":"2026-01-10T08:45:08","slug":"iran-usa-usa-kaller-irans-pastand-om-amerikansk-innblanding-vrangforestilling","status":"publish","type":"post","link":"https:\/\/www.europesays.com\/no\/133682\/","title":{"rendered":"Iran, USA | USA kaller Irans p\u00e5stand om amerikansk innblanding vrangforestilling"},"content":{"rendered":"\n<p>\u2013 Denne uttalelsen gjenspeiler et vrangforestilt fors\u00f8k p\u00e5 \u00e5 avlede oppmerksomheten fra de enorme utfordringene som det iranske regimet st\u00e5r overfor, sier en talsperson for det amerikanske utenriksdepartementet.<\/p>\n<p>Uttalelsen er et svar p\u00e5 uttalelser fra Irans utenriksminister Abbas Araghchi under et bes\u00f8k i Libanon fredag.<\/p>\n<p><b>Les ogs\u00e5: <\/b><a class=\"simple-relation related-teaser article--c-eRUmMG article--c-eRUmMG-fZoQSp-design-nettavisen article--c-eRUmMG-gwthdJ-cv\" href=\"https:\/\/www.nettavisen.no\/fredsprisvinner-frykter-massakre-i-iran\/s\/5-95-2818099\" rel=\"nofollow noopener\" target=\"_blank\">Fredsprisvinner frykter massakre i Iran<\/a><\/p>\n<p>I en TV-sendt tale samme dag gikk Irans \u00f8verste leder ayatolla Ali Khamenei hardt ut mot demonstrantene. Han anklaget dem for \u00e5 \u00ab\u00f8delegge sine egne gater for \u00e5 blidgj\u00f8re presidenten i et annet land\u00bb.<\/p>\n<p>USAs president Donald Trump har de siste dagene truet med at USA vil gripe inn dersom iranske sikkerhetsstyrker dreper demonstranter, og gjentok dette fredag.<\/p>\n<p><b>Les ogs\u00e5: <\/b><a class=\"simple-relation related-teaser article--c-eRUmMG article--c-eRUmMG-fZoQSp-design-nettavisen article--c-eRUmMG-gwthdJ-cv\" href=\"https:\/\/www.nettavisen.no\/iran-haper-de-klarer-det-uten-trumps-hjelp\/s\/5-95-2816221\" rel=\"nofollow noopener\" target=\"_blank\">Iran: \u2013 H\u00e5per de klarer det uten Trumps hjelp<\/a><\/p>\n<p>\u2013 Iran er i store vansker. Det ser for meg ut som om folket tar over byer, noe ingen trodde var mulig for bare noen uker siden, sa Trump, som gjentok sitt budskap til iranske ledere.<\/p>\n<p>\u2013 Dere b\u00f8r ikke begynne \u00e5 skyte, for da vil ogs\u00e5 vi begynne \u00e5 skyte, sa han.<\/p>\n<p>  <a href=\"https:\/\/www.nettavisen.no\/5-95-2817918\" class=\"related-teaser has-image nettavisen-opinion-teaser article--c-eRUmMG article--c-eRUmMG-fZoQSp-design-nettavisen article--c-eRUmMG-eTlODu-cv\" rel=\"nofollow noopener\" target=\"_blank\"><\/p>\n<p>    <img decoding=\"async\" loading=\"lazy\"  src=\"https:\/\/www.europesays.com\/no\/wp-content\/uploads\/2026\/01\/Kopi+av+Norsk+debatt+%287%29.jpg\" alt=\"\" class=\"brick-c-cFOWSL\" style=\"\"\/><\/p>\n<p>\n            Les ogs\u00e5<\/p>\n<p>              Frykten for a\u030a lide Maduros skjebne\n        <\/p>\n<p>  <\/a><\/p>\n<p>I romjulen begynte store demonstrasjoner i hovedstaden Teheran som siden har spredt seg til resten av landet. Bakgrunnen er den dype \u00f8konomiske krisen Iran befinner seg i.<\/p>\n<p><b>Les ogs\u00e5: <\/b><a class=\"simple-relation related-teaser article--c-eRUmMG article--c-eRUmMG-fZoQSp-design-nettavisen article--c-eRUmMG-gwthdJ-cv\" href=\"https:\/\/www.nettavisen.no\/slik-vokste-demonstrasjonene-i-iran-fram\/s\/5-95-2816666\" rel=\"nofollow noopener\" target=\"_blank\">Slik vokste demonstrasjonene i Iran fram<\/a><\/p>\n<p>If\u00f8lge Human Rights Activists News Agency, som har base i USA, er minst 62 mennesker drept i sammenst\u00f8t med sikkerhetsstyrker, og over 2300 er p\u00e5grepet.<\/p>\n<p>Norges-baserte Iran Human Rights (IHR) opplyste torsdag at minst 45 var drept.<\/p>\n<p>(\u00a9NTB)<\/p>\n","protected":false},"excerpt":{"rendered":"\u2013 Denne uttalelsen gjenspeiler et vrangforestilt fors\u00f8k p\u00e5 \u00e5 avlede oppmerksomheten fra de enorme utfordringene som det iranske&hellip;\n","protected":false},"author":2,"featured_media":133683,"comment_status":"","ping_status":"","sticky":false,"template":"","format":"standard","meta":{"footnotes":""},"categories":[12],"tags":[20,21,24,25,15,22,23,13,30,28,29,14,16,26,27,42,43,44,45],"class_list":{"0":"post-133682","1":"post","2":"type-post","3":"status-publish","4":"format-standard","5":"has-post-thumbnail","7":"category-verden","8":"tag-breaking-news","9":"tag-breakingnews","10":"tag-featured-news","11":"tag-featurednews","12":"tag-headlines","13":"tag-latest-news","14":"tag-latestnews","15":"tag-news","16":"tag-no","17":"tag-norge","18":"tag-norway","19":"tag-nyheter","20":"tag-overskrifter","21":"tag-top-stories","22":"tag-topstories","23":"tag-verden","24":"tag-world","25":"tag-world-news","26":"tag-worldnews"},"share_on_mastodon":{"url":"https:\/\/pubeurope.com\/@no\/115869930264313923","error":""},"_links":{"self":[{"href":"https:\/\/www.europesays.com\/no\/wp-json\/wp\/v2\/posts\/133682","targetHints":{"allow":["GET"]}}],"collection":[{"href":"https:\/\/www.europesays.com\/no\/wp-json\/wp\/v2\/posts"}],"about":[{"href":"https:\/\/www.europesays.com\/no\/wp-json\/wp\/v2\/types\/post"}],"author":[{"embeddable":true,"href":"https:\/\/www.europesays.com\/no\/wp-json\/wp\/v2\/users\/2"}],"replies":[{"embeddable":true,"href":"https:\/\/www.europesays.com\/no\/wp-json\/wp\/v2\/comments?post=133682"}],"version-history":[{"count":0,"href":"https:\/\/www.europesays.com\/no\/wp-json\/wp\/v2\/posts\/133682\/revisions"}],"wp:featuredmedia":[{"embeddable":true,"href":"https:\/\/www.europesays.com\/no\/wp-json\/wp\/v2\/media\/133683"}],"wp:attachment":[{"href":"https:\/\/www.europesays.com\/no\/wp-json\/wp\/v2\/media?parent=133682"}],"wp:term":[{"taxonomy":"category","embeddable":true,"href":"https:\/\/www.europesays.com\/no\/wp-json\/wp\/v2\/categories?post=133682"},{"taxonomy":"post_tag","embeddable":true,"href":"https:\/\/www.europesays.com\/no\/wp-json\/wp\/v2\/tags?post=133682"}],"curies":[{"name":"wp","href":"https:\/\/api.w.org\/{rel}","templated":true}]}}