{"id":133684,"date":"2026-01-10T08:46:11","date_gmt":"2026-01-10T08:46:11","guid":{"rendered":"https:\/\/www.europesays.com\/no\/133684\/"},"modified":"2026-01-10T08:46:11","modified_gmt":"2026-01-10T08:46:11","slug":"eksplosjon-i-salget","status":"publish","type":"post","link":"https:\/\/www.europesays.com\/no\/133684\/","title":{"rendered":"&#8211; Eksplosjon i salget"},"content":{"rendered":"<p class=\"kicker bg-cyan color_mobile_bg-cyan text-black hasTextPadding mobile-hasTextPadding\" style=\"\">Butikkene:<\/p>\n<p>    N\u00e5 kan det bli kaos i b\u00e5de butikkene og i skil\u00f8ypene. Men det er ikke ski det selges mest av.<\/p>\n<p>\n    KAN BLI TRANGT: N\u00e5 har sn\u00f8en kommet, som borger for at mange tar turen ut i skil\u00f8ypene rundt omkring i landet denne helga. Her er skig\u00e5ere ved \u00d8vresetertjern ved Tryvann i Oslo ved en tidligere anledning. Foto: Stian Lysberg Solum \/ NTB\n  <\/p>\n<p>    Kort fortalt<\/p>\n<p lang=\"nb-NO\">Desember 2025 var skuffende for mange vinterglade nordmenn s\u00f8r i landet p\u00e5 grunn av sn\u00f8mangel.<\/p>\n<p lang=\"nb-NO\">N\u00e5 har v\u00e6ret snudd, og sn\u00f8en har forbedret forholdene for skiaktiviteter over store deler av landet.<\/p>\n<p lang=\"nb-NO\">Oslo Sportslager og XXL opplever \u00f8kt p\u00e5gang, spesielt i salget av akebrett, mens skiforholdene bedres.<\/p>\n<p lang=\"nb-NO\">Korketrekkeren i Oslo har \u00e5pnet, og det forventes storinnrykk i marka denne helgen.<\/p>\n<p class=\"italic ai-disclaimer\" data-lab-italic=\"italic\">Sammendraget er laget av ChatGPT og godkjent av DinSide.<\/p>\n<p>      Vis mer<br \/>\n      Vis mindre<\/p>\n<p style=\"pointer-events: none;\">For vinterglade nordmenn var nok desember 2025 en gedigen nedtur. I hvert fall for dem bosatt s\u00f8r i landet.\u00a0<\/p>\n<p style=\"pointer-events: none;\">Flere skisentre <a href=\"https:\/\/dinside.dagbladet.no\/fritid\/mulig-vi-ma-holde-stengt\/83907215\" rel=\"nofollow noopener\" target=\"_blank\">meldte om utsatt \u00e5pning eller begrenset antall \u00e5pne heiser<\/a> p\u00e5 grunn av mangel p\u00e5 sn\u00f8, og det var ikke n\u00f8dvendigvis travelt for l\u00f8ypepreppere enkelte steder.<\/p>\n<p style=\"pointer-events: none;\">N\u00e5 har v\u00e6ret omsider snudd og sn\u00f8en setter sitt preg p\u00e5 store deler av landet. Til helgen er det ogs\u00e5 ventet sol i deler av landet. Det legger til rette for bedre forhold for skiglade folk, enten de foretrekker nedover- eller bortoverski.<\/p>\n<p>        KRAFTIG: Ismasser presset seg opp p\u00e5 en promenade i byen Khabarovsk i Russland.<\/p>\n<p>H\u00e5per p\u00e5 en god vinter\t<\/p>\n<p>DinSide tok derfor kontakt med Oslo Sportslager og XXL for \u00e5 h\u00f8re om hvordan p\u00e5gangen er i butikkene f\u00f8r helga.<\/p>\n<p>Dag Rolfsen, styreleder i Oslo Sportslager, forteller til<br \/>\nDinSide at de har hatt nok \u00e5 gj\u00f8re s\u00e5 langt, til tross for lite sn\u00f8 rundt Oslo.<\/p>\n<p>&#8211; Vi er selvsagt avhengige av sn\u00f8 og gode forhold, og vi h\u00e5per p\u00e5 en god vinter. Mange steder i landet er det gode forhold n\u00e5, sier han.<\/p>\n<p>    <a itemprop=\"url\" href=\"https:\/\/dinside.dagbladet.no\/fritid\/penger-ut-av-vinduet\/84061769\" rel=\"nofollow noopener\" target=\"_blank\"><\/p>\n<p>        <img loading=\"lazy\" decoding=\"async\" src=\"https:\/\/www.europesays.com\/no\/wp-content\/uploads\/2026\/01\/84062160.webp.webp\" width=\"980\" height=\"441\" title=\"- Penger ut av vinduet\" alt=\"\" class=\"lazyload\" style=\"--aspect-ratio-image: 2.22; \"\/><\/p>\n<p>        &#8211; Penger ut av vinduet<\/p>\n<p>    <\/a><\/p>\n<p>St\u00e5lsetter seg\t<\/p>\n<p>Stoda er noe tilsvarende hos XXL, der kommunikasjonsdirekt\u00f8r Jan Christian Thommesen p\u00e5peker at l\u00f8ypemannskaper har jobbet p\u00e5 spreng for \u00e5 klargj\u00f8re b\u00e5de spor og bakker den siste uka.<\/p>\n<p>&#8211; Men eksempelvis \u00d8stmarka ble jo ikke klar f\u00f8r i g\u00e5r, og dermed har det hittil ikke v\u00e6rt den store eksplosjonen<br \/>\ni ettersp\u00f8rsel etter ski, sier han.<\/p>\n<p>Men det vil ikke vare lenge, h\u00e5per Thommesen.<\/p>\n<p>&#8211; Vi forventer imidlertid at det skal komme for fullt i<br \/>\nhelga, og da s\u00e6rlig l\u00f8rdag. Den kommer til \u00e5 bli ekstrem.<\/p>\n<p>Samtidig avsl\u00f8rer han at \u00e9n varegruppe skiller seg ut blant vinterproduktene.<\/p>\n<p>&#8211; Vi har derimot sett en eksplosjon i salget av<br \/>\nakebrett av ulike typer. Der er det ikke s\u00e5 n\u00f8ye om det er litt sm\u00e5grus og noen<br \/>\ngresstuster som stikker seg fram gjennom sn\u00f8en, s\u00e5 folk har en tendens til \u00e5 g\u00e5<br \/>\ntil anskaffelse av det langt tidligere enn ski. <\/p>\n<p>Forventer storinnrykk\t<\/p>\n<p>En av landets mest kjente akebakker, Korketrekkeren p\u00e5 Frognerseteren i Oslo, hadde omsider sin f\u00f8rste \u00e5pningsdag denne uka.<\/p>\n<p>\u00d8ivind Karlsen, daglig leder i Skimore som driver kjelkeutleie ved akebakken, forteller til DinSide at forholdene er noe marginale og at sesongstarten har g\u00e5tt noe treigere enn forventet, men at sn\u00f8en den siste uka har hjulpet godt p\u00e5.<\/p>\n<p>&#8211; Men denne helga forventer vi storinnrykk i marka, og ikke bare i akebakken. Det begynner \u00e5 bli fine forhold i alpinbakken og i l\u00f8ypene generelt, s\u00e5 det er rene vintereventyrland der n\u00e5, sier han og legger til:<\/p>\n<p>&#8211; Du kommer neppe til \u00e5 v\u00e6re alene i marka denne helga &#8211; det kommer til \u00e5 bli helt kaos.<\/p>\n","protected":false},"excerpt":{"rendered":"Butikkene: N\u00e5 kan det bli kaos i b\u00e5de butikkene og i skil\u00f8ypene. Men det er ikke ski det&hellip;\n","protected":false},"author":2,"featured_media":133685,"comment_status":"","ping_status":"","sticky":false,"template":"","format":"standard","meta":{"footnotes":""},"categories":[10],"tags":[20,21,24,25,728,15,22,23,13,30,28,29,14,16,6527,26,27,553,6263],"class_list":{"0":"post-133684","1":"post","2":"type-post","3":"status-publish","4":"format-standard","5":"has-post-thumbnail","7":"category-norge","8":"tag-breaking-news","9":"tag-breakingnews","10":"tag-featured-news","11":"tag-featurednews","12":"tag-fritid","13":"tag-headlines","14":"tag-latest-news","15":"tag-latestnews","16":"tag-news","17":"tag-no","18":"tag-norge","19":"tag-norway","20":"tag-nyheter","21":"tag-overskrifter","22":"tag-sno","23":"tag-top-stories","24":"tag-topstories","25":"tag-vaer","26":"tag-vinter"},"share_on_mastodon":{"url":"https:\/\/pubeurope.com\/@no\/115869934111906420","error":""},"_links":{"self":[{"href":"https:\/\/www.europesays.com\/no\/wp-json\/wp\/v2\/posts\/133684","targetHints":{"allow":["GET"]}}],"collection":[{"href":"https:\/\/www.europesays.com\/no\/wp-json\/wp\/v2\/posts"}],"about":[{"href":"https:\/\/www.europesays.com\/no\/wp-json\/wp\/v2\/types\/post"}],"author":[{"embeddable":true,"href":"https:\/\/www.europesays.com\/no\/wp-json\/wp\/v2\/users\/2"}],"replies":[{"embeddable":true,"href":"https:\/\/www.europesays.com\/no\/wp-json\/wp\/v2\/comments?post=133684"}],"version-history":[{"count":0,"href":"https:\/\/www.europesays.com\/no\/wp-json\/wp\/v2\/posts\/133684\/revisions"}],"wp:featuredmedia":[{"embeddable":true,"href":"https:\/\/www.europesays.com\/no\/wp-json\/wp\/v2\/media\/133685"}],"wp:attachment":[{"href":"https:\/\/www.europesays.com\/no\/wp-json\/wp\/v2\/media?parent=133684"}],"wp:term":[{"taxonomy":"category","embeddable":true,"href":"https:\/\/www.europesays.com\/no\/wp-json\/wp\/v2\/categories?post=133684"},{"taxonomy":"post_tag","embeddable":true,"href":"https:\/\/www.europesays.com\/no\/wp-json\/wp\/v2\/tags?post=133684"}],"curies":[{"name":"wp","href":"https:\/\/api.w.org\/{rel}","templated":true}]}}