{"id":133686,"date":"2026-01-10T08:52:12","date_gmt":"2026-01-10T08:52:12","guid":{"rendered":"https:\/\/www.europesays.com\/no\/133686\/"},"modified":"2026-01-10T08:52:12","modified_gmt":"2026-01-10T08:52:12","slug":"bestillingene-til-syden-okte-med-86","status":"publish","type":"post","link":"https:\/\/www.europesays.com\/no\/133686\/","title":{"rendered":"Bestillingene til Syden \u00f8kte med 86 %"},"content":{"rendered":"<p>        FOTO: TUI\n    <\/p>\n<p>    \u2013 Den siste uka har bestillingene til sol og varme i Syden \u00f8kt med 86 % sammenlignet med uka f\u00f8r, sier kommunikasjonsjef Anne M\u00f8rk-L\u00f8wengreen i TUI Norge.<\/p>\n<p>REISE: Bestillingene har tatt helt av etter nytt\u00e5r.<\/p>\n<p>\u2013 Det er alltid mange som velger \u00e5 bestille en reise p\u00e5 ny\u00e5ret, men n\u00e5 som kulda og sn\u00f8en kom i tillegg, blir det dobbel effekt. Mange \u00f8nsker \u00e5 r\u00f8mme avg\u00e5rde s\u00e5 fort som mulig for \u00e5 bytte ut sn\u00f8 med sand mellom t\u00e6rne, forteller Anne M\u00f8rk-L\u00f8wengreen i TUI. <\/p>\n<p>Om vinteren er det Kanari\u00f8yene som gjelder, spesielt Gran Canaria, men ogs\u00e5 Tenerife og Lanzarote. Andre popul\u00e6re reisem\u00e5l er Egypt og Kapp Verde. <\/p>\n<p>\u2013 Nordmenn \u00f8nsker seg kortest vei til et reisem\u00e5l med sol og varmegaranti. Dem som ikke har noe i mot en litt lengre flyreise, velger f\u00f8rst og fremst Thailand og deretter f\u00f8lger paradis\u00f8yer som Maldivene, Mauritius og Zanzibar, sier M\u00f8rk-L\u00f8wengreen.\u00a0<\/p>\n<p>\u2013 Ikke vent for lenge<\/p>\n<p>Bestillingene av pakkereiser med rutefly har \u00f8kt med 15 % hittil denne vinteren sammenlignet med i fjor.<\/p>\n<p>\u2013 Vi har 40 % f\u00e6rre charterseter igjen \u00e5 selge enn p\u00e5 samme tidspunkt i fjor, s\u00e5 det l\u00f8nner seg \u00e5 v\u00e6re raskt ute, sier kommunikasjonsjefen i TUI. <\/p>\n<p>Bestillingene har fordelt seg p\u00e5 vinter og sommer, men det er solgt flest sommerreiser den siste uka. Sommerferien er den viktigste for nordmenn og prioriteres h\u00f8yest. <\/p>\n<p>\u2013 Det er bestillinger til Kypros som \u00f8ker aller mest in sommer med 25 %. Klassiske reisem\u00e5l som Kreta, Rhodos, Mallorca, Kypros og Tyrkia er inne p\u00e5 topp 5 lista, sier M\u00f8rk-L\u00f8wengreen.\u00a0<\/p>\n<p>Slik f\u00e5r du en billigere reise<\/p>\n<p>For \u00e5 sikre seg en reise til best mulig pris, b\u00f8r en reise akkurat n\u00e5 og i tiden fram til f\u00f8r vinterferien starter. <\/p>\n<p>\u2013 Vinterferien og p\u00e5skeferien er h\u00f8ysesong med h\u00f8yere priser. S\u00e5 dersom du kan unng\u00e5 disse eller velge en avreise litt f\u00f8r feriene starter eller med hjemkomst noen dager etter, s\u00e5 er det som regel mest gunstig. Hvis du i tillegg velger avreise midt i uka, er det st\u00f8rre sjanser for \u00e5 gj\u00f8re et reisekupp, avslutter kommunikasjonssjefen i TUI.\u00a0<\/p>\n","protected":false},"excerpt":{"rendered":"FOTO: TUI \u2013 Den siste uka har bestillingene til sol og varme i Syden \u00f8kt med 86 %&hellip;\n","protected":false},"author":2,"featured_media":133687,"comment_status":"","ping_status":"","sticky":false,"template":"","format":"standard","meta":{"footnotes":""},"categories":[12],"tags":[20,21,24,25,15,22,23,13,30,28,29,14,16,26,27,42,43,44,45],"class_list":{"0":"post-133686","1":"post","2":"type-post","3":"status-publish","4":"format-standard","5":"has-post-thumbnail","7":"category-verden","8":"tag-breaking-news","9":"tag-breakingnews","10":"tag-featured-news","11":"tag-featurednews","12":"tag-headlines","13":"tag-latest-news","14":"tag-latestnews","15":"tag-news","16":"tag-no","17":"tag-norge","18":"tag-norway","19":"tag-nyheter","20":"tag-overskrifter","21":"tag-top-stories","22":"tag-topstories","23":"tag-verden","24":"tag-world","25":"tag-world-news","26":"tag-worldnews"},"share_on_mastodon":{"url":"https:\/\/pubeurope.com\/@no\/115869957717846794","error":""},"_links":{"self":[{"href":"https:\/\/www.europesays.com\/no\/wp-json\/wp\/v2\/posts\/133686","targetHints":{"allow":["GET"]}}],"collection":[{"href":"https:\/\/www.europesays.com\/no\/wp-json\/wp\/v2\/posts"}],"about":[{"href":"https:\/\/www.europesays.com\/no\/wp-json\/wp\/v2\/types\/post"}],"author":[{"embeddable":true,"href":"https:\/\/www.europesays.com\/no\/wp-json\/wp\/v2\/users\/2"}],"replies":[{"embeddable":true,"href":"https:\/\/www.europesays.com\/no\/wp-json\/wp\/v2\/comments?post=133686"}],"version-history":[{"count":0,"href":"https:\/\/www.europesays.com\/no\/wp-json\/wp\/v2\/posts\/133686\/revisions"}],"wp:featuredmedia":[{"embeddable":true,"href":"https:\/\/www.europesays.com\/no\/wp-json\/wp\/v2\/media\/133687"}],"wp:attachment":[{"href":"https:\/\/www.europesays.com\/no\/wp-json\/wp\/v2\/media?parent=133686"}],"wp:term":[{"taxonomy":"category","embeddable":true,"href":"https:\/\/www.europesays.com\/no\/wp-json\/wp\/v2\/categories?post=133686"},{"taxonomy":"post_tag","embeddable":true,"href":"https:\/\/www.europesays.com\/no\/wp-json\/wp\/v2\/tags?post=133686"}],"curies":[{"name":"wp","href":"https:\/\/api.w.org\/{rel}","templated":true}]}}