{"id":133688,"date":"2026-01-10T08:53:17","date_gmt":"2026-01-10T08:53:17","guid":{"rendered":"https:\/\/www.europesays.com\/no\/133688\/"},"modified":"2026-01-10T08:53:17","modified_gmt":"2026-01-10T08:53:17","slug":"hendelser-porsgrunn-flere-hendelser-natt-til-lordag-forerkortbeslag-fyll-og-hoy-musikk","status":"publish","type":"post","link":"https:\/\/www.europesays.com\/no\/133688\/","title":{"rendered":"Hendelser, Porsgrunn | Flere hendelser natt til l\u00f8rdag: F\u00f8rerkortbeslag, fyll og h\u00f8y musikk"},"content":{"rendered":"\n<p>Nattens f\u00f8rste hendelse som krevde politiets oppmerksomhet, kom like etter midnatt. Klokken 00:12 fikk politiet melding om en mulig ruskj\u00f8rer i Krager\u00f8-omr\u00e5det. <\/p>\n<p>En patrulje rykket ut til Stabbestadveien, hvor en mann i 20-\u00e5rene ble mistenkt for \u00e5 ha kj\u00f8rt bil i beruset tilstand. <\/p>\n<p>Det ble tatt pr\u00f8ver av mannen, f\u00f8rerkortet ble beslaglagt, og det er opprettet sak p\u00e5 forholdet, opplyser operasjonsleder Ottar Steinst\u00f8, ved S\u00f8r-\u00d8st politidistrikt. <\/p>\n<p>Kj\u00f8rte bil med bruksforbud \u2013 uten lappen<\/p>\n<p>Klokken 00:26 stoppet en patrulje en bil i B\u00f8 i Midt-Telemark. F\u00f8reren, en mann i 30-\u00e5rene, viste seg \u00e5 ikke ha gyldig f\u00f8rerkort.<\/p>\n<p>\u2013 I tillegg var bilen ilagt bruksforbud, melder Steinst\u00f8.<\/p>\n<p> Ogs\u00e5 her ble det opprettet sak.<\/p>\n<p>M\u00e5tte dempe musikken<\/p>\n<p>Like f\u00f8r klokken halv to, natt til l\u00f8rdag, mottok politiet flere meldinger om h\u00f8y musikk fra en adresse p\u00e5 Liane p\u00e5 Hovenga i Porsgrunn.<\/p>\n<p>En patrulje ble sendt til stedet og fikk dempet festen.<\/p>\n<p>Bortvist fra utested <\/p>\n<p>En snau time senere, klokken 01:46, m\u00e5tte politiet rykke ut til Porsgrunn sentrum. <\/p>\n<p>En mann i 30-\u00e5rene ble bortvist fra et utested. <\/p>\n<p>\u2013 Han var full og det har v\u00e6rt litt knuffing der vedkommende hadde v\u00e6rt involvert, avslutter operasjonslederen. <\/p>\n","protected":false},"excerpt":{"rendered":"Nattens f\u00f8rste hendelse som krevde politiets oppmerksomhet, kom like etter midnatt. Klokken 00:12 fikk politiet melding om en&hellip;\n","protected":false},"author":2,"featured_media":1273,"comment_status":"","ping_status":"","sticky":false,"template":"","format":"standard","meta":{"footnotes":""},"categories":[10],"tags":[36,20,21,24,25,15,168,2574,22,23,626,13,30,28,29,14,16,782,1370,1510,992,26,27],"class_list":{"0":"post-133688","1":"post","2":"type-post","3":"status-publish","4":"format-standard","5":"has-post-thumbnail","7":"category-norge","8":"tag-art","9":"tag-breaking-news","10":"tag-breakingnews","11":"tag-featured-news","12":"tag-featurednews","13":"tag-headlines","14":"tag-hendelser","15":"tag-kragero","16":"tag-latest-news","17":"tag-latestnews","18":"tag-midt-telemark","19":"tag-news","20":"tag-no","21":"tag-norge","22":"tag-norway","23":"tag-nyheter","24":"tag-overskrifter","25":"tag-politiloggen","26":"tag-porsgrunn","27":"tag-story","28":"tag-telemark","29":"tag-top-stories","30":"tag-topstories"},"share_on_mastodon":{"url":"https:\/\/pubeurope.com\/@no\/115869961594592935","error":""},"_links":{"self":[{"href":"https:\/\/www.europesays.com\/no\/wp-json\/wp\/v2\/posts\/133688","targetHints":{"allow":["GET"]}}],"collection":[{"href":"https:\/\/www.europesays.com\/no\/wp-json\/wp\/v2\/posts"}],"about":[{"href":"https:\/\/www.europesays.com\/no\/wp-json\/wp\/v2\/types\/post"}],"author":[{"embeddable":true,"href":"https:\/\/www.europesays.com\/no\/wp-json\/wp\/v2\/users\/2"}],"replies":[{"embeddable":true,"href":"https:\/\/www.europesays.com\/no\/wp-json\/wp\/v2\/comments?post=133688"}],"version-history":[{"count":0,"href":"https:\/\/www.europesays.com\/no\/wp-json\/wp\/v2\/posts\/133688\/revisions"}],"wp:featuredmedia":[{"embeddable":true,"href":"https:\/\/www.europesays.com\/no\/wp-json\/wp\/v2\/media\/1273"}],"wp:attachment":[{"href":"https:\/\/www.europesays.com\/no\/wp-json\/wp\/v2\/media?parent=133688"}],"wp:term":[{"taxonomy":"category","embeddable":true,"href":"https:\/\/www.europesays.com\/no\/wp-json\/wp\/v2\/categories?post=133688"},{"taxonomy":"post_tag","embeddable":true,"href":"https:\/\/www.europesays.com\/no\/wp-json\/wp\/v2\/tags?post=133688"}],"curies":[{"name":"wp","href":"https:\/\/api.w.org\/{rel}","templated":true}]}}