{"id":133692,"date":"2026-01-10T09:03:20","date_gmt":"2026-01-10T09:03:20","guid":{"rendered":"https:\/\/www.europesays.com\/no\/133692\/"},"modified":"2026-01-10T09:03:20","modified_gmt":"2026-01-10T09:03:20","slug":"marit-larsen-og-marion-ravn-fra-m2m-suksess-til-gjenforening","status":"publish","type":"post","link":"https:\/\/www.europesays.com\/no\/133692\/","title":{"rendered":"Marit Larsen og Marion Ravn: Fra M2M-suksess til gjenforening"},"content":{"rendered":"<p>Bare 14 \u00e5r gammel skulle Marit Larsen (42) fra L\u00f8renskog f\u00e5 livet snudd p\u00e5 hodet. Sammen med venninnen Marion Ravn (41), var hun en del av jentebandet M2M.<\/p>\n<p>Duoen skapte overskrifter verden rundt, og tok spesielt USA, Europa og Asia med storm. I 1998 ble de signert av et av verdens st\u00f8rste plateselskaper, Atlantic Records, og New York ble deres nye hjem.\u00a0<\/p>\n<p>    <a itemprop=\"url\" href=\"https:\/\/www.seher.no\/kjendis\/trengte-a-ta-litt-avstand\/77922282\" rel=\"nofollow noopener\" target=\"_blank\"><\/p>\n<p>        <img loading=\"lazy\" decoding=\"async\" src=\"https:\/\/www.europesays.com\/no\/wp-content\/uploads\/2026\/01\/77923067.webp.webp\" width=\"147\" height=\"98\" title=\"- Trengte \u00e5 ta litt avstand\" alt=\"\" class=\"lazyload\" style=\"--aspect-ratio-image: 1.50; \"\/><\/p>\n<p>        &#8211; Trengte \u00e5 ta litt avstand<\/p>\n<p>    <\/a><\/p>\n<p>Samtidig som foreldrene deres fors\u00f8kte \u00e5 hjemmeskolere dem med ungdomsskolepensum, ble de kastet rett inn i den knallharde musikkbransjen.<\/p>\n<p>&#8211; Foreldrene v\u00e5re var med oss overalt. Mamma hadde \u00adleverpostei i bagasjen og \u00ads\u00f8rget for litt normalitet i alt det rare &#8211; at jeg gjorde skolearbeid, spiste ordentlig og sov nok. I dag sitter jeg igjen med s\u00e5 mange gode minner, erfaringer jeg aldri ville v\u00e6rt foruten, selv om vi var omgitt av mennesker som var mest opptatt av \u00e5 tjene mest mulig penger p\u00e5 kortest mulig tid, har Marit fortalt til <a href=\"https:\/\/www.klikk.no\/underholdning\/marit-larsen-a-bli-mamma-er-det-storste-av-alt-7446924\" rel=\"nofollow noopener\" target=\"_blank\">Hjemmet<\/a>.\u00a0<\/p>\n<p>        <img loading=\"lazy\" decoding=\"async\" src=\"https:\/\/www.europesays.com\/no\/wp-content\/uploads\/2026\/01\/84076582.webp.webp\" width=\"667\" height=\"447\" title=\"TV-AKTUELL: Marit Larsen er med i \u00e5rets sesong av. Her sammen med Synne Vo, Espen Lind, Musti, Andr\u00e9 Jensen, Marcus og Martinus Gunnarsen og Herborg Kr\u00e5kevik. Foto: Vegard Breie\/TV 2\" alt=\"\" class=\"\" style=\"--aspect-ratio-image: 1.49; \"\/><\/p>\n<p>\n        TV-AKTUELL: Marit Larsen er med i \u00e5rets sesong av. Her sammen med Synne Vo, Espen Lind, Musti, Andr\u00e9 Jensen, Marcus og Martinus Gunnarsen og Herborg Kr\u00e5kevik. Foto: Vegard Breie\/TV 2\n    <\/p>\n<p>Der fikk de v\u00e6re med p\u00e5 b\u00e5de det ene og det andre andre 14-\u00e5ringer bare kan dr\u00f8mme om, og duoen turnerte med popgruppen Hanson, holdt konserter verden over og opptr\u00e5dte i den ikoniske TV-serien \u00abDawson&#8217;s Creek\u00bb &#8211; for \u00e5 nevne noe.\u00a0<\/p>\n<p>Alt l\u00e5 alts\u00e5 til rette for en livslang karriere for M2M, men bare fire \u00e5r etter eventyret startet, var det over og ut for Marit og Marion &#8211; som vendte snuta hjem igjen til Norge.\u00a0<\/p>\n<p>    <a itemprop=\"url\" href=\"https:\/\/www.seher.no\/kjendis\/visste-ikke-at-jeg-savnet-det\/84060377\" rel=\"nofollow noopener\" target=\"_blank\"><\/p>\n<p>        <img loading=\"lazy\" decoding=\"async\" src=\"https:\/\/www.europesays.com\/no\/wp-content\/uploads\/2026\/01\/84060972.webp.webp\" width=\"147\" height=\"98\" title=\"- Visste ikke at jeg savnet det\" alt=\"\" class=\"lazyload\" style=\"--aspect-ratio-image: 1.50; \"\/><\/p>\n<p>        &#8211; Visste ikke at jeg savnet det<\/p>\n<p>    <\/a><\/p>\n<p>Spekulasjoner om vondt blod\t<\/p>\n<p>Den br\u00e5 slutten fikk mange til \u00e5 sperre opp \u00f8ynene, og det skulle bli startskuddet for en lang tid med rykter om vondt blod mellom de to venninnene.\u00a0<\/p>\n<p>Marion hadde blitt tilbudt en solokontrakt av plateselskapet som tidligere hadde signert M2M, men som hun senere skulle avsl\u00e5, men flere hevdet det var roten til all dramatikk &#8211; og splittelser mellom de to.<\/p>\n<p>        <img loading=\"lazy\" decoding=\"async\" src=\"https:\/\/www.europesays.com\/no\/wp-content\/uploads\/2026\/01\/84076763.webp.webp\" width=\"686\" height=\"460\" title=\"STOR JOBB: Marion og Marit under prestisjetunge Spellemannprisen i 2001. M2M opptr\u00e5dte under utdelingen. Foto: Terje Bendiksby\/NTB\" alt=\"\" class=\"\" style=\"--aspect-ratio-image: 1.49; \"\/><\/p>\n<p>\n        STOR JOBB: Marion og Marit under prestisjetunge Spellemannprisen i 2001. M2M opptr\u00e5dte under utdelingen. Foto: Terje Bendiksby\/NTB\n    <\/p>\n<p>        <img loading=\"lazy\" decoding=\"async\" src=\"https:\/\/www.europesays.com\/no\/wp-content\/uploads\/2026\/01\/84076791.webp.webp\" width=\"686\" height=\"460\" title=\"UNG SUKSESS: M2M fikk enorm suksess flere steder i verden. Her var de unge stjernene i 2002. Foto:\" alt=\"\" class=\"\" style=\"--aspect-ratio-image: 1.49; \"\/><\/p>\n<p>\n        UNG SUKSESS: M2M fikk enorm suksess flere steder i verden. Her var de unge stjernene i 2002. Foto:\n    <\/p>\n<p>For 19 \u00e5r siden slo imidlertid Marit tilbake mot spekulasjonene, og fortalte til\u00a0 n\u00e5 nedlagte\u00a0<a href=\"https:\/\/archive.ph\/20160110051745\/http:\/\/www.stylusmagazine.com\/articles\/interview\/marit-larsen.htm\" rel=\"nofollow noopener\" target=\"_blank\">Stylus Magazine<\/a>\u00a0at bruddet hadde foreg\u00e5tt fredfullt.\u00a0<\/p>\n<p>&#8211; Da de (plateselskapet, journ.anm.) bestemte seg for at det m\u00e5tte ta slutt, m\u00e5tte det virkelig ta slutt. Vi begynte \u00e5 g\u00e5 i hver v\u00e5r retning, fordi jeg ville lage god popmusikk og Marion ville gj\u00f8re mer rock, uttalte hun.\u00a0<\/p>\n<p>        SESONGPREMIERE: Det er duket for en ny sesong med \u00abHver gang vi m\u00f8tes\u00bb, og her ser vi litt av det vi har i vente. Video: \u00abHver gang vi m\u00f8tes\u00bb\/TV2. Reporter: Trond Markus Gravdal<\/p>\n<p>&#8211; Savnet hverandre\t<\/p>\n<p>Til tross for at 42-\u00e5ringen forklarte at de valgte \u00e5 g\u00e5 hver sin vei p\u00e5 grunn av forskjellige \u00f8nsker, resulterte splittelsen i karrieren ogs\u00e5 en splittelse i livet.\u00a0<\/p>\n<p>Marit slapp senere solodebut-albumet \u00abUnder the surface\u00bb, og singelen \u00abDon&#8217;t save me\u00bb klatret raskt oppover p\u00e5 VG-lista i 2006. Samme \u00e5r vant hun prisen for \u00e5rets beste kvinnelige artist under Spellemannprisen.<\/p>\n<p>F\u00f8rst over 20 \u00e5r senere skulle Marit og Marion m\u00f8tes igjen &#8211; og gjenoppta kontakten.\u00a0<\/p>\n<p>        <img loading=\"lazy\" decoding=\"async\" src=\"https:\/\/www.europesays.com\/no\/wp-content\/uploads\/2026\/01\/84076679.webp.webp\" width=\"686\" height=\"1057\" title=\"SAMMEN IGJEN: Det siste \u00e5ret har popduoen dukket opp p\u00e5 flere arrangementer sammen. Blant annet her p\u00e5 ELLE-fest p\u00e5 Madserud G\u00e5rd. Foto: Andreas Fadum\/Se og H\u00f8r\" alt=\"\" class=\"\" style=\"--aspect-ratio-image: 0.65; \"\/><\/p>\n<p>\n        SAMMEN IGJEN: Det siste \u00e5ret har popduoen dukket opp p\u00e5 flere arrangementer sammen. Blant annet her p\u00e5 ELLE-fest p\u00e5 Madserud G\u00e5rd. Foto: Andreas Fadum\/Se og H\u00f8r\n    <\/p>\n<p>&#8211; Vi har savnet hverandre veldig mye. Det har v\u00e6rt et vennskap som har manglet i livet, har Marit fortalt til <a href=\"https:\/\/www.tv2.no\/underholdning\/kafemotet-som-endret-alt-mye-har-skjedd-siden-vi-slo-opp\/18084455\/\" rel=\"nofollow noopener\" target=\"_blank\">TV 2<\/a>.<\/p>\n<p>&#8211; N\u00e5 synes jeg at vi har f\u00e5tt et veldig bra vennskap, og jeg liker 2025-versjonen av oss skikkelig godt, fortsatte hun.<\/p>\n<p>I dag er hun aktuell i \u00abHver gang vi m\u00f8tes\u00bb, hvor ogs\u00e5 Marion har v\u00e6rt med tidligere.\u00a0<\/p>\n<p>        <img loading=\"lazy\" decoding=\"async\" src=\"https:\/\/www.europesays.com\/no\/wp-content\/uploads\/2026\/01\/84077254.webp.webp\" width=\"686\" height=\"556\" title=\"KONGELIG OPPTREDEN: Da kong Harald inviterte ambassad\u00f8rer til lunsj p\u00e5 slottet i 2021, var Marit underholdningen. Foto: Torstein B\u00f8e\/NTB\" alt=\"\" class=\"\" style=\"--aspect-ratio-image: 1.23; \"\/><\/p>\n<p>\n        KONGELIG OPPTREDEN: Da kong Harald inviterte ambassad\u00f8rer til lunsj p\u00e5 slottet i 2021, var Marit underholdningen. Foto: Torstein B\u00f8e\/NTB\n    <\/p>\n<p>Tilfeldig m\u00f8te\t<\/p>\n<p> Fans har i flere ti\u00e5r ventet p\u00e5 en gjenforening mellom de tidligere bestevenninnene. Et tilfeldig m\u00f8te p\u00e5 en kaff\u00e9 s\u00f8rget for at de to fant tilbake til hverandre.\u00a0<\/p>\n<p>&#8211; Det var s\u00e5 rart. Det var en blanding av alt. Jeg tror at siden vi sto i en helt tom kaf\u00e9 helt alene, bare oss to, s\u00e5 var det ingen vei utenom. Det f\u00f8ltes nesten rigget. Vi tror ikke p\u00e5 s\u00e5nt egentlig, men hun sto der og holdt p\u00e5 babyen sin. Og jeg tenkte: \u00abEnda en milep\u00e6l som jeg har g\u00e5tt glipp av\u00bb, har Marit uttalt om m\u00f8tet med Marion til nettstedet.\u00a0\u00a0<\/p>\n<p>        <img loading=\"lazy\" decoding=\"async\" src=\"https:\/\/www.europesays.com\/no\/wp-content\/uploads\/2026\/01\/84077377.webp.webp\" width=\"686\" height=\"460\" title=\"PRISVINNENDE ARTIST: Marit hentet hjem flere priser under Spellemannprisen i 2006. Foto: Stian Lysberg Solum\/NTB\" alt=\"\" class=\"\" style=\"--aspect-ratio-image: 1.49; \"\/><\/p>\n<p>\n        PRISVINNENDE ARTIST: Marit hentet hjem flere priser under Spellemannprisen i 2006. Foto: Stian Lysberg Solum\/NTB\n    <\/p>\n<p>Videre fortalte 42-\u00e5ringen at hun ikke \u00f8nsket \u00e5 g\u00e5 glipp av mer i venninnes liv, og i dag har duoen v\u00e6rt p\u00e5 en gjenforeningsturn\u00e9 i Asia.<\/p>\n<p>Familieliv\t<\/p>\n<p>\u00abDon&#8217;t save me\u00bb-sangeren har holdt en langt lavere profil i offentligheten enn venninnen har de siste 20 \u00e5rene., men det betyr ikke at hun har ligget p\u00e5 latsiden av den grunn.<\/p>\n<p>I tillegg til \u00e5 ha holdt liv i karrieren, har musikeren skapt et liv privat.\u00a0<\/p>\n<p>Hun traff den tidligere h\u00e5ndballspilleren Alexander Buchmann (43) p\u00e5 en fest i Oslo, men artisten har fortalt at allerede ved f\u00f8rste m\u00f8te, var det noen kjepper i hjulene.\u00a0\u00a0<\/p>\n<p>        <img loading=\"lazy\" decoding=\"async\" src=\"https:\/\/www.europesays.com\/no\/wp-content\/uploads\/2026\/01\/84077658.webp.webp\" width=\"686\" height=\"1029\" title=\"FULL MATCH: Marion og Marit dukket opp i matchende antrekk etter gjenforeningen. Foto: Andreas Fadum\/Se og H\u00f8r\" alt=\"\" class=\"\" style=\"--aspect-ratio-image: 0.67; \"\/><\/p>\n<p>\n        FULL MATCH: Marion og Marit dukket opp i matchende antrekk etter gjenforeningen. Foto: Andreas Fadum\/Se og H\u00f8r\n    <\/p>\n<p>Alexander jobbet som feltarbeider for Leger uten grenser og skulle snart ut i felt igjen. Marit selv var p\u00e5 turn\u00e9 og beskrev det hele som et kort m\u00f8te.<\/p>\n<p>&#8211; Og jeg hadde helt \u00e6rlig, og dette er ikke bare fordi jeg liker \u00e5 fortelle historier, men jeg hadde bestemt meg for \u00e5 legge det litt p\u00e5 hyllen, bare ta en pause fra letingen. Og s\u00e5 fant han meg, har hun fortalt \u00e5penhjertig p\u00e5 NRK-programmet \u00ab<a href=\"https:\/\/tv.nrk.no\/serie\/lindmo\/2022\/MUHU15006322\/avspiller\" rel=\"nofollow noopener\" target=\"_blank\">Lindmo<\/a>\u00bb.<\/p>\n<p>        R\u00d8RT: Espen Lind blir emosjonell da Marit Larsen synger sin versjon av \u00abWhen Susanna Cries\u00bb i \u00abHver gang vi m\u00f8tes\u00bb. Video: \u00abHver gang vi m\u00f8tes\u00bb\/ TV 2<\/p>\n<p>Holdt gifterm\u00e5l hemmelig\t<\/p>\n<p>Hun takket senere ja til en kaffe med den tidligere h\u00e5ndballspilleren, og avsl\u00f8rte at hun tenke\u00a0 \u00abdette kommer jeg meg ut av\u00bb. <\/p>\n<p>    <a itemprop=\"url\" href=\"https:\/\/www.seher.no\/kjendis\/roper-hemmelighet\/84065252\" rel=\"nofollow noopener\" target=\"_blank\"><\/p>\n<p>        <img loading=\"lazy\" decoding=\"async\" src=\"https:\/\/www.europesays.com\/no\/wp-content\/uploads\/2026\/01\/83828362.webp.webp\" width=\"147\" height=\"98\" title=\"R\u00f8per \u00abhemmelighet\u00bb\" alt=\"\" class=\"lazyload\" style=\"--aspect-ratio-image: 1.50; \"\/><\/p>\n<p>        R\u00f8per \u00abhemmelighet\u00bb<\/p>\n<p>    <\/a><\/p>\n<p>&#8211; Litt kynisk, men ogs\u00e5 bare &#8211; jeg hadde et slitent hjerte. Jeg trengte \u00e5 ta litt avstand, fortalte hun.\u00a0<\/p>\n<p>Men det kommende paret fortsatte \u00e5 holde kontakten, og i 2016 ble de smidd i hymens lenker etter to \u00e5r sammen.\u00a0<\/p>\n<p>Bryllupet holdt de tett til brystet frem til etter at de hadde gitt hverandre sitt \u00abja\u00bb.\u00a0<\/p>\n<p>\u00abMin best holdte hemmelighet noen gang\u00bb, skrev hun til et bryllupsbilde dagen etter det store dagen.\u00a0<\/p>\n<p>        <img loading=\"lazy\" decoding=\"async\" src=\"https:\/\/www.europesays.com\/no\/wp-content\/uploads\/2026\/01\/84077484.webp.webp\" width=\"667\" height=\"994\" title=\"H\u00c5NDBALLPROFIL: Alexander Buchmann har spilt mange kamper for Norge. Foto: Gorm Kallestad\/NTB\" alt=\"\" class=\"\" style=\"--aspect-ratio-image: 0.67; \"\/><\/p>\n<p>\n        H\u00c5NDBALLPROFIL: Alexander Buchmann har spilt mange kamper for Norge. Foto: Gorm Kallestad\/NTB\n    <\/p>\n<p>Familiefor\u00f8kelse\t<\/p>\n<p>Tre \u00e5r senere ble foreldre for f\u00f8rste gang, da datteren Astrid Ira kom til verden.\u00a0<\/p>\n<p>Marit har \u00e6rlig fortalt at tiden f\u00f8r hun ble gravid, besto av en ufrivillig ventetid.<\/p>\n<p>&#8211; \u00c5 vente p\u00e5 et barn blir selvf\u00f8lgelig en slags unntakstilstand, men det var noe fint med det ogs\u00e5. Jeg fikk et nytt syn p\u00e5 hvor rikt og meningsfylt livet mitt var allerede, og ble nok litt ekstra takknemlig for at jeg hadde fylt det med s\u00e5 mye bra, sa hun til Hjemmet.\u00a0<\/p>\n<p>42-\u00e5ringen beskrev seg selv som en mor som stupte inn i den nye tilv\u00e6relsen med hele seg.\u00a0<\/p>\n<p>    <a itemprop=\"url\" href=\"https:\/\/www.seher.no\/kjendis\/hyller-sine-norske-bonusbarn\/84057364\" rel=\"nofollow noopener\" target=\"_blank\"><\/p>\n<p>        <img loading=\"lazy\" decoding=\"async\" src=\"https:\/\/www.europesays.com\/no\/wp-content\/uploads\/2026\/01\/1768035800_520_84057678.webp.webp\" width=\"147\" height=\"98\" title=\"Hyller sine norske bonusbarn\" alt=\"\" class=\"lazyload\" style=\"--aspect-ratio-image: 1.50; \"\/><\/p>\n<p>        Hyller sine norske bonusbarn<\/p>\n<p>    <\/a><\/p>\n<p>&#8211; Jeg gikk inn i rollen slik jeg g\u00e5r inn i andre ting jeg er interessert i, det var all in. Tidlig gikk det opp for meg at et barn er helt sin egen person. Ira er ikke meg, og svarene p\u00e5 hva som er riktig for henne finnes ikke alltid i kloke menneskers podkaster og b\u00f8ker.<\/p>\n<p>Frilek og kreativitet har hun tatt med seg fra egen barndom hjemme i L\u00f8renskog.\u00a0<\/p>\n","protected":false},"excerpt":{"rendered":"Bare 14 \u00e5r gammel skulle Marit Larsen (42) fra L\u00f8renskog f\u00e5 livet snudd p\u00e5 hodet. Sammen med venninnen&hellip;\n","protected":false},"author":2,"featured_media":133693,"comment_status":"","ping_status":"","sticky":false,"template":"","format":"standard","meta":{"footnotes":""},"categories":[58],"tags":[4104,71,479,15409,1874,4240,30,28,29,72],"class_list":{"0":"post-133692","1":"post","2":"type-post","3":"status-publish","4":"format-standard","5":"has-post-thumbnail","7":"category-underholdning","8":"tag-eksklusivt","9":"tag-entertainment","10":"tag-kjendis","11":"tag-m2m","12":"tag-marion-ravn","13":"tag-marit-larsen","14":"tag-no","15":"tag-norge","16":"tag-norway","17":"tag-underholdning"},"share_on_mastodon":{"url":"https:\/\/pubeurope.com\/@no\/115870001057372785","error":""},"_links":{"self":[{"href":"https:\/\/www.europesays.com\/no\/wp-json\/wp\/v2\/posts\/133692","targetHints":{"allow":["GET"]}}],"collection":[{"href":"https:\/\/www.europesays.com\/no\/wp-json\/wp\/v2\/posts"}],"about":[{"href":"https:\/\/www.europesays.com\/no\/wp-json\/wp\/v2\/types\/post"}],"author":[{"embeddable":true,"href":"https:\/\/www.europesays.com\/no\/wp-json\/wp\/v2\/users\/2"}],"replies":[{"embeddable":true,"href":"https:\/\/www.europesays.com\/no\/wp-json\/wp\/v2\/comments?post=133692"}],"version-history":[{"count":0,"href":"https:\/\/www.europesays.com\/no\/wp-json\/wp\/v2\/posts\/133692\/revisions"}],"wp:featuredmedia":[{"embeddable":true,"href":"https:\/\/www.europesays.com\/no\/wp-json\/wp\/v2\/media\/133693"}],"wp:attachment":[{"href":"https:\/\/www.europesays.com\/no\/wp-json\/wp\/v2\/media?parent=133692"}],"wp:term":[{"taxonomy":"category","embeddable":true,"href":"https:\/\/www.europesays.com\/no\/wp-json\/wp\/v2\/categories?post=133692"},{"taxonomy":"post_tag","embeddable":true,"href":"https:\/\/www.europesays.com\/no\/wp-json\/wp\/v2\/tags?post=133692"}],"curies":[{"name":"wp","href":"https:\/\/api.w.org\/{rel}","templated":true}]}}