{"id":133696,"date":"2026-01-10T09:10:07","date_gmt":"2026-01-10T09:10:07","guid":{"rendered":"https:\/\/www.europesays.com\/no\/133696\/"},"modified":"2026-01-10T09:10:07","modified_gmt":"2026-01-10T09:10:07","slug":"kreft-rana-blad-senior-stig-johnny-trodde-han-hadde-fatt-leddgikt-men-det-viser-seg-a-vaere-aggressiv-kreft-jeg-har-vaert-helt-nede-i-kjelleren","status":"publish","type":"post","link":"https:\/\/www.europesays.com\/no\/133696\/","title":{"rendered":"Kreft, Rana Blad Senior | Stig-Johnny trodde han hadde f\u00e5tt leddgikt, men det viser seg \u00e5 v\u00e6re aggressiv kreft: \u2013 Jeg har v\u00e6rt helt nede i kjelleren"},"content":{"rendered":"<p>      Stig-Johnny er energimont\u00f8r hos Linea hvor han har jobbet i flere ti\u00e5r. I jula var han sykemeldt og hjemme med kona Maiken Kristine Thomassen som er uf\u00f8retrygdet. Han slapp unna alt arbeidet i forbindelse med stormen da, men han har v\u00e6rt med p\u00e5 det meste i en jobb som har krevd god fysisk form. God fysikk har vist seg verdifullt i tiden som kreftsyk.<br \/>\n      Foto: Maiken Johansen\n    <\/p>\n","protected":false},"excerpt":{"rendered":"Stig-Johnny er energimont\u00f8r hos Linea hvor han har jobbet i flere ti\u00e5r. I jula var han sykemeldt og&hellip;\n","protected":false},"author":2,"featured_media":133697,"comment_status":"","ping_status":"","sticky":false,"template":"","format":"standard","meta":{"footnotes":""},"categories":[58],"tags":[71,30,28,29,72],"class_list":{"0":"post-133696","1":"post","2":"type-post","3":"status-publish","4":"format-standard","5":"has-post-thumbnail","7":"category-underholdning","8":"tag-entertainment","9":"tag-no","10":"tag-norge","11":"tag-norway","12":"tag-underholdning"},"share_on_mastodon":{"url":"https:\/\/pubeurope.com\/@no\/115870028473243951","error":""},"_links":{"self":[{"href":"https:\/\/www.europesays.com\/no\/wp-json\/wp\/v2\/posts\/133696","targetHints":{"allow":["GET"]}}],"collection":[{"href":"https:\/\/www.europesays.com\/no\/wp-json\/wp\/v2\/posts"}],"about":[{"href":"https:\/\/www.europesays.com\/no\/wp-json\/wp\/v2\/types\/post"}],"author":[{"embeddable":true,"href":"https:\/\/www.europesays.com\/no\/wp-json\/wp\/v2\/users\/2"}],"replies":[{"embeddable":true,"href":"https:\/\/www.europesays.com\/no\/wp-json\/wp\/v2\/comments?post=133696"}],"version-history":[{"count":0,"href":"https:\/\/www.europesays.com\/no\/wp-json\/wp\/v2\/posts\/133696\/revisions"}],"wp:featuredmedia":[{"embeddable":true,"href":"https:\/\/www.europesays.com\/no\/wp-json\/wp\/v2\/media\/133697"}],"wp:attachment":[{"href":"https:\/\/www.europesays.com\/no\/wp-json\/wp\/v2\/media?parent=133696"}],"wp:term":[{"taxonomy":"category","embeddable":true,"href":"https:\/\/www.europesays.com\/no\/wp-json\/wp\/v2\/categories?post=133696"},{"taxonomy":"post_tag","embeddable":true,"href":"https:\/\/www.europesays.com\/no\/wp-json\/wp\/v2\/tags?post=133696"}],"curies":[{"name":"wp","href":"https:\/\/api.w.org\/{rel}","templated":true}]}}