{"id":133707,"date":"2026-01-10T09:24:52","date_gmt":"2026-01-10T09:24:52","guid":{"rendered":"https:\/\/www.europesays.com\/no\/133707\/"},"modified":"2026-01-10T09:24:52","modified_gmt":"2026-01-10T09:24:52","slug":"nrk-serien-heajastallan-bryllupsfesten-jeg-kjenner-igjen-alt","status":"publish","type":"post","link":"https:\/\/www.europesays.com\/no\/133707\/","title":{"rendered":"NRK-serien &#8216;Heajastallan &#8211; Bryllupsfesten&#8217;: &#8211; Jeg kjenner igjen alt"},"content":{"rendered":"<p>N\u00e5r NRK-serien Hejastallan &#8211; Bryllupsfesten ruller over skjermene ved inngangen av 2026, er det med et samisk skuespillerlag som mange mener sl\u00e5r gnister. Ogs\u00e5 det samiske produksjonsteamet med regiss\u00f8r \u00c5se Kathrin Vuolab i spissen har h\u00f8stet lovord, og den m\u00f8rke komedien som beskriver et tradisjonelt Kautokeino-bryllup med 3000 gjester, ender opp med \u00e5 bli alt annet enn tradisjonelt.\u00a0Forviklinger og drama st\u00e5r i k\u00f8, og serien forteller med m\u00f8rk humor om sosiale problemer som alkohol, overgrep og vold.\u00a0<\/p>\n<p>Serien ligger i skrivende stund p\u00e5 topp 10-listen over de mest sette programmene p\u00e5 NRK. Men ikke alle er like begeistret for fremstillingen av det samiske milj\u00f8et i Kautokeino. P\u00e5 sosiale medier har flere tatt til orde for at fremstillingen danner et stereotypt bilde av samer, som man har fors\u00f8kt \u00e5 komme bort fra.\u00a0<\/p>\n<p>        <img loading=\"lazy\" decoding=\"async\" src=\"https:\/\/www.europesays.com\/no\/wp-content\/uploads\/2026\/01\/84072546.webp.webp\" width=\"980\" height=\"559\" title=\"BYGDEDYRET: ... lurer bak gardinene og f\u00e5r sagt sitt i NRK-serien Heajastallan. FOTO:Heajastallan produksjon\/NRK\" alt=\"\" class=\"\" style=\"--aspect-ratio-image: 1.75; \"\/><\/p>\n<p>\n        BYGDEDYRET: &#8230; lurer bak gardinene og f\u00e5r sagt sitt i NRK-serien Heajastallan. FOTO:Heajastallan produksjon\/NRK\n    <\/p>\n<p>I et innlegg p\u00e5 <a href=\"https:\/\/www.iharstad.no\/arvid-ble-sjokkert-av-det-han-sa-pa-tv-sa-til-de-grader-upassende\/o\/5-126-531700?fbclid=IwY2xjawPMW_tleHRuA2FlbQIxMQBicmlkETFWS1RnQmRFazN0SzMzN050c3J0YwZhcHBfaWQQMjIyMDM5MTc4ODIwMDg5MgABHo5smC5iqWT1SZaxfUUiHb_DqLRHzdU0qnIV4xTZ4SI_1XEvEAED0U6WfZcx_aem_bCefIur3lloHSruqqMXPNw\" rel=\"nofollow noopener\" target=\"_blank\">iharstad.no<\/a> skriver Arvid Eliseussen, som oppgir at han er pensjonist og ikke selv same, men har gode minner fra tiden han jobbet i Kautokeino:\u00a0<\/p>\n<p>\u00abTragisk og trist \u00e5 fremstille en folkegruppe s\u00e5 til de grader upassende, sp\u00f8r du meg\u00bb, skriver han og utdyper:\u00a0<\/p>\n<p>\u00abI serien f\u00e5r vi fremstilt hele familier som sinte, kranglevoren, drikket\u00f8rste og for ikke \u00e5 snakke om det vi anser som privat og inne p\u00e5 soverommet, nemlig sex og seksuell atferd, ja p\u00e5 grensen til orgie\u00bb.<\/p>\n<p>        <img loading=\"lazy\" decoding=\"async\" src=\"https:\/\/www.europesays.com\/no\/wp-content\/uploads\/2026\/01\/84072386.webp.webp\" width=\"667\" height=\"367\" title=\"ALKOHOL: Inga Marja Utsis rollefigur sliter med alkohol i serien Heajastallan. FOTO: Heajastallan produksjon\/NRK\" alt=\"\" class=\"\" style=\"--aspect-ratio-image: 1.82; \"\/><\/p>\n<p>\n        ALKOHOL: Inga Marja Utsis rollefigur sliter med alkohol i serien Heajastallan. FOTO: Heajastallan produksjon\/NRK\n    <\/p>\n<p>I kommentarfeltet tar mange til ordet for at serien ikke feilaktig m\u00e5 oppfattes som en dokumentar, og skriver at de liker den og fant den sv\u00e6rt underholdende.\u00a0<\/p>\n<p>Men forfatteren av leserinnlegget f\u00e5r ogs\u00e5 st\u00f8tte:\u00a0<\/p>\n<p>\u00abFilmen fremstilte samene p\u00e5 en stereotypisk m\u00e5te som eg trudde me skulle vekk fra. Eg vart faktisk rasande p\u00e5 deira vegne. Berre trist og vondt\u00bb, skriver \u00e9n.\u00a0<\/p>\n<p>En annen mener:\u00a0<\/p>\n<p>\u00abSelv for en nordlending var dette til dels hard kost, det m\u00e5 bare innr\u00f8mmes!\u00bb.<\/p>\n<p>En annen p\u00e5peker i kommentarfeltet at kritikken kommer fra ikke-samisk hold:<\/p>\n<p>\u00abArtig at nordmenn er krenka p\u00e5 samenes vegne, og at (de fleste) samer hyller serien\u00bb.\u00a0<\/p>\n<p>Ogs\u00e5 avisa <a href=\"https:\/\/www.ifinnmark.no\/skaper-debatt-med-fyll-og-overgrep-det-er-pa-tide-at-vi-ogsa-kan-lage-fiksjon\/s\/5-81-2375536?fbclid=IwY2xjawPMoVZleHRuA2FlbQIxMABicmlkETFWS1RnQmRFazN0SzMzN050c3J0YwZhcHBfaWQQMjIyMDM5MTc4ODIwMDg5MgABHuXbm-zuSWy9q9vLPAQlL6Uz6ekNxqESW4K1HK7iXu686jNZZD7CERrpb0M8_aem_piOJ5_iUl7liT6NRdSMtTg\" rel=\"nofollow noopener\" target=\"_blank\">iFinnmark.no<\/a> sl\u00e5r fast at serien skaper debatt med scener med fyll og overgrep. Serieskaper Vuolab\u00a0sier til avisen:<\/p>\n<p>\u2013 Det er s\u00e5 mange f\u00f8lelser involvert. Folk sier de b\u00e5de flirer og gr\u00e5ter. De ser seg selv og folk de kjenner i karakterene, og det gjelder ikke bare folk fra Kautokeino, men folk fra sm\u00e5 plasser overalt.\u00a0<\/p>\n<p>        <img loading=\"lazy\" decoding=\"async\" src=\"https:\/\/www.europesays.com\/no\/wp-content\/uploads\/2026\/01\/84071921.webp.webp\" width=\"667\" height=\"674\" title=\"REGISS\u00d8R: \u00c5se Kathrin Vuolab har regien p\u00e5 serien Heajastallan - Bryllupsfesten som hadde premiere p\u00e5 NRK i januar 2026. FOTO: Lars Opstad\/kladd.no\" alt=\"\" class=\"\" style=\"--aspect-ratio-image: 0.99; \"\/><\/p>\n<p>\n        REGISS\u00d8R: \u00c5se Kathrin Vuolab har regien p\u00e5 serien Heajastallan &#8211; Bryllupsfesten som hadde premiere p\u00e5 NRK i januar 2026. FOTO: Lars Opstad\/kladd.no\n    <\/p>\n<p>    <a itemprop=\"url\" href=\"https:\/\/www.kk.no\/livet\/skammen-sitter-i-mange-lag\/73340935\" rel=\"nofollow noopener\" target=\"_blank\"><\/p>\n<p>        <img loading=\"lazy\" decoding=\"async\" src=\"https:\/\/www.europesays.com\/no\/wp-content\/uploads\/2026\/01\/73340956.webp.webp\" width=\"147\" height=\"98\" title=\"\u2013 Skammen sitter i mange lag\" alt=\"\" class=\"lazyload\" style=\"--aspect-ratio-image: 1.50; \"\/><\/p>\n<p>        \u2013 Skammen sitter i mange lag<\/p>\n<p>    <\/a><\/p>\n<p>St\u00f8tte fra Sametinget\t<\/p>\n<p>Men hva mener egentlig samene selv om produksjonen? I en SMS til KK skriver Sametingspresident Silje Karine Muotka at produksjonen har f\u00e5tt st\u00f8tte av Sametinget, noe som har bidratt til at de har hatt store forventninger.\u00a0<\/p>\n<p>        <img loading=\"lazy\" decoding=\"async\" src=\"https:\/\/www.europesays.com\/no\/wp-content\/uploads\/2026\/01\/84071785.webp.webp\" width=\"667\" height=\"561\" title=\"SAMETINGSPRESIDENT: Silje Karine Muotka forteller til KK at Heajastallan fikk henne til \u00e5 le og gr\u00e5te. FOTO: \u00d8rjan Marakatt Bertelsen\" alt=\"\" class=\"\" style=\"--aspect-ratio-image: 1.19; \"\/><\/p>\n<p>\n        SAMETINGSPRESIDENT: Silje Karine Muotka forteller til KK at Heajastallan fikk henne til \u00e5 le og gr\u00e5te. FOTO: \u00d8rjan Marakatt Bertelsen\n    <\/p>\n<p>P\u00e5 sp\u00f8rsm\u00e5l om hvordan hun opplever\u00a0skildringen av de sosiale problemstillingene, svarer Muotka:<\/p>\n<p>&#8211; Det gir serien en troverdighet n\u00e5r \u00c5se Kathrin Vuolab (regiss\u00f8r, red. anm.) kan skape en serie om samiske forhold som fikk meg til \u00e5 le, gr\u00e5te, gjemme meg bak puta og skjemmes. Hva mer kan vi vel \u00f8nske av en tv-opplevelse enn \u00e5 bli engasjert?<\/p>\n<p>Sametingspresidenten sier til KK at hun mener serien tar opp alvorlige temaer, uten ber\u00f8ringsangst:\u00a0<\/p>\n<p>&#8211; Det vil jeg ber\u00f8mme serieskaperne for. Vi er avhengige av at kunsten, filmen og litteraturen speiler v\u00e5rt samfunn for at vi skal kunne utvikle oss. I Heajastallan f\u00f8ler jeg at det samiske samfunnet i Kautokeino speiles p\u00e5 en humoristisk, men ogs\u00e5 m\u00f8rk m\u00e5te.<\/p>\n<p class=\"italic m-italic\" data-lab-italic=\"italic\">&#8211; Hva slags diskusjoner har man eventuelt i Sapmi?<\/p>\n<p>&#8211; Jeg opplever en overveldende st\u00f8tte og stolthet over serien p\u00e5 sosiale medier. Folk flest er veldig forn\u00f8yde etter \u00e5 ha sett den, et sentiment jeg deler, sier Sametingspresident Vuolab til KK.\u00a0<\/p>\n<p>    <a itemprop=\"url\" href=\"https:\/\/www.kk.no\/livet\/jeg-har-spadd-unna-skyldfolelse-skam-og-tungsinn-for-a-bli-denne-diamanten\/73370544\" rel=\"nofollow noopener\" target=\"_blank\"><\/p>\n<p>        <img loading=\"lazy\" decoding=\"async\" src=\"https:\/\/www.europesays.com\/no\/wp-content\/uploads\/2026\/01\/73371988.webp.webp\" width=\"147\" height=\"109\" title=\"\u2013 Jeg har spadd unna skyldf\u00f8lelse, skam og tungsinn for \u00e5 bli denne diamanten\" alt=\"\" class=\"lazyload\" style=\"--aspect-ratio-image: 1.35; \"\/><\/p>\n<p>        \u2013 Jeg har spadd unna skyldf\u00f8lelse, skam og tungsinn for \u00e5 bli denne diamanten<\/p>\n<p>    <\/a><\/p>\n<p>&#8211; Knallhardt \u00e5 vokse opp i Finnmark\t<\/p>\n<p>En annen som hyller serien er samiske Trine Lise Olsen. Hun skrev et rosende innlegg p\u00e5 sosiale medier etter \u00e5 ha sett den, og da KK tar kontakt er komikeren fra Indre Billefjord i Finnmark full av lovord:\u00a0<\/p>\n<p>&#8211; Jeg tar av meg lua for Heajastallan \u2013 Bryllupsfesten! NRK, skriver Trine Lise Olsen p\u00e5 SMS til KK.\u00a0<\/p>\n<p>        <img loading=\"lazy\" decoding=\"async\" src=\"https:\/\/www.europesays.com\/no\/wp-content\/uploads\/2026\/01\/82643089.webp.webp\" width=\"667\" height=\"948\" title=\"HYLLER: Komiker Trine Lise Olsen fotografert for KK i 2021. I et innlegg p\u00e5 sosiale medier hyller hun NRK-serien Heajastallan - Bryllupsfesten. FOTO: Astrid Waller\" alt=\"\" class=\"\" style=\"--aspect-ratio-image: 0.70; \"\/><\/p>\n<p>\n        HYLLER: Komiker Trine Lise Olsen fotografert for KK i 2021. I et innlegg p\u00e5 sosiale medier hyller hun NRK-serien Heajastallan &#8211; Bryllupsfesten. FOTO: Astrid Waller\n    <\/p>\n<p>&#8211; Jeg er fra Finnmark, er same, men ikke vokst opp i samisk milj\u00f8. Jeg synes serien er fantastisk! Selvf\u00f8lgelig p\u00e5 spissen fordi det er fiction, men samtidig er den er spot on!\u00a0\u00a0<\/p>\n<p>Hun utdyper:\u00a0<\/p>\n<p>&#8211; Jeg kjenner igjen alt, det var knallhardt \u00e5 vokse opp i Finnmark. En m\u00e5te \u00e5 passe inn var \u00e5 begynne tidlig \u00e5 drikke alkohol og v\u00e6re med de eldre guttene! S\u00e5 var vi horer hvis vi var med milit\u00e6rgutter, vi var horer n\u00e5r de lokale var ferdige med oss og vi var horer om vi avviste dem. S\u00e5 vidt jeg vet var det ingen som faktisk tok betalt eller betalte for noe.\u00a0<\/p>\n<p>Etter Trines Lises syn er ikke serien laget for \u00ab\u00e5 l\u00e6re om samisk kultur\u00bb eller for \u00e5 romantisere kulturen:\u00a0<\/p>\n<p>&#8211; Det fiction, og det m\u00e5 vi ogs\u00e5 f\u00e5 lov til \u00e5 lage, uten at vi \u00f8delegger bildet av Kautokeino til en mannlig pensjonist fra Harstad som har v\u00e6rt der noen \u00e5r og blitt kjent med noen hyggelige samer.<\/p>\n<p>    <a itemprop=\"url\" href=\"https:\/\/www.kk.no\/livet\/pa-skolen-skjonte-jeg-hva-mamma-hadde-provd-a-skjerme-meg-fra\/75266040\" rel=\"nofollow noopener\" target=\"_blank\"><\/p>\n<p>        <img loading=\"lazy\" decoding=\"async\" src=\"https:\/\/www.europesays.com\/no\/wp-content\/uploads\/2026\/01\/75280833.webp.webp\" width=\"147\" height=\"98\" title=\"\u2013 P\u00e5 skolen skj\u00f8nte jeg hva mamma hadde pr\u00f8vd \u00e5 skjerme meg fra\" alt=\"\" class=\"lazyload\" style=\"--aspect-ratio-image: 1.50; \"\/><\/p>\n<p>        \u2013 P\u00e5 skolen skj\u00f8nte jeg hva mamma hadde pr\u00f8vd \u00e5 skjerme meg fra<\/p>\n<p>    <\/a><\/p>\n<p>&#8211; Humor under beltestedet\t<\/p>\n<p>Handlingen er lagt til Kautokeino, men i likhet med serieskaper Vuolab, tror Trine Lise Olsen at alle som har vokst opp i sm\u00e5 samfunn kan kjenne seg igjen. Hun mener serien p\u00e5 en god m\u00e5te skildrer sm\u00e5plassmentalitet, harde oppvekstvilk\u00e5r, t\u00f8ffe temaer og samisk kultur, blandet med m\u00f8rk humor:<\/p>\n<p>&#8211; Der hvor de g\u00e5r under beltestedet klarer de b\u00e5de \u00e5 levere overlevelseshumor, og viser hvor desperat vi mennesker pr\u00f8ver \u00e5 beholde en form for maske for \u00e5 passe inn. Dette er smart, det er modig og det er morsomt! Jeg lo masse plasser hvor det f\u00f8ltes upassende, og s\u00e5nn humor elsker jeg.<\/p>\n<p>        <img loading=\"lazy\" decoding=\"async\" src=\"https:\/\/www.europesays.com\/no\/wp-content\/uploads\/2026\/01\/84072343.webp.webp\" width=\"667\" height=\"434\" title=\"DRAMATISK: Det g\u00e5r tidvis vilt for seg i den samiske serien Heajastallan. Her griper rollefiguren Garen til hagla, spilt av Sara Margrethe Oskal. FOTO: Heajastallan produksjon\/NRK\" alt=\"\" class=\"\" style=\"--aspect-ratio-image: 1.54; \"\/><\/p>\n<p>\n        DRAMATISK: Det g\u00e5r tidvis vilt for seg i den samiske serien Heajastallan. Her griper rollefiguren Garen til hagla, spilt av Sara Margrethe Oskal. FOTO: Heajastallan produksjon\/NRK\n    <\/p>\n<p>Hun trekker s\u00e6rlig frem episode tre. Undertegnede journalist har sett episoden, som blant annet skildrer en voldtekt p\u00e5 fest. Til KK skriver Trine Lise:\u00a0<\/p>\n<p>&#8211; Jeg fikk ogs\u00e5 en ubeskrivelig f\u00f8lelse etter episode tre, som jeg tror bare de som har opplevd det samme kan forst\u00e5, den trigget meg masse og den vonde s\u00e5re f\u00f8lelsen satt lenge i kroppen. Og bare om scenen og bildet av det som skjer er bra nok laget, p\u00e5virker den s\u00e5nn. S\u00e5 enda s\u00e5 vond den var, s\u00e5 var det ikke mindre enn stor KUNST!<\/p>\n<p>Hun roser regiss\u00f8r \u00c5se Kathrine Vuolab, og kaller det \u00abforbi modig\u00bb \u00e5 t\u00f8rre \u00e5 \u00e5pne opp s\u00e5 store temaer i et s\u00e5 lite milj\u00f8:<\/p>\n<p>&#8211; Alt fra hierarki, utestengelse, mobbing, machokultur, voldtekt og selvmord. Ogs\u00e5 de sm\u00e5 drypp av temaer som bare folk i samiske milj\u00f8 kan forst\u00e5. Jeg l\u00e6rte ogs\u00e5 mye om tradisjoner jeg heller ikke visste om.<\/p>\n<p>        <img loading=\"lazy\" decoding=\"async\" src=\"https:\/\/www.europesays.com\/no\/wp-content\/uploads\/2026\/01\/84071933.webp.webp\" width=\"667\" height=\"314\" title=\"FAMILIEBILDE: Veien er lang i Heajastallan f\u00f8r familiebildet endelig kan tas. FOTO: Heajastallan produksjon\/NRK\" alt=\"\" class=\"\" style=\"--aspect-ratio-image: 2.12; \"\/><\/p>\n<p>\n        FAMILIEBILDE: Veien er lang i Heajastallan f\u00f8r familiebildet endelig kan tas. FOTO: Heajastallan produksjon\/NRK\n    <\/p>\n<p>Ny Emmy-nominasjon?\t<\/p>\n<p>Nylig ble den samiske ungdomsserien Oro Jaska Emmy-nominert for beste ungdomsserie. Heajastallan har allerede rukket \u00e5 markere seg, med mange seere. Vi sp\u00f8r Sametingspresident Silje Karine Muotka: Hva betyr det for det samiske milj\u00f8et med en dramaserie om samer, laget av samer selv, som n\u00e5r ut til s\u00e5 mange?<\/p>\n<p>&#8211; Det samiske filmmilj\u00f8et har hatt en enorm utvikling de siste \u00e5rene, og det er jeg veldig stolt over, sier Muotka.\u00a0<\/p>\n<p class=\"font-weight-bold m-font-weight-bold\" data-lab-font_weight=\"font-weight-bold\">&#8211; Det er flere samiske filmer og tv-serier enn jeg kan nevne som oppn\u00e5r internasjonal anerkjennelse! Det viser at vi har gode historier \u00e5 fortelle, og at de blir aller best fortalt n\u00e5r det kommer fra et samisk st\u00e5sted.<\/p>\n<p>&#8211; H\u00e5per du p\u00e5 en ny Emmy-nominering ala Oro Jaska?<\/p>\n<p>&#8211; Jeg h\u00e5per jo selvf\u00f8lgelig at godt arbeid og dyktige serieskapere blir anerkjent med flere nominasjoner og priser, og personlig synes jeg serien holder et h\u00f8yt niv\u00e5, ogs\u00e5 internasjonalt. Det skulle ikke overraske meg om serieskaperne blir hedret med flere priser.<\/p>\n<p>Komiker Trine Lise Olsen oppsummerer serien slik:\u00a0<\/p>\n<p>&#8211; Jeg ble skikkelig r\u00f8rt og stolt. Ikke alltid s\u00e5 vakkert \u00e5 se skyggesiden, men satan s\u00e5 artig det kan v\u00e6re \u00e5 se i m\u00f8rket ogs\u00e5.<\/p>\n<p>        <img loading=\"lazy\" decoding=\"async\" src=\"https:\/\/www.europesays.com\/no\/wp-content\/uploads\/2026\/01\/80519927.webp.webp\" width=\"216\" height=\"234\" title=\"Har du et tips?\" alt=\"\" class=\"\" style=\"--aspect-ratio-image: 0.92; \"\/><\/p>\n<p>        Har du et tips?<\/p>\n<p class=\"subtitle\">Hei, jeg heter Hege L\u00f8vstad Toverud og er journalist i KK.<br \/>\nHar du et tips, en historie du vil fortelle eller et felt du mener vi b\u00f8r skrive om?<\/p>\n<p>    <a itemprop=\"url\" href=\"https:\/\/www.kk.no\/livet\/jeg-begynte-a-fa-mye-blackouts\/82407849\" rel=\"nofollow noopener\" target=\"_blank\"><\/p>\n<p>        <img loading=\"lazy\" decoding=\"async\" src=\"https:\/\/www.europesays.com\/no\/wp-content\/uploads\/2026\/01\/82407872.webp.webp\" width=\"980\" height=\"441\" title=\"Mari Boine: - Jeg begynte \u00e5 f\u00e5 mye blackouts\" alt=\"\" class=\"lazyload\" style=\"--aspect-ratio-image: 2.22; \"\/><\/p>\n<p>        Mari Boine: &#8211; Jeg begynte \u00e5 f\u00e5 mye blackouts<\/p>\n<p>    <\/a><\/p>\n","protected":false},"excerpt":{"rendered":"N\u00e5r NRK-serien Hejastallan &#8211; Bryllupsfesten ruller over skjermene ved inngangen av 2026, er det med et samisk skuespillerlag&hellip;\n","protected":false},"author":2,"featured_media":133708,"comment_status":"","ping_status":"","sticky":false,"template":"","format":"standard","meta":{"footnotes":""},"categories":[58],"tags":[15412,15411,71,15410,4016,30,28,29,787,15414,15413,3948,4370,14628,72],"class_list":{"0":"post-133707","1":"post","2":"type-post","3":"status-publish","4":"format-standard","5":"has-post-thumbnail","7":"category-underholdning","8":"tag-ase-kathrin-vuolab","9":"tag-bryllupsfesten","10":"tag-entertainment","11":"tag-heajastallan","12":"tag-livet","13":"tag-no","14":"tag-norge","15":"tag-norway","16":"tag-nrk","17":"tag-sametingspresidenten","18":"tag-samisk-film","19":"tag-samisk-kultur","20":"tag-silje-karine-muotka","21":"tag-trine-lise-olsen","22":"tag-underholdning"},"share_on_mastodon":{"url":"https:\/\/pubeurope.com\/@no\/115870087494569962","error":""},"_links":{"self":[{"href":"https:\/\/www.europesays.com\/no\/wp-json\/wp\/v2\/posts\/133707","targetHints":{"allow":["GET"]}}],"collection":[{"href":"https:\/\/www.europesays.com\/no\/wp-json\/wp\/v2\/posts"}],"about":[{"href":"https:\/\/www.europesays.com\/no\/wp-json\/wp\/v2\/types\/post"}],"author":[{"embeddable":true,"href":"https:\/\/www.europesays.com\/no\/wp-json\/wp\/v2\/users\/2"}],"replies":[{"embeddable":true,"href":"https:\/\/www.europesays.com\/no\/wp-json\/wp\/v2\/comments?post=133707"}],"version-history":[{"count":0,"href":"https:\/\/www.europesays.com\/no\/wp-json\/wp\/v2\/posts\/133707\/revisions"}],"wp:featuredmedia":[{"embeddable":true,"href":"https:\/\/www.europesays.com\/no\/wp-json\/wp\/v2\/media\/133708"}],"wp:attachment":[{"href":"https:\/\/www.europesays.com\/no\/wp-json\/wp\/v2\/media?parent=133707"}],"wp:term":[{"taxonomy":"category","embeddable":true,"href":"https:\/\/www.europesays.com\/no\/wp-json\/wp\/v2\/categories?post=133707"},{"taxonomy":"post_tag","embeddable":true,"href":"https:\/\/www.europesays.com\/no\/wp-json\/wp\/v2\/tags?post=133707"}],"curies":[{"name":"wp","href":"https:\/\/api.w.org\/{rel}","templated":true}]}}