{"id":133711,"date":"2026-01-10T09:28:31","date_gmt":"2026-01-10T09:28:31","guid":{"rendered":"https:\/\/www.europesays.com\/no\/133711\/"},"modified":"2026-01-10T09:28:31","modified_gmt":"2026-01-10T09:28:31","slug":"sykdom-truer-200-000-arbeidsfolk-frifagbevegelse","status":"publish","type":"post","link":"https:\/\/www.europesays.com\/no\/133711\/","title":{"rendered":"Sykdom truer 200.000 arbeidsfolk | FriFagbevegelse"},"content":{"rendered":"<p class=\"byline\">\u00d8ystein Helmikst\u00f8l<\/p>\n<p class=\"epost\">oystein@lomedia.no<\/p>\n<p class=\"tekst\">\u2013 Arbeidsgiver har plikt til \u00e5 s\u00f8rge for at de ansatte f\u00e5r den oppl\u00e6ringen de trenger for \u00e5 unng\u00e5 helsefaren i yrket, fastsl\u00e5r lege Ebba Wergeland.<\/p>\n<p class=\"tekst\">Det er snart 30 \u00e5r siden vibrasjonsskader kom p\u00e5 listen over godkjente yrkessykdommer. <\/p>\n<p class=\"tekst\">Likevel utsettes tusenvis av arbeidstakere for farlige vibrasjoner som kan gi nerveskader hver eneste dag.<\/p>\n<p class=\"tekst\">Det bekymrer Wergeland. <\/p>\n<p class=\"tekst\">Hun mener arbeidstakerne i bygg- og anleggsbransjen burde hatt langt bedre kunnskap om vibrasjonsskader.<\/p>\n<p class=\"mellomtittel\">\u2013 F\u00e5 krever erstatning<\/p>\n<p class=\"tekst\">Wergeland er ogs\u00e5 sterkt kritisk til ordningene for yrkesskadeerstatning i Norge.<\/p>\n<p class=\"tekst\">Totalt i Norge regner man med at rundt 200 personer f\u00e5r diagnosen H\u00e5nd-arm vibrasjonssyndrom (HAVS) hvert \u00e5r. <\/p>\n<p class=\"tekst\">Arbeidsmilj\u00f8myndighetene sl\u00e5r selv fast at vibrasjonsskader er underrapportert i Norge. <\/p>\n<p class=\"tekst\">I Sverige er vibrasjonsskader den <a target=\"_blank\" rel=\"noopener nofollow\" href=\"https:\/\/www.afaforsakring.se\/dokument\/hwqzdrvmcgye7t8rt2lc\/f7060-arsrapport-statistik-2025.pdf\">vanligste yrkessykdommen blant menn<\/a>. <\/p>\n<p class=\"tekst\">I forsikringsstatistikk Wergeland har hentet inn, var det bare\u00a0200 saker om yrkesskader i nervesystemet i hele perioden 2002\u20132022, medregnet skader uten sammenheng med vibrasjon.<\/p>\n<p class=\"faktatittel\">Fakta om H\u00e5nd-arm vibrasjonssyndrom (HAVS) <\/p>\n<p class=\"fakta\">H\u00e5nd-arm vibrasjonssyndrom (HAVS) er en betegnelse p\u00e5 skader p\u00e5 blod\u00e5rer, nerver eller muskel- og skjelettsystemet, for\u00e5rsaket av h\u00e5nd-arm vibrasjoner.<\/p>\n<p class=\"fakta\">Gir smerte, hvite fingre og tap av h\u00e5ndkraft.<\/p>\n<p class=\"fakta\">Rammer s\u00e6rlig bygg- og anleggsarbeidere.<\/p>\n<p class=\"fakta\">Forebygging: riktig verkt\u00f8y, oppl\u00e6ring og helseoverv\u00e5kning.<\/p>\n<p class=\"fakta\">Godkjent som yrkessykdom.<\/p>\n<p class=\"tekst\">\u2013 Tallet tyder p\u00e5 at f\u00e5 av de som burde gjort det, krever yrkesskadeerstatning, antakelig fordi de ikke kjenner rettighetene. Arbeidsgivers forsikring skal blant annet dekke framtidig inntektstap p\u00e5 grunn av nerveskaden. <\/p>\n<p class=\"tekst\">Det gj\u00f8r at mange av de yngre kan ha krav p\u00e5 store bel\u00f8p, understreker Wergeland.<\/p>\n<p class=\"tekst\">\u2013 Folk vet ikke at de er forsikret, eller hvilke rettigheter de har. <\/p>\n<p class=\"tekst\">Verneombud og tillitsvalgte kan unders\u00f8ke med arbeidsgiver p\u00e5 egen arbeidsplass, og gj\u00f8re rettighetene kjent, oppfordrer hun.<\/p>\n<p class=\"tekst\">Arbeidsmanden har skrevet om Kjell Thorkildsen, som har <a target=\"_blank\" rel=\"noopener nofollow\" href=\"https:\/\/frifagbevegelse.no\/arbeidsmanden\/200000-nordmenn-er-utsatt--hendene-mine-svikter-6.158.1173562.a51c1adf71\">f\u00e5tt HAVS<\/a>. Han har f\u00e5tt gratis advokathjelp av LO-advokatene via Arbeidsmandsforbundet.<\/p>\n<p class=\"tekst\">Wergeland mener mange trenger juridisk hjelp for \u00e5 n\u00e5 fram i systemet.<\/p>\n<p class=\"tekst\">\u2013 Det er mye som tyder p\u00e5 at man m\u00e5 ha advokat for \u00e5 komme noen vei. Fagforeningene b\u00f8r formidle hjelp fra advokater som har spesialkunnskap om yrkesskadeerstatning. Det er et ekstremt underforbruk av yrkesskadeforsikringen som vi ser for HAVS.<\/p>\n<p class=\"uthevet-avsnitt\">Aktuelt: <a target=\"_blank\" rel=\"noopener nofollow\" href=\"https:\/\/frifagbevegelse.no\/arbeidsmanden\/200000-nordmenn-er-utsatt--hendene-mine-svikter-6.158.1173562.a51c1adf71\">Kjell s\u00f8ker uf\u00f8retrygd: \u2013 Hendene mine svikter<\/a><\/p>\n<p class=\"mellomtittel\">Peker p\u00e5 verneombudene<\/p>\n<p class=\"tekst\">Wergeland mener det bare finnes \u00e9n vei videre: Verneombudene m\u00e5 p\u00e5 kurs for \u00e5 vite mye mer om farene for vibrasjonsskader.<\/p>\n<p class=\"tekst\">\u2013 Norsk Arbeidsmandsforbund kan selv ta h\u00e5nd om dette. De som har st\u00f8rst egeninteresse av et trygt arbeidsmilj\u00f8, m\u00e5 ogs\u00e5 v\u00e6re drivkraften.<\/p>\n<p><img decoding=\"async\" class=\"Image Image_\" src=\"\" data-aghref=\"http:\/\/frifagbevegelse.no\/image-3.446726.156095.20260109090252.1.1f5a2c5c02\" data-agimagetype=\"hardcrop\" alt=\"Lege Ebba Wergeland mener arbeidstakerne i bygg- og anleggsbransjen burde hatt langt bedre kunnskap for lengst, om vibrasjonsskader.\"\/><\/p>\n<p class=\"Caption\">Lege Ebba Wergeland mener arbeidstakerne i bygg- og anleggsbransjen burde hatt langt bedre kunnskap for lengst, om vibrasjonsskader.<\/p>\n<p class=\"Source\">Martin Guttormsen Sl\u00f8rdal<\/p>\n<p class=\"tekst\">Hun peker p\u00e5 at arbeidsgiver etter arbeidsmilj\u00f8loven har plikt til s\u00f8rge for n\u00f8dvendig oppl\u00e6ring av verneombudene.<\/p>\n<p class=\"tekst\">\u2013 De kan holde egne kurs om p\u00e5visning og forebygging av vibrasjonsskader, og om erstatningsordninger og omskolering for dem som har f\u00e5tt skader. De kan samarbeide med arbeidsgiver lokalt, eller med arbeidsgiverorganisasjoner.\u00a0<\/p>\n<p class=\"tekst\">If\u00f8lge Wergeland har verneombud langt st\u00f8rre makt enn mange er klar over.<\/p>\n<p class=\"tekst\">\u2013 Et verneombud kan stanse helsefarlig arbeid, for eksempel verkt\u00f8ybruk som gir begynnende HAVS-symptomer. Da settes det i gang en prosess, og arbeidsgiver m\u00e5 gj\u00f8re noe med vibrasjonsproblemene.<\/p>\n<p class=\"tekst\">Men verneombudsrollen m\u00e5 styrkes, mener Wergeland.<\/p>\n<p class=\"tekst\">\u2013 Verneombud har en n\u00f8kkelrolle. Men de m\u00e5 f\u00f8le seg trygge og ha st\u00f8tte. Der m\u00e5 fagbevegelsen bidra.<\/p>\n<p class=\"mellomtittel\">\u2013 Store firmaer har bedre oversikt<\/p>\n<p class=\"tekst\">Tove R\u00f8nning, hovedverneombud i Veidekke Anlegg, mener kunnskapen om vibrasjonsskader varierer sterkt blant verneombud.<\/p>\n<p class=\"tekst\">\u2013 I store firmaer er det fokus p\u00e5 HAVS. I Veidekke har vi en intern og aktiv bedriftshelsetjeneste. Vi informerer om verneutstyr, rullering av folk og tidsbegrensninger for bruk av for eksempel h\u00e5ndholdte verkt\u00f8y.<\/p>\n<p class=\"tekst\">Hun peker p\u00e5 klare retningslinjer som forebygger vibrasjonsskader:<\/p>\n<p class=\"tekst\">\u2013 Kan man ikke rullere p\u00e5 folk, skal man ikke bruke h\u00e5ndholdt vibrerende utstyr for lenge, f\u00f8r man har flere timer pause fra verkt\u00f8yet. Man kan bruke en vibrasjonskalkulator, for ulike maskiner har ulike styrker, forklarer R\u00f8nning. <\/p>\n<p class=\"mellomtittel\">\u2013 Behov for mer kunnskap<\/p>\n<p class=\"tekst\">I mindre firmaer er situasjonen en annen, tror R\u00f8nning.<\/p>\n<p class=\"tekst\">\u2013 Der vil jeg tro det er mer uvitenhet, s\u00e6rlig der det ikke finnes en aktiv bedriftshelsetjeneste.<\/p>\n<p class=\"tekst\">R\u00f8nning st\u00f8tter Wergelands \u00f8nske om mer oppl\u00e6ring for verneombudene.<\/p>\n<p class=\"tekst\">\u2013 Mer kunnskap om HAVS er viktig. Sp\u00f8rsm\u00e5let er hvordan kurs skal organiseres og finansieres.<\/p>\n<p class=\"tekst\">Hun mener ogs\u00e5 at mange ansatte ikke er klar over rettighetene sine. Hun peker p\u00e5 at det er et lederansvar \u00e5 informere ansatte om det.<\/p>\n","protected":false},"excerpt":{"rendered":"\u00d8ystein Helmikst\u00f8l oystein@lomedia.no \u2013 Arbeidsgiver har plikt til \u00e5 s\u00f8rge for at de ansatte f\u00e5r den oppl\u00e6ringen de&hellip;\n","protected":false},"author":2,"featured_media":133712,"comment_status":"","ping_status":"","sticky":false,"template":"","format":"standard","meta":{"footnotes":""},"categories":[10],"tags":[20,21,24,25,15,22,23,13,30,28,29,14,16,26,27],"class_list":{"0":"post-133711","1":"post","2":"type-post","3":"status-publish","4":"format-standard","5":"has-post-thumbnail","7":"category-norge","8":"tag-breaking-news","9":"tag-breakingnews","10":"tag-featured-news","11":"tag-featurednews","12":"tag-headlines","13":"tag-latest-news","14":"tag-latestnews","15":"tag-news","16":"tag-no","17":"tag-norge","18":"tag-norway","19":"tag-nyheter","20":"tag-overskrifter","21":"tag-top-stories","22":"tag-topstories"},"share_on_mastodon":{"url":"https:\/\/pubeurope.com\/@no\/115870099480251202","error":""},"_links":{"self":[{"href":"https:\/\/www.europesays.com\/no\/wp-json\/wp\/v2\/posts\/133711","targetHints":{"allow":["GET"]}}],"collection":[{"href":"https:\/\/www.europesays.com\/no\/wp-json\/wp\/v2\/posts"}],"about":[{"href":"https:\/\/www.europesays.com\/no\/wp-json\/wp\/v2\/types\/post"}],"author":[{"embeddable":true,"href":"https:\/\/www.europesays.com\/no\/wp-json\/wp\/v2\/users\/2"}],"replies":[{"embeddable":true,"href":"https:\/\/www.europesays.com\/no\/wp-json\/wp\/v2\/comments?post=133711"}],"version-history":[{"count":0,"href":"https:\/\/www.europesays.com\/no\/wp-json\/wp\/v2\/posts\/133711\/revisions"}],"wp:featuredmedia":[{"embeddable":true,"href":"https:\/\/www.europesays.com\/no\/wp-json\/wp\/v2\/media\/133712"}],"wp:attachment":[{"href":"https:\/\/www.europesays.com\/no\/wp-json\/wp\/v2\/media?parent=133711"}],"wp:term":[{"taxonomy":"category","embeddable":true,"href":"https:\/\/www.europesays.com\/no\/wp-json\/wp\/v2\/categories?post=133711"},{"taxonomy":"post_tag","embeddable":true,"href":"https:\/\/www.europesays.com\/no\/wp-json\/wp\/v2\/tags?post=133711"}],"curies":[{"name":"wp","href":"https:\/\/api.w.org\/{rel}","templated":true}]}}