{"id":133713,"date":"2026-01-10T09:29:09","date_gmt":"2026-01-10T09:29:09","guid":{"rendered":"https:\/\/www.europesays.com\/no\/133713\/"},"modified":"2026-01-10T09:29:09","modified_gmt":"2026-01-10T09:29:09","slug":"darlig-samvittighet-gir-ikke-bedre-foreldre","status":"publish","type":"post","link":"https:\/\/www.europesays.com\/no\/133713\/","title":{"rendered":"D\u00e5rlig samvittighet gir ikke bedre foreldre"},"content":{"rendered":"\n<ul class=\"_list_o9xde_3 _list_64s2r_85 _unordered_o9xde_106 text-sans-m\">\n<li class=\"_item_o9xde_30\">Regjeringens nye skjermr\u00e5d skaper d\u00e5rlig samvittighet hos sm\u00e5barnsm\u00f8dre.<\/li>\n<li class=\"_item_o9xde_30\">R\u00e5dene inkluderer blant annet at skjerm ikke b\u00f8r brukes under amming og at barn under 13 \u00e5r ikke skal v\u00e6re p\u00e5 internett alene.<\/li>\n<li class=\"_item_o9xde_30\">VGs kommentator mener r\u00e5dene moraliserer og ikke tar hensyn til virkeligheten for familier.<\/li>\n<\/ul>\n<p>Vis mer <\/p>\n<p class=\"_paragraph_o9xde_4 _paragraph_xtcu6_10 layout-component text-serif-m layout-normal text-serif-m layout-padded\">Mange har skj\u00f8nt n\u00e5 at det var dumt \u00e5 gi sju\u00e5ringer Snapchat. Barn trenger ikke mer skjerm. De trenger mindre.<\/p>\n<p class=\"_paragraph_o9xde_4 _paragraph_xtcu6_10 layout-component text-serif-m layout-normal text-serif-m layout-padded\">Jeg synes det er fornuftig med en h\u00f8y aldersgrense i sosiale medier.<\/p>\n<p class=\"_paragraph_o9xde_4 _paragraph_xtcu6_10 layout-component text-serif-m layout-normal text-serif-m layout-padded\">Men n\u00e5r regjeringen n\u00e5 lanserer nye <a href=\"https:\/\/www.regjeringen.no\/no\/aktuelt\/anbefaler-redusert-skjermbruk-og-tilgang-til-smarttelefon-for-barn-og-unge\/id3145458\/\" class=\"_link_o9xde_39\" rel=\"nofollow noopener\" target=\"_blank\">skjermr\u00e5d, <\/a>lurer jeg p\u00e5 om det tipper over i moralisering? <\/p>\n<p><img alt=\"FOR LITE \u00d8YEKONTAKT? Regjeringen har kommet med nye skjermr\u00e5d.   Foto: Fred Greaves \/ Reuters \/ NTB\" class=\"_image_qp4xg_65 layout-component layout-normal\" data-fullscreen- data-track-element-type=\"Article image fullscreen\" data-track-name=\"ImageFullscreen\" decoding=\"async\" loading=\"lazy\" height=\"3731\" itemprop=\"image\"  src=\"https:\/\/www.europesays.com\/no\/wp-content\/uploads\/2026\/01\/2d161dbc-8920-4ee6-8363-446f9cc21de2.jpeg\"  style=\"object-position:0% 0%\" width=\"5425\"\/>FOR LITE \u00d8YEKONTAKT? Regjeringen har kommet med nye skjermr\u00e5d.   Foto: Fred Greaves \/ Reuters \/ NTB<\/p>\n<p class=\"_paragraph_o9xde_4 _paragraph_xtcu6_10 layout-component text-serif-m layout-normal text-serif-m layout-padded\">R\u00e5dene ser ut til \u00e5 handle mindre om dokumentert risiko og mer om hvordan de synes foreldre b\u00f8r v\u00e6re.<\/p>\n<p class=\"_paragraph_o9xde_4 _paragraph_xtcu6_10 layout-component text-serif-m layout-normal text-serif-m layout-padded\">For hva er faren for m\u00f8dre som ammer og ser p\u00e5 skjerm? <\/p>\n<p class=\"_paragraph_o9xde_4 _paragraph_xtcu6_10 layout-component text-serif-m layout-normal text-serif-m layout-padded\">Det vet ikke regjeringen helt. Likevel gis r\u00e5det.<\/p>\n<p class=\"_paragraph_o9xde_4 _paragraph_xtcu6_10 layout-component text-serif-m layout-normal text-serif-m layout-padded\">De vil v\u00e6re f\u00f8re-var.<\/p>\n<p><img alt=\"Foto: Roar Hagen \/ VG\" class=\"_image_qp4xg_65 layout-component layout-normal\" data-fullscreen- data-track-element-type=\"Article image fullscreen\" data-track-name=\"ImageFullscreen\" decoding=\"async\" loading=\"lazy\" height=\"2048\" itemprop=\"image\"  src=\"https:\/\/www.europesays.com\/no\/wp-content\/uploads\/2026\/01\/ef4e90b9-7cea-444c-8934-8d429ae54dc6.jpeg\"  style=\"object-position:0% 0%\" width=\"2732\"\/>Foto: Roar Hagen \/ VG<\/p>\n<p class=\"_paragraph_o9xde_4 _paragraph_xtcu6_10 layout-component text-serif-m layout-normal text-serif-m layout-padded\">Barn under 13 \u00e5r skal heller ikke v\u00e6re p\u00e5 internett alene, heter det i r\u00e5dene. Vi skal dernest ikke spise foran skjerm.<\/p>\n<p class=\"_paragraph_o9xde_4 _paragraph_xtcu6_10 layout-component text-serif-m layout-normal text-serif-m layout-padded\">\u2013 For et samfunn vi har blitt. Vi kan bedre enn dette, sa helseminister <a href=\"https:\/\/www.vg.no\/tag\/jan-christian-vestre?utm_source=vg-article&amp;utm_medium=auto-tagger&amp;utm_campaign=OkpRrw\" class=\"_link_o9xde_39\" rel=\"nofollow noopener\" target=\"_blank\">Jan Christian Vestre<\/a> om spisescrolling.<\/p>\n<p class=\"_paragraph_o9xde_4 _paragraph_xtcu6_10 layout-component text-serif-m layout-normal text-serif-m layout-padded\">Jeg vet ikke hvordan det var hjemme hos ham. Selv leste jeg stort sett alltid tegneserier til kveldsmaten som barn.<\/p>\n<p class=\"_paragraph_o9xde_4 _paragraph_xtcu6_10 layout-component text-serif-m layout-normal text-serif-m layout-padded\">Vi som vokste opp uten internett, kjedet oss ogs\u00e5 s\u00e5 mye at vi l\u00e6rte den finske setningen <a href=\"https:\/\/x.com\/Stillberg\/status\/1283313549197152256\" class=\"_link_o9xde_39\" rel=\"nofollow\">\u00abEi saa peitt\u00e4\u00e4\u00bb.<\/a> Det sto p\u00e5 panelovnene p\u00e5 badet, og betyr \u00abskal ikke tildekkes\u00bb. <\/p>\n<p class=\"_paragraph_o9xde_4 _paragraph_xtcu6_10 layout-component text-serif-m layout-normal text-serif-m layout-padded\">S\u00e5nt leste vi. Alt var alts\u00e5 ikke bedre f\u00f8r internett.<\/p>\n<p><img alt=\"AGGRESSIVE TJENESTER: Apper som TikTok er designet for \u00e5 f\u00e5 deg til \u00e5 bli v\u00e6rende s\u00e5 lenge som mulig.   Foto: Chris Young \/ Pa Photos \/ NTB\" class=\"_image_qp4xg_65 layout-component layout-normal\" data-fullscreen- data-track-element-type=\"Article image fullscreen\" data-track-name=\"ImageFullscreen\" decoding=\"async\" loading=\"lazy\" height=\"5336\" itemprop=\"image\"  src=\"https:\/\/www.europesays.com\/no\/wp-content\/uploads\/2026\/01\/d647f116-1a17-4930-a5de-aa574cae6e6c.png\"  style=\"object-position:0% 0%\" width=\"8003\"\/>AGGRESSIVE TJENESTER: Apper som TikTok er designet for \u00e5 f\u00e5 deg til \u00e5 bli v\u00e6rende s\u00e5 lenge som mulig.   Foto: Chris Young \/ Pa Photos \/ NTB<\/p>\n<p class=\"_paragraph_o9xde_4 _paragraph_xtcu6_10 layout-component text-serif-m layout-normal text-serif-m layout-padded\">Man kan ogs\u00e5 undre seg litt over hvor n\u00f8ye disse r\u00e5dene er testet mot virkeligheten. <\/p>\n<p class=\"_paragraph_o9xde_4 _paragraph_xtcu6_10 layout-component text-serif-m layout-normal text-serif-m layout-padded\">Amming kan foreg\u00e5 store deler av d\u00f8gnet. Ammende m\u00f8dre p\u00e5 1980-tallet leste b\u00f8ker, h\u00f8rte p\u00e5 radio og s\u00e5 p\u00e5 TV.<\/p>\n<p class=\"_paragraph_o9xde_4 _paragraph_xtcu6_10 layout-component text-serif-m layout-normal text-serif-m layout-padded\">Og r\u00e5det om at barn ikke skal v\u00e6re p\u00e5 internett alene, skj\u00f8nner regelmakerne egentlig hva det inneb\u00e6rer?<\/p>\n<p class=\"_paragraph_o9xde_4 _paragraph_xtcu6_10 layout-component text-serif-m layout-normal text-serif-m layout-padded\">Skal foreldre sitte og se p\u00e5 meningsl\u00f8s \u00abbrainrot\u00bb sammen med alle barna?<\/p>\n<p class=\"_paragraph_o9xde_4 _paragraph_xtcu6_10 layout-component text-serif-m layout-normal text-serif-m layout-padded\">Mye av innholdet barn liker, er nettopp laget for \u00e5 v\u00e6re uforst\u00e5elig for voksne. Det er poenget at vi ikke fatter noe av det. N\u00e5r l\u00e6rere over hele landet begynner \u00e5 si \u00ab6\u20137\u00bb, er fenomenet allerede d\u00f8dt.  <\/p>\n<p class=\"_paragraph_o9xde_4 _paragraph_xtcu6_10 layout-component text-serif-m layout-normal text-serif-m layout-padded\">Det er bra at foreldre f\u00f8lger med og engasjerer seg. Men hele tiden? <\/p>\n<p><img alt=\"ALLTID MED: Regjeringen jobber ogs\u00e5 med aldersgrenser for sosiale medier, som Australia nylig har innf\u00f8rt.   Foto: Torstein Norum Bugge \/ Tek\" class=\"_image_qp4xg_65 layout-component layout-normal\" data-fullscreen- data-track-element-type=\"Article image fullscreen\" data-track-name=\"ImageFullscreen\" decoding=\"async\" loading=\"lazy\" height=\"2791\" itemprop=\"image\"  src=\"https:\/\/www.europesays.com\/no\/wp-content\/uploads\/2026\/01\/1659ebde-6b65-4a1e-b6af-441a917ef0d8.jpeg\"  style=\"object-position:0% 0%\" width=\"4961\"\/>ALLTID MED: Regjeringen jobber ogs\u00e5 med aldersgrenser for sosiale medier, som Australia nylig har innf\u00f8rt.   Foto: Torstein Norum Bugge \/ Tek<\/p>\n<p class=\"_paragraph_o9xde_4 _paragraph_xtcu6_10 layout-component text-serif-m layout-normal text-serif-m layout-padded\">Det minner litt om kostr\u00e5dene om \u00e5 spise belgfrukter og brokkoli. Riktig, men vanskelig \u00e5 f\u00f8lge i praksis.<\/p>\n<p class=\"_paragraph_o9xde_4 _paragraph_xtcu6_10 layout-component text-serif-m layout-normal text-serif-m layout-padded\">Hva med familier med mange barn, skiftarbeid eller aleneansvar? Her f\u00e5r de enda en arena der de kan f\u00f8le seg som d\u00e5rlige foreldre.<\/p>\n<p class=\"_paragraph_o9xde_4 _paragraph_xtcu6_10 layout-component text-serif-m layout-normal text-serif-m layout-padded\">N\u00e5r hverdagen best\u00e5r av sen henting, mat i bilen p\u00e5 vei til trening og tr\u00f8tte barn, kan ogs\u00e5 r\u00e5det som lyder \u00abikke bruk skjerm som tr\u00f8st eller for \u00e5 avlede barn fra negative f\u00f8lelser\u00bb fort oppleves som mer prektig enn hjelpsomt.<\/p>\n<p><img alt=\"MOBILFRI SONE: Amming.   Foto: Frank May \/ NTB\" class=\"_image_qp4xg_65 layout-component layout-normal\" data-fullscreen- data-track-element-type=\"Article image fullscreen\" data-track-name=\"ImageFullscreen\" decoding=\"async\" loading=\"lazy\" height=\"4032\" itemprop=\"image\"  src=\"https:\/\/www.europesays.com\/no\/wp-content\/uploads\/2026\/01\/45363c75-5269-4304-9819-50614ef1049c.jpeg\"  style=\"object-position:0% 0%\" width=\"6048\"\/>MOBILFRI SONE: Amming.   Foto: Frank May \/ NTB<\/p>\n<p class=\"_paragraph_o9xde_4 _paragraph_xtcu6_10 layout-component text-serif-m layout-normal text-serif-m layout-padded\">Dessuten er ikke skjerm bare skjerm. Det kommer an p\u00e5 hva som er p\u00e5 den.<\/p>\n<p class=\"_paragraph_o9xde_4 _paragraph_xtcu6_10 layout-component text-serif-m layout-normal text-serif-m layout-padded\">Med en s\u00e5 kort skjermtid, blir det ikke tid til \u00e5 se film. En videosamtale med besteforeldre kan sprenge grensene. En lydbok og. <\/p>\n<p class=\"_paragraph_o9xde_4 _paragraph_xtcu6_10 layout-component text-serif-m layout-normal text-serif-m layout-padded\">Det finnes mye bra p\u00e5 skjerm. Barn l\u00e6rer \u00e5 tegne digitalt, spille instrumenter eller pugge gloser p\u00e5 nett.<\/p>\n<p><img alt=\"BARN OG SKJERM: Regjeringen mener barn under 2 \u00e5r b\u00f8r unng\u00e5 skjerm helt, og voksne som er sammen med dem b\u00f8r begrense bruken.   Foto: Claudio Bresciani \/ TT \/ TT NYHETSBYR\u00c5N\" class=\"_image_qp4xg_65 layout-component layout-normal\" data-fullscreen- data-track-element-type=\"Article image fullscreen\" data-track-name=\"ImageFullscreen\" decoding=\"async\" loading=\"lazy\" height=\"4809\" itemprop=\"image\"  src=\"https:\/\/www.europesays.com\/no\/wp-content\/uploads\/2026\/01\/9c59aa17-bbf5-4d17-bb9d-4289789d114f.jpeg\"  style=\"object-position:0% 0%\" width=\"3390\"\/>BARN OG SKJERM: Regjeringen mener barn under 2 \u00e5r b\u00f8r unng\u00e5 skjerm helt, og voksne som er sammen med dem b\u00f8r begrense bruken.   Foto: Claudio Bresciani \/ TT \/ TT NYHETSBYR\u00c5N<\/p>\n<p class=\"_paragraph_o9xde_4 _paragraph_xtcu6_10 layout-component text-serif-m layout-normal text-serif-m layout-padded\">Samtidig er det \u00e5penbart mye grotesk innhold som techgigantene for lengst burde f\u00e5tt vekk: Vold, porno, hets og misbruk. Det finnes spillplattformer der pedofile oppholder seg, og algoritmer som systematisk bel\u00f8nner mest mulig bruk og avhengighet. <\/p>\n<p class=\"_paragraph_o9xde_4 _paragraph_xtcu6_10 layout-component text-serif-m layout-normal text-serif-m layout-padded\">Her er det faktisk grunn til moralisering. Men den b\u00f8r f\u00f8rst og fremst rettes oppover, mot teknologiplattformene, og ikke mot foreldrene.<\/p>\n<p class=\"_paragraph_o9xde_4 _paragraph_xtcu6_10 layout-component text-serif-m layout-normal text-serif-m layout-padded\">Likevel elsker vi \u00e5 rakke ned p\u00e5 hverandres skjermbruk. Og det er ofte m\u00f8drene som f\u00e5r gjennomg\u00e5. I kommentarfeltene henges sm\u00e5barnsm\u00f8dre ut for \u00e5 se p\u00e5 mobilen mens barna ligger i vognene.<\/p>\n<p class=\"_paragraph_o9xde_4 _paragraph_xtcu6_10 layout-component text-serif-m layout-normal text-serif-m layout-padded\">Da jeg leste den skjermkritiske boken \u00abSkjerm barna\u00bb av forfatter Maja Lunde, slo det meg hvor mye av debatten som handler om d\u00e5rlig samvittighet. Hun har rett i at vi b\u00f8r begrense oss. Men all denne selvpiskingen?<\/p>\n<p class=\"_paragraph_o9xde_4 _paragraph_xtcu6_10 layout-component text-serif-m layout-normal text-serif-m layout-padded\">Husm\u00f8dre p\u00e5 1950-tallet var mindre sammen med barna sine enn foreldre er i dag, til tross for at de ikke hadde l\u00f8nnsarbeid. Barna ble ikke konstant underholdt. Det var husarbeid som gjaldt.<\/p>\n<p class=\"_paragraph_o9xde_4 _paragraph_xtcu6_10 layout-component text-serif-m layout-normal text-serif-m layout-padded\">Hvis du har to timer skjermtid og to timer d\u00e5rlig samvittighet, er det mulig at samvittighetskvalene er blitt et like stort problem som skjermen.<\/p>\n<p class=\"_paragraph_o9xde_4 _paragraph_xtcu6_10 layout-component text-serif-m layout-normal text-serif-m layout-padded\">Skjermene er kommet for \u00e5 bli.<\/p>\n<p class=\"_paragraph_o9xde_4 _paragraph_xtcu6_10 layout-component text-serif-m layout-normal text-serif-m layout-padded\">Det er ikke sikkert barndommen reddes av at mor legger vekk mobilen.<\/p>\n<p class=\"_paragraph_o9xde_4 _paragraph_xtcu6_10 layout-component text-serif-m layout-normal text-serif-m layout-padded\">Den blir i alle fall ikke bedre av enda mer d\u00e5rlig samvittighet.<\/p>\n<p>Les ogs\u00e5<br \/>\n   Dette er en kommentar. Kommentaren gir uttrykk for skribentens holdning. <\/p>\n","protected":false},"excerpt":{"rendered":"Regjeringens nye skjermr\u00e5d skaper d\u00e5rlig samvittighet hos sm\u00e5barnsm\u00f8dre. R\u00e5dene inkluderer blant annet at skjerm ikke b\u00f8r brukes under&hellip;\n","protected":false},"author":2,"featured_media":133714,"comment_status":"","ping_status":"","sticky":false,"template":"","format":"standard","meta":{"footnotes":""},"categories":[5],"tags":[20,21,24,25,15,19,1511,22,23,17,18,13,30,28,29,14,16,5352,26,27,103],"class_list":{"0":"post-133713","1":"post","2":"type-post","3":"status-publish","4":"format-standard","5":"has-post-thumbnail","7":"category-overskrifter","8":"tag-breaking-news","9":"tag-breakingnews","10":"tag-featured-news","11":"tag-featurednews","12":"tag-headlines","13":"tag-hovedoppslag","14":"tag-jan-christian-vestre","15":"tag-latest-news","16":"tag-latestnews","17":"tag-main-news","18":"tag-mainnews","19":"tag-news","20":"tag-no","21":"tag-norge","22":"tag-norway","23":"tag-nyheter","24":"tag-overskrifter","25":"tag-skjerm","26":"tag-top-stories","27":"tag-topstories","28":"tag-vgmeninger"},"share_on_mastodon":{"url":"https:\/\/pubeurope.com\/@no\/115870103228323474","error":""},"_links":{"self":[{"href":"https:\/\/www.europesays.com\/no\/wp-json\/wp\/v2\/posts\/133713","targetHints":{"allow":["GET"]}}],"collection":[{"href":"https:\/\/www.europesays.com\/no\/wp-json\/wp\/v2\/posts"}],"about":[{"href":"https:\/\/www.europesays.com\/no\/wp-json\/wp\/v2\/types\/post"}],"author":[{"embeddable":true,"href":"https:\/\/www.europesays.com\/no\/wp-json\/wp\/v2\/users\/2"}],"replies":[{"embeddable":true,"href":"https:\/\/www.europesays.com\/no\/wp-json\/wp\/v2\/comments?post=133713"}],"version-history":[{"count":0,"href":"https:\/\/www.europesays.com\/no\/wp-json\/wp\/v2\/posts\/133713\/revisions"}],"wp:featuredmedia":[{"embeddable":true,"href":"https:\/\/www.europesays.com\/no\/wp-json\/wp\/v2\/media\/133714"}],"wp:attachment":[{"href":"https:\/\/www.europesays.com\/no\/wp-json\/wp\/v2\/media?parent=133713"}],"wp:term":[{"taxonomy":"category","embeddable":true,"href":"https:\/\/www.europesays.com\/no\/wp-json\/wp\/v2\/categories?post=133713"},{"taxonomy":"post_tag","embeddable":true,"href":"https:\/\/www.europesays.com\/no\/wp-json\/wp\/v2\/tags?post=133713"}],"curies":[{"name":"wp","href":"https:\/\/api.w.org\/{rel}","templated":true}]}}