{"id":133715,"date":"2026-01-10T09:34:12","date_gmt":"2026-01-10T09:34:12","guid":{"rendered":"https:\/\/www.europesays.com\/no\/133715\/"},"modified":"2026-01-10T09:34:12","modified_gmt":"2026-01-10T09:34:12","slug":"skal-ha-skutt-ned-drone","status":"publish","type":"post","link":"https:\/\/www.europesays.com\/no\/133715\/","title":{"rendered":"Skal ha skutt ned drone"},"content":{"rendered":"<p class=\"kicker \" style=\"\">Vekker reaksjoner:<\/p>\n<p>    Engelsk kommentator: &#8211; Ole Gunnar Solskj\u00e6r er det siste Manchester United trenger.<\/p>\n<p>\n    ST\u00c5R KLAR: Ole Gunnar Solskj\u00e6r har hus b\u00e5de i Manchester og Kristiansund. Han kan rykke inn i Manchester United p\u00e5 dagen. Foto: NTB\n  <\/p>\n<p>MANCHESTER \/ OSLO (Dagbladet): Ole Gunnar Solskj\u00e6r (52) skal if\u00f8lge engelske medier m\u00f8te klubbtoppene i Manchester United l\u00f8rdag.\u00a0<\/p>\n<p>Tid eller sted for m\u00f8tet er ikke kjent. Men Dagbladets journalist, Christian Monge Hugsted, er p\u00e5 plass utenfor treningsanlegget Carrington.<\/p>\n<p>&#8211; Rundt to plussgrader og sol fram til klokka 14.00, melder han.<\/p>\n<p>        <img loading=\"lazy\" decoding=\"async\" src=\"https:\/\/www.europesays.com\/no\/wp-content\/uploads\/2026\/01\/84080730.webp.webp\" width=\"667\" height=\"441\" title=\"P\u00c5 PLASS I MANCHESTER: Christian Monge Hugsted. Foto: John T. Pedersen \/ Dagbladet\" alt=\"\" class=\"\" style=\"--aspect-ratio-image: 1.51; \"\/><\/p>\n<p>\n        P\u00c5 PLASS I MANCHESTER: Christian Monge Hugsted. Foto: John T. Pedersen \/ Dagbladet\n    <\/p>\n<p>Utgangspunktet for samtalene er Solskj\u00e6rs kandidatur som midlertidig manager ut sesongen. Journalist og Solskj\u00e6r-venn, Andy Mitten, bekrefter at 52-\u00e5ringen fikk en telefon fra United tirsdag morgen.\u00a0<\/p>\n<p>&#8211; De \u00f8nsket \u00e5 forh\u00f8re seg om han var interessert i \u00e5 komme tilbake til klubben. Det var han, forteller Mitten i <a href=\"https:\/\/www.thenationalnews.com\/sport\/football\/2026\/01\/07\/mitten-in-morocco-day-2-call-to-prayer-call-from-solskjaer-a-morning-of-chaos-on-the-journey-to-rabat\/\" rel=\"nofollow noopener\" target=\"_blank\">The National<\/a>.<\/p>\n<p>Nordmannen ble angivelig kontaktet under 24 timer etter at R\u00faben Amorim fikk sparken mandag. <\/p>\n<p>        <img loading=\"lazy\" decoding=\"async\" src=\"https:\/\/www.europesays.com\/no\/wp-content\/uploads\/2026\/01\/84080737.webp.webp\" width=\"667\" height=\"861\" title=\"I OVERSKRIFTENE: - Ole Gunnar Solskj\u00e6r er det siste Manchester United trenger, skriver The Daily Telegraph l\u00f8rdag.\" alt=\"\" class=\"\" style=\"--aspect-ratio-image: 0.77; \"\/><\/p>\n<p>\n        I OVERSKRIFTENE: &#8211; Ole Gunnar Solskj\u00e6r er det siste Manchester United trenger, skriver The Daily Telegraph l\u00f8rdag.\n    <\/p>\n<p>Men ikke alle er begeistret for et mulig Solskj\u00e6r-comeback i Manchester United. Et sveip i engelske l\u00f8rdagsaviser tyder p\u00e5 at skepsisen er stor.<\/p>\n<p>&#8211; Ole Gunnar Solskj\u00e6r er det siste Manchester United trenger, lyder den n\u00e5del\u00f8se beskjeden i The Daily Telegraph.<\/p>\n<p>&#8211; Den f\u00f8rste perioden i klubben endte med at supporterne buet p\u00e5 ham. \u00c5 bringe ham tilbake vil v\u00e6re Jim Ratcliffes siste selvm\u00e5l, sier kommentator James Ducker og sikter til United-eieren.<\/p>\n<p>        Ole Gunnar Solskj\u00e6r og Michael Carrick er de to heteste kandidatene til \u00e5 ta over storklubben Manchester United. Hvem det blir er usikkert. Video: NTB, Monge\/Pedersen\/S\u00f8r\u00f8 Olsen<\/p>\n<p>Ducker mener Solskj\u00e6r ikke var sterk nok i den forrige perioden som manager fra 2018 til 2021. Omkvedet er at han ikke kvittet seg med spillere som ikke holdt niv\u00e5.<\/p>\n<p>Ducker melder:<\/p>\n<p>&#8211; Det siste de trenger er et nytt tilbakeslag ved \u00e5 hente en mann som allerede har feilet \u00e9n gang og etterlatt klubben i t\u00e5rer. (..) Solskj\u00e6r elsker United. Og det er ingen tvil om at han er en god mann. Men hvorfor skulle Ratcliffe, fotballdirekt\u00f8r Jason Wilcox og administrerende direkt\u00f8r Omar Berrada vurdere \u00e5 \u00e5pne gamle s\u00e5r ved \u00e5 hente ham tilbake? Det har allerede v\u00e6rt nok selvm\u00e5l gjort av klubben.<\/p>\n<p>        <img loading=\"lazy\" decoding=\"async\" src=\"https:\/\/www.europesays.com\/no\/wp-content\/uploads\/2026\/01\/84080741.webp.webp\" width=\"667\" height=\"394\" title=\"FIKK SPARKEN: Ole Gunnar Solskj\u00e6r lusket ut av Premier League med halen mellom beina sist han var manager i Manchester United. \u00c5ret var 2021. N\u00e5 kan han komme til \u00e5 gj\u00f8re et sensasjonelt comeback. Foto: NTB\" alt=\"\" class=\"\" style=\"--aspect-ratio-image: 1.69; \"\/><\/p>\n<p>\n        FIKK SPARKEN: Ole Gunnar Solskj\u00e6r lusket ut av Premier League med halen mellom beina sist han var manager i Manchester United. \u00c5ret var 2021. N\u00e5 kan han komme til \u00e5 gj\u00f8re et sensasjonelt comeback. Foto: NTB\n    <\/p>\n<p>Heller ikke storavisa The Sun virker \u00e5 v\u00e6re begeistret for Solskj\u00e6r. Avisa har erstattet journalist Neil Custis med Samuel Luckhurst. Mens ringreven Custis hadde sansen for Solskj\u00e6r, framst\u00e5r Luckhurst langt mer oppr\u00f8rsk mot nordmannen.<\/p>\n<p>&#8211; Har de (klubbledelsen) sett hvor meningsl\u00f8s andreplassen og bortestatistikken var i sesongen 2020\/2021? Det var ikke publikum p\u00e5 stadionene (covid). Har de ogs\u00e5 sett p\u00e5 hvor amat\u00f8rmessig taktikken til United var i de siste m\u00e5nedene under Ole? De siste fem Premier League-kampene endte med 2-4, 0-5, 3-0, 0-2 og 1-4.<\/p>\n<p>    <a itemprop=\"url\" href=\"https:\/\/www.dagbladet.no\/sport\/medier-motes-ansikt-til-ansikt\/84079727\" rel=\"nofollow noopener\" target=\"_blank\"><\/p>\n<p>        <img loading=\"lazy\" decoding=\"async\" src=\"https:\/\/www.europesays.com\/no\/wp-content\/uploads\/2026\/01\/84079771.webp.webp\" width=\"980\" height=\"441\" title=\"Medier: M\u00f8tes ansikt til ansikt\" alt=\"\" class=\"lazyload\" style=\"--aspect-ratio-image: 2.22; \"\/><\/p>\n<p>        Medier: M\u00f8tes ansikt til ansikt<\/p>\n<p>    <\/a><\/p>\n<p>Solskj\u00e6r skal v\u00e6re i et race med Darren Fletcher og Michael Carrick om den midlertidige jobben.<\/p>\n<p>Etter fotball-VM til sommeren kan st\u00f8rre kananoner v\u00e6re p\u00e5 markedet. I engelske medier snakkes det om b\u00e5de Thomas Tuchel (England), Carlo Ancelotti (Brasil) og Mauricio Pochettino (USA).<\/p>\n<p>Manchester United m\u00f8ter Brighton i FA-cupens tredje runde s\u00f8ndag. Kampstart: Klokka 17.30.<\/p>\n","protected":false},"excerpt":{"rendered":"Vekker reaksjoner: Engelsk kommentator: &#8211; Ole Gunnar Solskj\u00e6r er det siste Manchester United trenger. ST\u00c5R KLAR: Ole Gunnar&hellip;\n","protected":false},"author":2,"featured_media":133716,"comment_status":"","ping_status":"","sticky":false,"template":"","format":"standard","meta":{"footnotes":""},"categories":[12],"tags":[20,21,24,25,15,2539,22,23,13,30,28,29,14,16,26,27,42,43,44,45],"class_list":{"0":"post-133715","1":"post","2":"type-post","3":"status-publish","4":"format-standard","5":"has-post-thumbnail","7":"category-verden","8":"tag-breaking-news","9":"tag-breakingnews","10":"tag-featured-news","11":"tag-featurednews","12":"tag-headlines","13":"tag-innenriks","14":"tag-latest-news","15":"tag-latestnews","16":"tag-news","17":"tag-no","18":"tag-norge","19":"tag-norway","20":"tag-nyheter","21":"tag-overskrifter","22":"tag-top-stories","23":"tag-topstories","24":"tag-verden","25":"tag-world","26":"tag-world-news","27":"tag-worldnews"},"share_on_mastodon":{"url":"https:\/\/pubeurope.com\/@no\/115870123149421401","error":""},"_links":{"self":[{"href":"https:\/\/www.europesays.com\/no\/wp-json\/wp\/v2\/posts\/133715","targetHints":{"allow":["GET"]}}],"collection":[{"href":"https:\/\/www.europesays.com\/no\/wp-json\/wp\/v2\/posts"}],"about":[{"href":"https:\/\/www.europesays.com\/no\/wp-json\/wp\/v2\/types\/post"}],"author":[{"embeddable":true,"href":"https:\/\/www.europesays.com\/no\/wp-json\/wp\/v2\/users\/2"}],"replies":[{"embeddable":true,"href":"https:\/\/www.europesays.com\/no\/wp-json\/wp\/v2\/comments?post=133715"}],"version-history":[{"count":0,"href":"https:\/\/www.europesays.com\/no\/wp-json\/wp\/v2\/posts\/133715\/revisions"}],"wp:featuredmedia":[{"embeddable":true,"href":"https:\/\/www.europesays.com\/no\/wp-json\/wp\/v2\/media\/133716"}],"wp:attachment":[{"href":"https:\/\/www.europesays.com\/no\/wp-json\/wp\/v2\/media?parent=133715"}],"wp:term":[{"taxonomy":"category","embeddable":true,"href":"https:\/\/www.europesays.com\/no\/wp-json\/wp\/v2\/categories?post=133715"},{"taxonomy":"post_tag","embeddable":true,"href":"https:\/\/www.europesays.com\/no\/wp-json\/wp\/v2\/tags?post=133715"}],"curies":[{"name":"wp","href":"https:\/\/api.w.org\/{rel}","templated":true}]}}