{"id":133721,"date":"2026-01-10T09:41:13","date_gmt":"2026-01-10T09:41:13","guid":{"rendered":"https:\/\/www.europesays.com\/no\/133721\/"},"modified":"2026-01-10T09:41:13","modified_gmt":"2026-01-10T09:41:13","slug":"viser-frem-gave-under-oljemote","status":"publish","type":"post","link":"https:\/\/www.europesays.com\/no\/133721\/","title":{"rendered":"Viser frem gave under oljem\u00f8te"},"content":{"rendered":"<p> Fredag hadde USAs president Donald Trump et m\u00f8te i Det hvite hus, med toppledere innen oljebransjen. <\/p>\n<p>Under m\u00f8tet benyttet han anledningen til \u00e5 vise frem hans nye jakkeslagsn\u00e5l:<\/p>\n<p>\u2013 Noen ga meg denne. Vet du hva det der? Den kalles en \u00abHappy Trump\u00bb, sa presidenten under m\u00f8tet, <a href=\"https:\/\/apnews.com\/article\/trump-lapel-pin-happy-obama-biden-5e7643ce3448c0fdd2a98324218693eb\" target=\"_self\" rel=\"nofollow noopener\">if\u00f8lge AP<\/a>.<\/p>\n<p>\u2013 Aldri glad\u00a0<\/p>\n<p> N\u00e5len viser Trump med et tegneserieaktig stort hode. Presidenten sa ikke hvem som hadde gitt han den. <\/p>\n<p>Det er godt han har en \u00abHappy Trump\u00bb, fordi presidenten sier at han aldri er glad selv.<\/p>\n<p>\u2013 Med tanke p\u00e5 at jeg aldri er glad, jeg er aldri forn\u00f8yd, sa Trump mens han s\u00e5 ned p\u00e5 n\u00e5len f\u00f8r han s\u00e5 tilbake p\u00e5 journalistene med et lurt smil, if\u00f8lge AP.<\/p>\n<p>\u2013 Jeg blir ikke forn\u00f8yd f\u00f8r vi gj\u00f8r \u00abAmerica great again\u00bb, men vi n\u00e6rmer oss, sa han.\u00a0<\/p>\n<p>        <img class=\"image__img lazyload\" itemprop=\"image\" title=\"Foto: Alex Brandon \/ AP \/ NTB\" alt=\" Foto: Alex Brandon \/ AP \/ NTB\" width=\"675\" height=\"379\" bad-src=\"https:\/\/www.europesays.com\/no\/wp-content\/uploads\/2026\/01\/18450423.webp.jpeg\" fetchpriority=\"auto\" \/><\/p>\n<p>         Foto: Alex Brandon \/ AP \/ NTB<\/p>\n<p>N\u00e5len har blitt et popul\u00e6rt tema p\u00e5 sosiale medier. Mange syns det var komisk og \u00f8nsker seg sin egen \u00abHappy Trump\u00bb.\u00a0<\/p>\n<p>Bakteppet for m\u00f8tet med olje-lederne var derimot langt mer alvorlig.\u00a0<\/p>\n<p>Vil ha Venezuelas olje\u00a0<\/p>\n<p>Trump hadde invitert lederne fra noen av verdens st\u00f8rste oljeselskaper for \u00e5 diskutere venezuelansk olje.\u00a0<\/p>\n<p><a href=\"https:\/\/edition.cnn.com\/2026\/01\/09\/politics\/oil-executives-venezuela-white-house\" rel=\"nofollow noopener\" target=\"_blank\">CNN skriver<\/a> at Trump ble m\u00f8tt av skeptiske ledere, som peker p\u00e5 flere problemer med ved \u00e5 satse p\u00e5 olje i Venezuela.\u00a0<\/p>\n<p>Norske Equinor trakk seg ut av Venezuela i 2021, og sjefen har nylig sagt at det ikke er aktuelt \u00e5 vende tilbake.\u00a0<\/p>\n<p>Konsernsjef Anders Opedal <a href=\"https:\/\/www.tv2.no\/direkte\/jpybz\/siste-nytt\/695e323303a9a34c16debdbc\/equinorsjefen-har-ingen-planer-om-a-vende-tilbake-til-venezuela\" rel=\"nofollow noopener\" target=\"_blank\">sa tidligere denne uken at det er kostbart<\/a> og tidkrevende \u00e5 utvinne olje i Venezuela.\u00a0<\/p>\n<p>      <img class=\"image__img lazyload\" itemprop=\"image\" title=\"Foto: Evan Vucci \/ AP \/ NTB\" alt=\"Matt Sheehy ved Tallgrass Energy snakker med Harold Hamm ved Continental Resources. Maryann Mannon ved Marathon Petroleum og Josu Jon Imaz ved Repsol lytter til Trump. Foto: Evan Vucci \/ AP \/ NTB\" width=\"978\" height=\"653\" bad-src=\"https:\/\/www.europesays.com\/no\/wp-content\/uploads\/2026\/01\/18450445.webp.jpeg\" fetchpriority=\"auto\" \/><\/p>\n<p>      Matt Sheehy ved Tallgrass Energy snakker med Harold Hamm ved Continental Resources. Maryann Mannon ved Marathon Petroleum og Josu Jon Imaz ved Repsol lytter til Trump.<br \/>\n         Foto: Evan Vucci \/ AP \/ NTB<\/p>\n<p>      <img class=\"image__img lazyload\" itemprop=\"image\" title=\"Foto: Evan Vucci \/ AP \/ NTB\" alt=\"Ben Marshall ved Vitol Americas snakker med Wael Sawan ved Shell. Foto: Evan Vucci \/ AP \/ NTB\" width=\"675\" height=\"520\" bad-src=\"https:\/\/www.europesays.com\/no\/wp-content\/uploads\/2026\/01\/18450446.webp.jpeg\" fetchpriority=\"auto\" \/><\/p>\n<p>      Ben Marshall ved Vitol Americas snakker med Wael Sawan ved Shell.<br \/>\n         Foto: Evan Vucci \/ AP \/ NTB<\/p>\n<p>      <img class=\"image__img lazyload\" itemprop=\"image\" title=\"Foto: Evan Vucci \/ AP \/ NTB\" alt=\"Bill Armstrong administrerende direkt\u00f8r for Armstrong Oil and Gas. Foto: Evan Vucci \/ AP \/ NTB\" width=\"978\" height=\"652\" bad-src=\"https:\/\/www.europesays.com\/no\/wp-content\/uploads\/2026\/01\/18450451.webp.jpeg\" fetchpriority=\"auto\" \/><\/p>\n<p>      Bill Armstrong administrerende direkt\u00f8r for Armstrong Oil and Gas.<br \/>\n         Foto: Evan Vucci \/ AP \/ NTB<\/p>\n<p>      <img class=\"image__img lazyload\" itemprop=\"image\" title=\"Foto: Evan Vucci \/ AP \/ NTB\" alt=\"Ross Perot ved HKN Energy snakker, mens Wael Sawan ved Shell og Claudio Descalzi ved Eni h\u00f8rer p\u00e5. Foto: Evan Vucci \/ AP \/ NTB\" width=\"978\" height=\"652\" bad-src=\"https:\/\/www.europesays.com\/no\/wp-content\/uploads\/2026\/01\/18450452.webp.jpeg\" fetchpriority=\"auto\" \/><\/p>\n<p>      Ross Perot ved HKN Energy snakker, mens Wael Sawan ved Shell og Claudio Descalzi ved Eni h\u00f8rer p\u00e5.<br \/>\n         Foto: Evan Vucci \/ AP \/ NTB<\/p>\n<p>USA gikk forrige uke til angrep p\u00e5 Venezuela, og p\u00e5grep landets president Nicol\u00e1s Maduro og hans kone.\u00a0<\/p>\n<p>Maduro vil bli stilt for retten i New York, blant annet tiltalt for terror.\u00a0<\/p>\n<p>I tillegg har USA innf\u00f8rt en blokade av venezuelansk olje. Flere oljetankere har blitt stanset av USA, mistenkt for \u00e5 frakte olje fra Venezuela.<\/p>\n<p>Trump hevder at USA skal styre Venezuela og ha kontroll over landets oljereserve, som er verdens st\u00f8rste.\u00a0<\/p>\n<p>Forel\u00f8pig ser det ikke ut som USA har f\u00f8rt til noen endring i Venezuela. Fortsatt er det regimet som har styringen.\u00a0<\/p>\n","protected":false},"excerpt":{"rendered":"Fredag hadde USAs president Donald Trump et m\u00f8te i Det hvite hus, med toppledere innen oljebransjen. Under m\u00f8tet&hellip;\n","protected":false},"author":2,"featured_media":133722,"comment_status":"","ping_status":"","sticky":false,"template":"","format":"standard","meta":{"footnotes":""},"categories":[12],"tags":[20,21,24,25,15,22,23,13,30,28,29,14,16,26,27,42,43,44,45],"class_list":{"0":"post-133721","1":"post","2":"type-post","3":"status-publish","4":"format-standard","5":"has-post-thumbnail","7":"category-verden","8":"tag-breaking-news","9":"tag-breakingnews","10":"tag-featured-news","11":"tag-featurednews","12":"tag-headlines","13":"tag-latest-news","14":"tag-latestnews","15":"tag-news","16":"tag-no","17":"tag-norge","18":"tag-norway","19":"tag-nyheter","20":"tag-overskrifter","21":"tag-top-stories","22":"tag-topstories","23":"tag-verden","24":"tag-world","25":"tag-world-news","26":"tag-worldnews"},"share_on_mastodon":{"url":"https:\/\/pubeurope.com\/@no\/115870150467959380","error":""},"_links":{"self":[{"href":"https:\/\/www.europesays.com\/no\/wp-json\/wp\/v2\/posts\/133721","targetHints":{"allow":["GET"]}}],"collection":[{"href":"https:\/\/www.europesays.com\/no\/wp-json\/wp\/v2\/posts"}],"about":[{"href":"https:\/\/www.europesays.com\/no\/wp-json\/wp\/v2\/types\/post"}],"author":[{"embeddable":true,"href":"https:\/\/www.europesays.com\/no\/wp-json\/wp\/v2\/users\/2"}],"replies":[{"embeddable":true,"href":"https:\/\/www.europesays.com\/no\/wp-json\/wp\/v2\/comments?post=133721"}],"version-history":[{"count":0,"href":"https:\/\/www.europesays.com\/no\/wp-json\/wp\/v2\/posts\/133721\/revisions"}],"wp:featuredmedia":[{"embeddable":true,"href":"https:\/\/www.europesays.com\/no\/wp-json\/wp\/v2\/media\/133722"}],"wp:attachment":[{"href":"https:\/\/www.europesays.com\/no\/wp-json\/wp\/v2\/media?parent=133721"}],"wp:term":[{"taxonomy":"category","embeddable":true,"href":"https:\/\/www.europesays.com\/no\/wp-json\/wp\/v2\/categories?post=133721"},{"taxonomy":"post_tag","embeddable":true,"href":"https:\/\/www.europesays.com\/no\/wp-json\/wp\/v2\/tags?post=133721"}],"curies":[{"name":"wp","href":"https:\/\/api.w.org\/{rel}","templated":true}]}}