{"id":133729,"date":"2026-01-10T09:59:15","date_gmt":"2026-01-10T09:59:15","guid":{"rendered":"https:\/\/www.europesays.com\/no\/133729\/"},"modified":"2026-01-10T09:59:15","modified_gmt":"2026-01-10T09:59:15","slug":"aret-med-frihet-og-utfordringer","status":"publish","type":"post","link":"https:\/\/www.europesays.com\/no\/133729\/","title":{"rendered":"\u00c5ret med frihet og utfordringer"},"content":{"rendered":"<p class=\"kicker t20 bg-yellow color_mobile_bg-yellow hasTextPadding mobile-hasTextPadding\" style=\"\">\u00c5rshoroskop for 2026<\/p>\n<p>    Nok en gang har klarsynte Anne-Marie lagt tarot-horoskopet for et utvalg kongelige og norske kjendiser.<\/p>\n<p>\n    NETFLIX-SUKSESS:<br \/>\nSist h\u00f8st hadde dokumentaren<br \/>\nom M\u00e4rtha og Dureks kj\u00e6rlighetshistorie, \u00abRebel Royals\u00bb,<br \/>\npremiere p\u00e5 Netflix. Her fikk vi<br \/>\nkomme tett p\u00e5 paret. N\u00e5 har<br \/>\nklarsynte Anne-Marie \u00d8sters\u00f8<br \/>\nsett hvordan 2026 blir. Foto: Netflix\n  <\/p>\n<p class=\"bg-red color_mobile_bg-red\" data-lab-text_background_color=\"bg-red\">Prinsesse M\u00e4rtha Louise, 22. september 1971 &#8211; Durek Verrett, 17. november 1974<\/p>\n<p>Nok en gang har jeg f\u00e5tt legge Tarot-kortene for prinsesse M\u00e4rtha Louise og hennes partner. Og kortene forteller meg at dette blir et \u00e5r med mange nyanser for dem. Durek g\u00e5r inn i Eneboerens \u00e5r, og kan f\u00f8le seg alene med mange tanker og utfordringer. M\u00e4rtha befinner seg i sitt Engle\u00e5r, og vil trolig ha stort fokus p\u00e5 videre utvikling innenfor det spirituelle.<\/p>\n<p>Som alle \u00e5r har dette b\u00e5de gode og krevende sider \u2013 og M\u00e4rtha m\u00e5 passe p\u00e5 \u00e5 ikke alltid v\u00e6re den som gir. Hun m\u00e5 begynne \u00e5 stille krav og sette grenser. Det kan oppst\u00e5 konflikt med en samarbeidspartner, noe som skal l\u00e6re henne \u00e5 g\u00e5 sine helt egne veier.<\/p>\n<p>        <img loading=\"lazy\" decoding=\"async\" src=\"https:\/\/www.europesays.com\/no\/wp-content\/uploads\/2026\/01\/84036710.webp.webp\" width=\"686\" height=\"577\" title=\"\u00c6RLIGHET VARER LENGST: - Det er n\u00e5 viktig at de er fullstendig \u00e6rlige med hverandre - for det virker som de til dels lever i en illusjon, som i Keiserens nye kl\u00e6r, sier Anne-Marie om Durek og M\u00e4rtha. Foto: Shad Madian\" alt=\"\" class=\"\" style=\"--aspect-ratio-image: 1.19; \"\/><\/p>\n<p>\n        \u00c6RLIGHET VARER LENGST: &#8211; Det er n\u00e5 viktig at de er fullstendig \u00e6rlige med hverandre &#8211; for det virker som de til dels lever i en illusjon, som i Keiserens nye kl\u00e6r, sier Anne-Marie om Durek og M\u00e4rtha. Foto: Shad Madian\n    <\/p>\n<p>Det virker som om de to i l\u00f8pet av \u00e5ret vil bevege seg litt i hver sin retning \u2013 ikke n\u00f8dvendigvis at de g\u00e5r fra hverandre, men mer at de begge har behov for mer frihet og tid hver for seg. <\/p>\n<p>Durek har M\u00e5nen som sitt skyggekort \u2013 noe som peker mot et hjemlig fokus, men kanskje ikke p\u00e5 den positive m\u00e5ten han skulle \u00f8nsket seg. Han har utfordringer \u00e5 takle, og han m\u00e5 l\u00e6re av dem.<\/p>\n<p>        ANGSTANFALL: Det ble en dramatisk start p\u00e5 \u00abFarmen kjendis\u00bb-oppholdet for komiker Jonas Lihaug Fredriksen. Reporter: Nora Skavhaug. Video: Sanne Holt\/ TV 2\/ R\u00f8d L\u00f8per<\/p>\n<p>Ser vi p\u00e5 parets felles horoskop, virker det som om selv om de er nygifte, s\u00e5 er hvetebr\u00f8dsdagene over. Det er n\u00e5 viktig at de er fullstendig \u00e6rlige med hverandre \u2013 for det virker som de til dels lever i en illusjon, som i \u00abKeiserens nye kl\u00e6r\u00bb. De m\u00e5 begge rive sl\u00f8ret vekk og se virkeligheten slik den virkelig er. Det vil gi dem mulighet til \u00e5 vokse som par.<\/p>\n<p>Februar blir preget av utfordringer knyttet til bosituasjonen, som trekker ut i tid \u2013 men det ser ut som de til slutt kommer seg p\u00e5 plass i ny bolig. Siden de sammen representerer energien Universet, vil jeg anbefale at de reiser s\u00e5 mye som mulig \u2013 for det er n\u00e5r de er p\u00e5 reise at de har det best sammen.<\/p>\n<p>        <img loading=\"lazy\" decoding=\"async\" src=\"https:\/\/www.europesays.com\/no\/wp-content\/uploads\/2026\/01\/84036726.webp.webp\" width=\"686\" height=\"1029\" title=\"KLARSYNT: Anne-Marie har lagt tarot-horoskopet for et utvalg kongelige og norske kjendiser. Foto: S\u00f8ren Jul Lamberth\" alt=\"\" class=\"\" style=\"--aspect-ratio-image: 0.67; \"\/><\/p>\n<p>\n        KLARSYNT: Anne-Marie har lagt tarot-horoskopet for et utvalg kongelige og norske kjendiser. Foto: S\u00f8ren Jul Lamberth\n    <\/p>\n<p>Forholdet mellom kong Harald og M\u00e4rtha Louise virker intakt. Jeg fornemmer at prinsessen kommer til \u00e5 s\u00f8ke mer kontakt med sin far i \u00e5ret som kommer, og vil bruke mye tid sammen med ham.<\/p>\n<p>N\u00e5r det gjelder tittelen hennes, vil det nok foreg\u00e5 mange diskusjoner bak lukkede d\u00f8rer \u2013 b\u00e5de kong Harald og kronprins Haakon har nok sine meninger. Men \u00e9n ting er sikkert: M\u00e4rtha selv bryr seg egentlig ikke nevneverdig om hun kalles bare M\u00e4rtha eller prinsesse M\u00e4rtha.<\/p>\n<p>    FLYTTER<br \/>\nKANSKJE<br \/>\nVIDERE<\/p>\n<p>        <img loading=\"lazy\" decoding=\"async\" src=\"https:\/\/www.europesays.com\/no\/wp-content\/uploads\/2026\/01\/84036761.webp.webp\" width=\"530\" height=\"361\" title=\"FLYTTER&#10;KANSKJE&#10;VIDERE\" alt=\"\" class=\"\" style=\"--aspect-ratio-image: 1.47; \"\/><\/p>\n<p>Prinsesse Ingrid Alexandra,<br \/>\n20. januar 2004\u00a0<\/p>\n<p>Gode ideer<\/p>\n<p>Prinsesse Ingrid g\u00e5r inn i<br \/>\ndet samme som sin far \u2013 Keiserinnens \u00e5r.<br \/>\nDet betyr at hun ogs\u00e5 setter nye prosjekter i gang og b\u00e5de utforsker og utvikler<br \/>\nsine kreative sider.\u00a0<\/p>\n<p>Hun er fortsatt ung,<br \/>\nmen st\u00e5r allerede st\u00f8dig i sitt eget lys.<br \/>\nUtlandet kaller p\u00e5 henne \u2013 hun er allerede utenlands, men jeg kan ikke utelukke<br \/>\nat hun flytter videre til et annet land enn<br \/>\nder hun er n\u00e5. Dette blir et \u00e5r med mange<br \/>\ngode ideer, og hun vil ha lyst til \u00e5 gj\u00f8re alt<br \/>\np\u00e5 \u00e9n gang. Derfor m\u00e5 hun stoppe opp og<br \/>\nkjenne etter hva hun virkelig brenner for.\u00a0<\/p>\n<p>Trenger alenetid<\/p>\n<p>Hun er ung, vakker<br \/>\nog har hele verden for sine f\u00f8tter. Hun har<br \/>\ntre 9-tall i sitt firkl\u00f8ver \u2013 noe som tyder<br \/>\np\u00e5 at hun trives best n\u00e5r hun er langt<br \/>\nhjemmefra og kan v\u00e6re seg selv.\u00a0<\/p>\n<p>Hun vil<br \/>\ntrolig ikke plages av hjemlengsel.<br \/>\nHun trenger mye alenetid \u2013 ogs\u00e5 om<br \/>\nhun skulle komme i et forhold. Det kan<br \/>\ngodt v\u00e6re litt romantikk i luften, kanskje<br \/>\nmed en utenlandsk mann.\u00a0<\/p>\n<p>N\u00e5r det gjelder utfordringene hjemme, viser hun stor omsorg<br \/>\nfor foreldrene og pr\u00f8ver \u00e5 st\u00f8tte dem s\u00e5<br \/>\ngodt hun kan \u2013 samtidig er hun flink til \u00e5<br \/>\nslippe taket og ikke gj\u00f8re deres problemer<br \/>\ntil sine egne. Og det er en god egenskap.<br \/>\nAlt i alt g\u00e5r hun et \u00e5r i m\u00f8te der alt hun tar i kan bli til gull.\u00a0<\/p>\n<p>      Vis mer<br \/>\n      Vis mindre<\/p>\n<p>    HAR KOMMET<br \/>\nN\u00c6RMERE<br \/>\nHVERANDRE<\/p>\n<p>        <img loading=\"lazy\" decoding=\"async\" src=\"https:\/\/www.europesays.com\/no\/wp-content\/uploads\/2026\/01\/84036772.webp.webp\" width=\"530\" height=\"239\" title=\"HAR KOMMET&#10;N\u00c6RMERE&#10;HVERANDRE\" alt=\"\" class=\"\" style=\"--aspect-ratio-image: 2.22; \"\/><\/p>\n<p>Kong Harald, 21. februar 1937<br \/>\nDronning Sonja, 4. juli 1937\u00a0<\/p>\n<p>En positiv effekt<\/p>\n<p>V\u00e5rt eget kongepar g\u00e5r inn i Stjernens \u00e5r<br \/>\ni \u00e5r. Det kan v\u00e6re et \u00e5r med stressende elementer for dem, og<br \/>\n\u00e9n av tingene som kan p\u00e5virke dem er rettssaken mot Marius<br \/>\nBorg H\u00f8iby.\u00a0<\/p>\n<p>Selv om de ikke direkte har noe med saken \u00e5 gj\u00f8re,<br \/>\nber\u00f8rer det dem \u2013 det er jo tross alt deres bonusbarnebarn.<br \/>\nSpesielt dronning Sonja kan v\u00e6re f\u00f8lelsesmessig p\u00e5virket.\u00a0<\/p>\n<p>Men p\u00e5 den positive siden kan Stjernens \u00e5r ogs\u00e5 bringe<br \/>\nmed seg en styrket kj\u00e6rlighet til hverandre. Utfordringene i<br \/>\nkongefamilien har i alle fall hatt \u00e9n positiv effekt: de har faktisk<br \/>\nf\u00f8rt kongeparet n\u00e6rmere hverandre. Det er vanskelig \u00e5 ikke<br \/>\nf\u00f8le med dette kongeparet, som egentlig burde f\u00e5 nyte alderdommen sin i fred og ro \u2013 men slik ser det ikke ut til \u00e5 bli.<\/p>\n<p>      Vis mer<br \/>\n      Vis mindre<\/p>\n<p>    ST\u00c5R VED ET<br \/>\nVEIKRYSS<\/p>\n<p>        <img loading=\"lazy\" decoding=\"async\" src=\"https:\/\/www.europesays.com\/no\/wp-content\/uploads\/2026\/01\/84036751.webp.webp\" width=\"579\" height=\"388\" title=\"ST\u00c5R VED ET&#10;VEIKRYSS\" alt=\"\" class=\"\" style=\"--aspect-ratio-image: 1.49; \"\/><\/p>\n<p class=\"bg-red color_mobile_bg-red\" data-lab-text_background_color=\"bg-red\">Prins Sverre Magnus,<br \/>\n3. desember 2005\u00a0<\/p>\n<p>Tenker over mye<\/p>\n<p>Prinsen g\u00e5r inn i Sommerfuglens \u00e5r \u2013 et \u00e5r hvor han skal til \u00e5 spre vingene<br \/>\nsine, tre frem fra sin mer anonyme tilv\u00e6relse, og<br \/>\nvise verden hvem han er \u2013 og hva han kan. Det er<br \/>\net skjellsettende \u00e5r som han senere vil se tilbake<br \/>\np\u00e5, preget av viktige begivenheter.\u00a0<\/p>\n<p>Kronprinsessens yngste s\u00f8nn st\u00e5r ved et<br \/>\nveikryss i livet, og n\u00e5r man gj\u00f8r det, bruker man<br \/>\ngjerne mye tid p\u00e5 \u00e5 tenke over alt \u2013 fra hvem man<br \/>\ntilbringer tid sammen med, til hva man skal gj\u00f8re,<br \/>\nhvor man skal bo, og mer. Det blir et \u00e5r med sterk<br \/>\npersonlig utvikling.<br \/>\nDet er ogs\u00e5 et \u00e5r jeg kaller \u00aben ny sjanse\u00bb, s\u00e5<br \/>\nhan b\u00f8r gripe de mulighetene som byr seg.<\/p>\n<p>Kreativ sjel<\/p>\n<p>Han er en sterk person \u2013 han har<br \/>\nskjebnetallet 8, som st\u00e5r for Styrke. Det gir ham<br \/>\nevnen til \u00e5 h\u00e5ndtere det som skjer hjemme i Norge,<br \/>\nb\u00e5de med morens sykdom og brorens rettssak.<br \/>\nUtlandet passer ham godt, s\u00e5 jeg er sikker p\u00e5 at \u00e5<br \/>\ntilbringe tid utenfor Norges grenser vil gj\u00f8re ham<br \/>\ngodt. Han er en kreativ sjel, og vil derfor lettere f\u00e5<br \/>\nnye ideer n\u00e5r han er i utlandet.\u00a0<\/p>\n<p>For mange mennesker kommer slike \u00e5penbaringer lettere n\u00e5r<br \/>\nman er et annet sted.<br \/>\nHan har som m\u00e5l i livet \u00e5 v\u00e6re selvstendig, og<br \/>\nmed tanke p\u00e5 at han har startet eget selskap,<br \/>\npasser det ham godt. Jeg ser ogs\u00e5 at han vil f\u00e5<br \/>\nstor suksess med dette p\u00e5 sikt.<\/p>\n<p>      Vis mer<br \/>\n      Vis mindre<\/p>\n<p>    FRISTES AV<br \/>\nUTLANDET<\/p>\n<p>        <img loading=\"lazy\" decoding=\"async\" src=\"https:\/\/www.europesays.com\/no\/wp-content\/uploads\/2026\/01\/84036738.webp.webp\" width=\"579\" height=\"487\" title=\"FRISTES AV&#10;UTLANDET\" alt=\"\" class=\"\" style=\"--aspect-ratio-image: 1.19; \"\/><\/p>\n<p class=\"bg-red color_mobile_bg-red\" data-lab-text_background_color=\"bg-red\">Kronprinsesse Mette-Marit,<br \/>\n19. august 1973<br \/>\nKronprins Haakon,<br \/>\n20. juli 1973<\/p>\n<p>\u00a0Krevende tid<\/p>\n<p>Kronprinsesse<br \/>\nMette-Marit treffer i 2026<br \/>\nkortet Rettferdighet. Det<br \/>\nhandler om rettssystemet, juss<br \/>\nog om at det felles dommer.<br \/>\nDet er jo ikke en dom over<br \/>\nhenne, men hun kan likevel ta<br \/>\np\u00e5 seg skyld i forhold til eldstes\u00f8nnen. Det m\u00e5 hun ikke<br \/>\ngj\u00f8re, hun m\u00e5 huske at vi alle<br \/>\ner ansvarlige for v\u00e5re egne liv,<br \/>\nuavhengig av hvilke unnskyldninger vi har for \u00e5 oppf\u00f8re oss som vi gj\u00f8r.\u00a0<\/p>\n<p>I \u00e5r skal hun l\u00e6re \u00e5 v\u00e6re<br \/>\nrettferdig mot seg selv. Heldigvis f\u00e5r hun god st\u00f8tte av<br \/>\nkronprins Haakon. Men rettssaken vil selvsagt prege dem<br \/>\nbegge \u2013 og hele familien. Det<br \/>\nblir en krevende tid, men det<br \/>\ner ofte i motgang at man blir<br \/>\nsterkere.\u00a0<\/p>\n<p>Mange plikter<\/p>\n<p>Kronprins Haakon kommer dette \u00e5ret opp<br \/>\nmed Keiserinnens kort, som<br \/>\nhandler om \u00e5 sette i gang nye<br \/>\nprosjekter. Til tross for at han<br \/>\nallerede har mange plikter,<br \/>\nblant annet fordi han stadig<br \/>\ntar over flere oppgaver fra<br \/>\nkongen, ser det ut til at han<br \/>\nhar mye energi og tar p\u00e5 seg<br \/>\nenda mer i 2026.<br \/>\nDet kan komme foresp\u00f8rsler fra utlandet, s\u00e5 det er<br \/>\nsannsynlig at han og Mette-Marit reiser utenlands for<br \/>\nen noe lengre periode enn<br \/>\nvanlig. Dette kan ogs\u00e5 gi Haakon en velfortjent pause og en<br \/>\nmulighet til \u00e5 hente seg inn<br \/>\nigjen.\u00a0<\/p>\n<p>I juni st\u00e5r de sammen ved et<br \/>\nslags veiskille, og det virker<br \/>\nsom om de da tar et oppgj\u00f8r<br \/>\nmed fortiden og starter et nytt<br \/>\nkapittel i livet.\u00a0<\/p>\n<p>Kan l\u00e6re av Durek<\/p>\n<p>Mange lurer p\u00e5 hvordan det egentlig<br \/>\nst\u00e5r til med forholdet til Durek. Og ser vi p\u00e5 energien<br \/>\nmellom Haakon og svogeren,<br \/>\ns\u00e5 har de det som kalles en<br \/>\nskjebneforbindelse \u2013 m\u00f8tet<br \/>\nmellom dem er noe de begge<br \/>\nskal l\u00e6re av.\u00a0<\/p>\n<p>I 2026 deler de<br \/>\nkortet Dommen, som kan bety<br \/>\nat de vurderer hverandre kritisk. Det kan arte seg positivt<br \/>\n\u2013 men det kan ogs\u00e5 dessverre<br \/>\nf\u00f8re til at de snakker negativt<br \/>\nom hverandre. La oss h\u00e5pe det<br \/>\nf\u00f8rste, at de begge er for kloke<br \/>\ntil \u00e5 d\u00f8mme hverandre hardt.\u00a0<\/p>\n<p>Det er uansett ingen tvil om<br \/>\nat dette blir et \u00e5r som vil sette<br \/>\ndype spor \u2013 men ogs\u00e5 et \u00e5r som<br \/>\nvil bringe Haakon og Mette-Marit enda n\u00e6rmere hverandre, i troen p\u00e5 at de kan<br \/>\nklare alt \u2013 bare de holder<br \/>\nsammen. Foto:\u00a0Stavanger Kommune<\/p>\n<p>      Vis mer<br \/>\n      Vis mindre<\/p>\n","protected":false},"excerpt":{"rendered":"\u00c5rshoroskop for 2026 Nok en gang har klarsynte Anne-Marie lagt tarot-horoskopet for et utvalg kongelige og norske kjendiser.&hellip;\n","protected":false},"author":2,"featured_media":133730,"comment_status":"","ping_status":"","sticky":false,"template":"","format":"standard","meta":{"footnotes":""},"categories":[58],"tags":[3990,1560,2858,4104,71,479,2590,1764,2293,30,28,29,402,291,1221,72],"class_list":{"0":"post-133729","1":"post","2":"type-post","3":"status-publish","4":"format-standard","5":"has-post-thumbnail","7":"category-underholdning","8":"tag-det-norske-kongehuset","9":"tag-dronning-sonja","10":"tag-durek-verrett","11":"tag-eksklusivt","12":"tag-entertainment","13":"tag-kjendis","14":"tag-kong-harald","15":"tag-kronprins-haakon","16":"tag-kronprinsesse-mette-marit","17":"tag-no","18":"tag-norge","19":"tag-norway","20":"tag-prins-sverre-magnus","21":"tag-prinsesse-ingrid-alexandra","22":"tag-prinsesse-martha-louise","23":"tag-underholdning"},"share_on_mastodon":{"url":"https:\/\/pubeurope.com\/@no\/115870221197836882","error":""},"_links":{"self":[{"href":"https:\/\/www.europesays.com\/no\/wp-json\/wp\/v2\/posts\/133729","targetHints":{"allow":["GET"]}}],"collection":[{"href":"https:\/\/www.europesays.com\/no\/wp-json\/wp\/v2\/posts"}],"about":[{"href":"https:\/\/www.europesays.com\/no\/wp-json\/wp\/v2\/types\/post"}],"author":[{"embeddable":true,"href":"https:\/\/www.europesays.com\/no\/wp-json\/wp\/v2\/users\/2"}],"replies":[{"embeddable":true,"href":"https:\/\/www.europesays.com\/no\/wp-json\/wp\/v2\/comments?post=133729"}],"version-history":[{"count":0,"href":"https:\/\/www.europesays.com\/no\/wp-json\/wp\/v2\/posts\/133729\/revisions"}],"wp:featuredmedia":[{"embeddable":true,"href":"https:\/\/www.europesays.com\/no\/wp-json\/wp\/v2\/media\/133730"}],"wp:attachment":[{"href":"https:\/\/www.europesays.com\/no\/wp-json\/wp\/v2\/media?parent=133729"}],"wp:term":[{"taxonomy":"category","embeddable":true,"href":"https:\/\/www.europesays.com\/no\/wp-json\/wp\/v2\/categories?post=133729"},{"taxonomy":"post_tag","embeddable":true,"href":"https:\/\/www.europesays.com\/no\/wp-json\/wp\/v2\/tags?post=133729"}],"curies":[{"name":"wp","href":"https:\/\/api.w.org\/{rel}","templated":true}]}}