{"id":133745,"date":"2026-01-10T10:17:20","date_gmt":"2026-01-10T10:17:20","guid":{"rendered":"https:\/\/www.europesays.com\/no\/133745\/"},"modified":"2026-01-10T10:17:20","modified_gmt":"2026-01-10T10:17:20","slug":"slik-sparer-du-penger-pa-strom-i-vinter","status":"publish","type":"post","link":"https:\/\/www.europesays.com\/no\/133745\/","title":{"rendered":"Slik sparer du penger p\u00e5 str\u00f8m i vinter"},"content":{"rendered":"<p>N\u00e5r kulda biter og gradestokken kryper nedover, gj\u00f8r str\u00f8mregningen gjerne det motsatte.\u00a0<\/p>\n<p>Plutselig koster det litt ekstra \u00e5 holde huset varmt, dusjen lang og kaffetrakteren i gang.\u00a0<\/p>\n<p>Heldigvis finnes det enkle grep som kan gj\u00f8re vinteren litt snillere for lommeboka.<\/p>\n<p>    <a itemprop=\"url\" href=\"https:\/\/sol.no\/nyheter\/disse-passordene-har-alle\/83872148\" rel=\"nofollow noopener\" target=\"_blank\"><\/p>\n<p>        <img loading=\"lazy\" decoding=\"async\" src=\"https:\/\/www.europesays.com\/no\/wp-content\/uploads\/2026\/01\/83872494.webp.webp\" width=\"980\" height=\"441\" title=\"Disse passordene har \u00aballe\u00bb\" alt=\"\" class=\"lazyload\" style=\"--aspect-ratio-image: 2.22; \"\/><\/p>\n<p>        Disse passordene har \u00aballe\u00bb<\/p>\n<p>sol.no<\/p>\n<p>    <\/a><\/p>\n<p>&#8211; Skal ikke g\u00e5 rundt og fryse\u00a0\t<\/p>\n<p>Det \u00e5rlige energiforbruket i en husholdning fordeler seg slik: Omtrent 55 prosent g\u00e5r til romoppvarming, rundt 20 prosent til varmtvann og 25 prosent til teknisk utstyr som TV, matlaging og klesvask.<\/p>\n<p>S\u00e6rlig p\u00e5 to av disse punktene er det mulig \u00e5 gj\u00f8re noen grep: Romoppvarming og varmtvann.<\/p>\n<p>&#8211; Det kan v\u00e6re litt utfordrende \u00e5 gj\u00f8re store endringer, men man kan for eksempel vurdere om det er n\u00f8dvendig \u00e5 g\u00e5 i t-skjorte inne.<\/p>\n<p>Det sier Trond Paasche, energir\u00e5dgiver i Enova til Sol.\u00a0<\/p>\n<p>        <img loading=\"lazy\" decoding=\"async\" itemprop=\"image\" src=\"https:\/\/www.europesays.com\/no\/wp-content\/uploads\/2026\/01\/84076827.webp.webp\" width=\"180\" height=\"180\" alt=\"Trond Paasche\"\/><\/p>\n<p>            Trond Paasche<br \/>\n            Trond<br \/>\n            Paasche        <\/p>\n<p>Energir\u00e5dgiver for Enova Svarer<\/p>\n<p>Ved \u00e5 ta p\u00e5 seg varmere kl\u00e6r og skru ned temperaturen kan man spare str\u00f8m.\u00a0<\/p>\n<p>&#8211; For hver grad man senker innetemperaturen, kan man spare omtrent fem prosent. Dette vil merkes p\u00e5 str\u00f8mregningen.<\/p>\n<p>    <a itemprop=\"url\" href=\"https:\/\/sol.no\/nyheter\/nordmenns-gjeld-oker\/84023007\" rel=\"nofollow noopener\" target=\"_blank\"><\/p>\n<p>        <img loading=\"lazy\" decoding=\"async\" src=\"https:\/\/www.europesays.com\/no\/wp-content\/uploads\/2026\/01\/84023017.webp.webp\" width=\"980\" height=\"441\" title=\"Nordmenns gjeld \u00f8ker\" alt=\"\" class=\"lazyload\" style=\"--aspect-ratio-image: 2.22; \"\/><\/p>\n<p>        Nordmenns gjeld \u00f8ker<\/p>\n<p>sol.no<\/p>\n<p>    <\/a><\/p>\n<p>Temperatursoner\u00a0\t<\/p>\n<p>Ikke alle rom trenger \u00e5 holde samme temperatur. Vaskerom, gang, kjeller og bod trenger ikke \u00e5 v\u00e6re like varme som oppholdsrom.\u00a0<\/p>\n<p>Ved \u00e5 holde d\u00f8rene lukket kan man skape ulike temperatursoner og spare noen kroner, r\u00e5der eksperten.\u00a0<\/p>\n<p>&#8211; Man skal likevel ikke fryse, og man b\u00f8r bruke temperatursoner fremfor \u00e5 senke temperaturen for mye. Senker man for mye, m\u00e5 man bruke mye energi p\u00e5 \u00e5 varme opp igjen, og det kan bli dyrt.<\/p>\n<p>Det finnes ogs\u00e5 muligheter for dag- og nattsenking av temperaturen.\u00a0<\/p>\n<p>&#8211; Man kan for eksempel skru ned \u00e9n til to grader f\u00f8r man legger seg, og skru opp igjen n\u00e5r man st\u00e5r opp.<\/p>\n<p>    <a itemprop=\"url\" href=\"https:\/\/sol.no\/video\/far-salen-til-a-le-etter-ol-sporsmal\/rflnJczO\" rel=\"nofollow noopener\" target=\"_blank\"><\/p>\n<p>        <img loading=\"lazy\" decoding=\"async\" src=\"https:\/\/www.europesays.com\/no\/wp-content\/uploads\/2026\/01\/83997343.webp.webp\" width=\"147\" height=\"98\" title=\"F\u00e5r salen til \u00e5 le etter \u00f8l-sp\u00f8rsm\u00e5l\" alt=\"\" class=\"lazyload\" style=\"--aspect-ratio-image: 1.50; \"\/><\/p>\n<p>        F\u00e5r salen til \u00e5 le etter \u00f8l-sp\u00f8rsm\u00e5l<\/p>\n<p>sol.no<\/p>\n<p>    <\/a><\/p>\n<p>Varmtvann = Pengesluker\t<\/p>\n<p>Varmtvann er ogs\u00e5 en gjenganger n\u00e5r det gjelder h\u00f8yt str\u00f8mforbruk.\u00a0<\/p>\n<p>If\u00f8lge Paasche bruker en vanlig sparedusj omtrent 4 kWh dersom man dusjer i ti minutter. Noen har dusj med enda h\u00f8yere forbruk, og da kan forbruket dobles.\u00a0<\/p>\n<p>&#8211; Dusjen b\u00f8r ikke brukes for \u00e5 varme seg opp. Da b\u00f8r man heller kle p\u00e5 seg, for det kan koste dyrt \u00e5 dusje lenge, sier str\u00f8meksperten.<\/p>\n<p>R\u00e5det hans er kort og enkelt: Dusj kortere eller reduser trykket i dusjen.<\/p>\n<p>&#8211; Man blir jo v\u00e5t uansett, legger han til.<\/p>\n<p>    <a itemprop=\"url\" href=\"https:\/\/sol.no\/nyheter\/politiet-advarer-om-svindelmetode\/83958998\" rel=\"nofollow noopener\" target=\"_blank\"><\/p>\n<p>        <img loading=\"lazy\" decoding=\"async\" src=\"https:\/\/www.europesays.com\/no\/wp-content\/uploads\/2026\/01\/83959006.webp.webp\" width=\"980\" height=\"441\" title=\"Politiet advarer om svindelmetode\" alt=\"\" class=\"lazyload\" style=\"--aspect-ratio-image: 2.22; \"\/><\/p>\n<p>        Politiet advarer om svindelmetode<\/p>\n<p>sol.no<\/p>\n<p>    <\/a><\/p>\n<p>Misforst\u00e5tte sparetips\t<\/p>\n<p>Et av de mest misforst\u00e5tte sparetipsene er at det l\u00f8nner seg \u00e5 skru opp temperaturen n\u00e5r det er billigere str\u00f8m om nettene, forteller Paasche.<\/p>\n<p>&#8211; Str\u00f8mmen er riktignok billigere p\u00e5 natten, men det er ogs\u00e5 kaldere da. Hvis man skrur opp varmen for \u00e5 holde boligen varm, kan besparelsen forsvinne og man kan i verste fall tape p\u00e5 det, utdyper han.\u00a0<\/p>\n<p>En annen ting man b\u00f8r v\u00e6re bevisst p\u00e5, er \u00e5 ikke bruke alt elektrisk utstyr samtidig.\u00a0<\/p>\n<p>&#8211; Hvis flere ovner, elbillader og annet utstyr brukes samtidig, kan dette f\u00f8re til en ekstra kostnad p\u00e5 noen hundrelapper p\u00e5 str\u00f8mregningen, sier eksperten.\u00a0<\/p>\n<p>    <a itemprop=\"url\" href=\"https:\/\/sol.no\/nyheter\/grethe-78-dukket-opp-pa-rikingliste\/83931346\" rel=\"nofollow noopener\" target=\"_blank\"><\/p>\n<p>        <img loading=\"lazy\" decoding=\"async\" src=\"https:\/\/www.europesays.com\/no\/wp-content\/uploads\/2026\/01\/83932686.webp.webp\" width=\"980\" height=\"441\" title=\"Grethe (78) dukket opp p\u00e5 rikingliste\" alt=\"\" class=\"lazyload\" style=\"--aspect-ratio-image: 2.22; \"\/><\/p>\n<p>        Grethe (78) dukket opp p\u00e5 rikingliste<\/p>\n<p>sol.no<\/p>\n<p>    <\/a><\/p>\n<p>Skru av varmen? Fy, fy!\t<\/p>\n<p>Til alle som skrur av varmeovnene n\u00e5r de ikke er hjemme, er Paasche klar i talen:\u00a0<\/p>\n<p>&#8211; Det kan v\u00e6re direkte skadelig for boligen og f\u00f8re til kondens, fukt og r\u00e5teskader. Det kan til og med p\u00e5virke helsen negativt.\u00a0<\/p>\n<p>Temperaturen b\u00f8r ikke g\u00e5 under 15 grader, spesielt ikke i rom mot yttervegg, understreker han.\u00a0<\/p>\n<p class=\"italic m-italic\" data-lab-italic=\"italic\">&#8211; Kan du skj\u00f8nne at folk tenker at man sparer str\u00f8m p\u00e5 denne m\u00e5ten?<\/p>\n<p>&#8211; Det er forst\u00e5elig, men hvis man sl\u00e5r av varmen helt og stormfyrer n\u00e5r man kommer hjem, kan man f\u00e5 h\u00f8yere forbrukstopper. Da g\u00e5r vinninga opp i spinninga, sier str\u00f8meksperten.\u00a0<\/p>\n<p>    <a itemprop=\"url\" href=\"https:\/\/sol.no\/nyheter\/dette-tjente-dagligvaretoppene\/83930809\" rel=\"nofollow noopener\" target=\"_blank\"><\/p>\n<p>        <img loading=\"lazy\" decoding=\"async\" src=\"https:\/\/www.europesays.com\/no\/wp-content\/uploads\/2026\/01\/83930912.webp.webp\" width=\"980\" height=\"441\" title=\"Dette tjente dagligvaretoppene\" alt=\"\" class=\"lazyload\" style=\"--aspect-ratio-image: 2.22; \"\/><\/p>\n<p>        Dette tjente dagligvaretoppene<\/p>\n<p>sol.no<\/p>\n<p>    <\/a><\/p>\n<p>Et annet misforst\u00e5tt str\u00f8msparetips er at det koster mye str\u00f8m \u00e5 vaske kl\u00e6r, forteller Paasche.\u00a0<\/p>\n<p>&#8211; Det stemmer ikke. Maskinene er nemlig konstruert for \u00e5 bruke lite vann og lengre tid, og en slik vask bruker rundt 0,5 kWh.\u00a0<\/p>\n<p>Klesvask vil normalt sett ikke koste mer enn noen hundre kroner i \u00e5ret, if\u00f8lge str\u00f8meksperten.\u00a0<\/p>\n<p>T\u00f8rketrommelen derimot bruker mer str\u00f8m, gjerne mellom \u00e9n og to kWh per omgang.\u00a0<\/p>\n<p>    <a itemprop=\"url\" href=\"https:\/\/sol.no\/nyheter\/oslo-pa-verstingliste\/84055720\" rel=\"nofollow noopener\" target=\"_blank\"><\/p>\n<p>        <img loading=\"lazy\" decoding=\"async\" src=\"https:\/\/www.europesays.com\/no\/wp-content\/uploads\/2026\/01\/84055909.webp.webp\" width=\"980\" height=\"441\" title=\"Oslo p\u00e5 verstingliste\" alt=\"\" class=\"lazyload\" style=\"--aspect-ratio-image: 2.22; \"\/><\/p>\n<p>        Oslo p\u00e5 verstingliste<\/p>\n<p>sol.no<\/p>\n<p>    <\/a><\/p>\n<p>Ogs\u00e5 p\u00e5 kj\u00f8kkenet finnes det et misforst\u00e5tt sparetips.\u00a0<\/p>\n<p>&#8211; Mange tror at det er billigere \u00e5 vaske opp for h\u00e5nd enn \u00e5 bruke oppvaskmaskin, men det er det ikke. Oppvaskmaskinen bruker sv\u00e6rt lite vann og er mer energieffektiv enn h\u00e5ndvask, selv om den g\u00e5r over lengre tid.<\/p>\n<p>Disse b\u00f8r ha Norgespris\u00a0\t<\/p>\n<p>Str\u00f8mekspertens neste tips er til alle som bor s\u00f8r p\u00e5 Tr\u00f8ndelag, sier han.\u00a0<\/p>\n<p>&#8211; Det l\u00f8nner seg \u00e5 bestille Norgespris dersom man ikke allerede har gjort det. Da slipper man de h\u00f8ye str\u00f8mprisene, og selv om det da kan bli dyrere om sommeren, s\u00e5 er uansett ikke forbruket h\u00f8yest da og det vil l\u00f8nne seg p\u00e5 sikt.\u00a0<\/p>\n<p>    <a itemprop=\"url\" href=\"https:\/\/sol.no\/nyheter\/alt-du-ma-vite-om-norgespris\/83594662\" rel=\"nofollow noopener\" target=\"_blank\"><\/p>\n<p>        <img loading=\"lazy\" decoding=\"async\" src=\"https:\/\/www.europesays.com\/no\/wp-content\/uploads\/2026\/01\/83594917.webp.webp\" width=\"980\" height=\"441\" title=\"Alt du m\u00e5 vite om Norgespris\" alt=\"\" class=\"lazyload\" style=\"--aspect-ratio-image: 2.22; \"\/><\/p>\n<p>        Alt du m\u00e5 vite om Norgespris <\/p>\n<p>sol.no<\/p>\n<p>    <\/a><\/p>\n<p>Vedfyring\t<\/p>\n<p>&#8211; For at vedfyring skal l\u00f8nne seg, m\u00e5 man fyre riktig og helst ha en moderne ovn med h\u00f8y virkningsgrad, sier Paasche.<\/p>\n<p>Man b\u00f8r ogs\u00e5 vurdere vedprisen.\u00a0<\/p>\n<p>En 40-liters sekk med bj\u00f8rkeved har en brennverdi p\u00e5 rundt 64 kWh.<\/p>\n<p>&#8211;\u00a0Med str\u00f8mst\u00f8tte kan vedfyring i noen tilfeller bli billigere enn str\u00f8m, men dette avhenger av hvor man kj\u00f8per veden. Det l\u00f8nner seg for eksempel ikke \u00e5 kj\u00f8pe ved p\u00e5 bensinstasjon. Der er den kanskje dyrest, avslutter Paasche.\u00a0<\/p>\n","protected":false},"excerpt":{"rendered":"N\u00e5r kulda biter og gradestokken kryper nedover, gj\u00f8r str\u00f8mregningen gjerne det motsatte.\u00a0 Plutselig koster det litt ekstra \u00e5&hellip;\n","protected":false},"author":2,"featured_media":133746,"comment_status":"","ping_status":"","sticky":false,"template":"","format":"standard","meta":{"footnotes":""},"categories":[56],"tags":[60,61,62,30,28,29,14,572,15416,243,1501],"class_list":{"0":"post-133745","1":"post","2":"type-post","3":"status-publish","4":"format-standard","5":"has-post-thumbnail","7":"category-naeringsliv","8":"tag-business","9":"tag-economy","10":"tag-naeringsliv","11":"tag-no","12":"tag-norge","13":"tag-norway","14":"tag-nyheter","15":"tag-okonomi","16":"tag-sparetips","17":"tag-strom","18":"tag-strompriser"},"share_on_mastodon":{"url":"https:\/\/pubeurope.com\/@no\/115870292014614919","error":""},"_links":{"self":[{"href":"https:\/\/www.europesays.com\/no\/wp-json\/wp\/v2\/posts\/133745","targetHints":{"allow":["GET"]}}],"collection":[{"href":"https:\/\/www.europesays.com\/no\/wp-json\/wp\/v2\/posts"}],"about":[{"href":"https:\/\/www.europesays.com\/no\/wp-json\/wp\/v2\/types\/post"}],"author":[{"embeddable":true,"href":"https:\/\/www.europesays.com\/no\/wp-json\/wp\/v2\/users\/2"}],"replies":[{"embeddable":true,"href":"https:\/\/www.europesays.com\/no\/wp-json\/wp\/v2\/comments?post=133745"}],"version-history":[{"count":0,"href":"https:\/\/www.europesays.com\/no\/wp-json\/wp\/v2\/posts\/133745\/revisions"}],"wp:featuredmedia":[{"embeddable":true,"href":"https:\/\/www.europesays.com\/no\/wp-json\/wp\/v2\/media\/133746"}],"wp:attachment":[{"href":"https:\/\/www.europesays.com\/no\/wp-json\/wp\/v2\/media?parent=133745"}],"wp:term":[{"taxonomy":"category","embeddable":true,"href":"https:\/\/www.europesays.com\/no\/wp-json\/wp\/v2\/categories?post=133745"},{"taxonomy":"post_tag","embeddable":true,"href":"https:\/\/www.europesays.com\/no\/wp-json\/wp\/v2\/tags?post=133745"}],"curies":[{"name":"wp","href":"https:\/\/api.w.org\/{rel}","templated":true}]}}