{"id":133747,"date":"2026-01-10T10:18:09","date_gmt":"2026-01-10T10:18:09","guid":{"rendered":"https:\/\/www.europesays.com\/no\/133747\/"},"modified":"2026-01-10T10:18:09","modified_gmt":"2026-01-10T10:18:09","slug":"i-natt-nyhet-nattens-viktigste-nyheter","status":"publish","type":"post","link":"https:\/\/www.europesays.com\/no\/133747\/","title":{"rendered":"I natt, Nyhet | Nattens viktigste nyheter"},"content":{"rendered":"\n<p>If\u00f8lge operasjonsleder Ronny Samuelsen i \u00d8st politidistrikt har det v\u00e6rt sv\u00e6rt stille i distriktet i natt. <\/p>\n<p>\u2013 Det har i natt v\u00e6rt rolig de fleste stedene i \u00d8st politidistrikt, opplyser han til pressen. <\/p>\n<p>Det samme gjentar operasjonsleder Rune Isaksen til Sarpsborg Arbeiderblad ved 08.30-tiden l\u00f8rdag morgen. <\/p>\n<p>If\u00f8lge politiet har det v\u00e6rt et meget stille d\u00f8gn i Sarpsborg og Fredrikstad. Det skal ha v\u00e6rt lite mennesker i sentrum natt til l\u00f8rdag og lite \u00e5 melde om.<\/p>\n<p>Innkaller til Ukraina-hastem\u00f8te<\/p>\n<p>FNs sikkerhetsr\u00e5d skal mandag holde hastem\u00f8te for \u00e5 diskutere Ukraina. Det framg\u00e5r av en oppdatering i Sikkerhetsr\u00e5dets m\u00f8tekalender.<\/p>\n<p>\u2013 Russland har n\u00e5dd et nytt, grusomt niv\u00e5 med krigsforbrytelser og forbrytelser mot menneskeheten med terror mot sivile og sivil infrastruktur i Ukraina, skriver Ukrainas FN-ambassad\u00f8r Andriy Melyk i et brev til Sikkerhetsr\u00e5det.<\/p>\n<p>Fredag sa Ukraina at Russland hadde <a href=\"https:\/\/www.nettavisen.no\/nyheter\/eu-kaller-russlands-bruk-av-oresjnik-rakett-klar-eskalering\/s\/5-95-2817240\" rel=\"Follow nofollow noopener\" target=\"_blank\">angrepet landet med en hypersonisk rakett av typen Oresjnik natt til fredag<\/a>.<\/p>\n<p>Den ukrainske sikkerhetstjenesten SBU har publisert bilder av raketten, som ukrainerne mener var utstyrt med s\u00e5kalte falske stridshoder, alts\u00e5 ikke skarpladde. Dermed f\u00f8rte ikke treffet til st\u00f8rre skader.<\/p>\n<p><a href=\"https:\/\/www.nettavisen.no\/5-95-2818341\" rel=\"Follow nofollow noopener\" target=\"_blank\"><b>Les saken<\/b><\/a><\/p>\n<p>USA: \u2013 Vrangforestilling<\/p>\n<p>Irans utenriksminister lider av vrangforestilling n\u00e5r han anklager Israel og USA for \u00e5 n\u00f8re opp under protestene, uttaler USA.<\/p>\n<p>\u2013 Denne uttalelsen gjenspeiler et vrangforestilt fors\u00f8k p\u00e5 \u00e5 avlede oppmerksomheten fra de enorme utfordringene som det iranske regimet st\u00e5r overfor, sier en talsperson for det amerikanske utenriksdepartementet.<\/p>\n<p>Uttalelsen er et svar p\u00e5 uttalelser fra Irans utenriksminister Abbas Araghchi under et bes\u00f8k i Libanon fredag, hvor han anklaget demonstrantene for \u00e5 \u00ab\u00f8delegge sine egne gater for \u00e5 blidgj\u00f8re presidenten i et annet land\u00bb.<\/p>\n<p><a href=\"https:\/\/www.nettavisen.no\/5-95-2818308\" rel=\"Follow nofollow noopener\" target=\"_blank\"><b>Les saken<\/b><\/a><\/p>\n<p>Gr\u00f8nland vil ikke v\u00e6re amerikanere<\/p>\n<p>Alle de fem partiene i Gr\u00f8nlands parlament har skrevet under p\u00e5 en felles erkl\u00e6ring der de tar avstand fra USA. <\/p>\n<p>\u2013 Vi vil ikke v\u00e6re amerikanere, vi vil ikke v\u00e6re dansker, vi vil v\u00e6re gr\u00f8nlendere, skriver de fem partiene i erkl\u00e6ringen, if\u00f8lge den gr\u00f8nlandske avisen <a href=\"https:\/\/www.sermitsiaq.ag\/samfund\/samtlige-partier-i-faelles-udtalelse-ingen-andre-lande-skal-blande-sig\/2328312\" rel=\"nofollow noopener\" target=\"_blank\">Sermitsiaq<\/a>.<\/p>\n<p>Uttalelsen kommer etter at USAs president Donald Trump gjentatte ganger har sagt at USA m\u00e5 eie \u00f8ya.<\/p>\n<p>\u2013 Som gr\u00f8nlandske partiledere vil vi nok en gang understreke v\u00e5rt \u00f8nske om at USAs manglende respekt for v\u00e5rt land opph\u00f8rer, st\u00e5r det i erkl\u00e6ringen fra partiene i Inatsisartut, som er navnet p\u00e5 Gr\u00f8nlands parlament.<\/p>\n<p><a href=\"https:\/\/www.nettavisen.no\/nyheter\/vi-vil-ikke-vare-amerikanere-sier-gronlands-partier-i-en-felles-erklaring\/s\/5-95-2818269\" rel=\"Follow nofollow noopener\" target=\"_blank\"><b>Les saken<\/b><\/a><\/p>\n<p>SpaceX-astronauter returnerer<\/p>\n<p>Nasa opplyser at fire astronauter skal fraktes fra Den internasjonale romstasjonen (ISS) til jorda onsdag.<\/p>\n<p>De fire utgj\u00f8r SpaceX-oppdraget Crew 11. Nasa er bekymret for helsen til den ene av de fire og uttalte tidligere denne uken at det derfor ble vurdert \u00e5 hente hjem mannskapet i Crew 11 tidligere enn planlagt.<\/p>\n<p>Fredag opplyste Nasa at det amerikanske romfartsbyr\u00e5et og SpaceX planlegger at de fire skal forlate ISS tidligst onsdag 14. januar klokken 23 norsk tid, med forbehold om v\u00e6ret.<\/p>\n<p><a href=\"https:\/\/www.nettavisen.no\/nyheter\/astronauter-forlater-iss-onsdag\/s\/5-95-2818320\" rel=\"Follow nofollow noopener\" target=\"_blank\"><b>Les saken<\/b><\/a><\/p>\n<p>Stor lekkasje i Oslo<\/p>\n<p>Ved 04.30-tiden meldte politiet i Oslo om en st\u00f8rre vannlekkasje i Maridalsveien, nedenfor Vulkan.<\/p>\n<p>\u2013 Dette er \u00e5 anse som en kraftig vannlekkasje, og det er mistanke om at det er lekkasje\/brudd p\u00e5 en hovedvannledning, heter det fra politiet.<\/p>\n<p>Lekkasjen, som ble stanset ved 05-tiden, f\u00f8rte med seg mye vann i veibanen og veien fra rundkj\u00f8ringen i Maridalsveien\/M\u00f8llerveien og ned til krysset mellom Rosteds gate og M\u00f8llergata er stengt.<\/p>\n<p>\u2013 Per n\u00e5 framst\u00e5r det som at veiene og gatene som er ber\u00f8rt vil forbli stengt i lengre tid. Vanskelig \u00e5 si noe konkret tidsperspektiv p\u00e5 dette per n\u00e5, meldte politiet like f\u00f8r klokken 05.<\/p>\n<p><a href=\"https:\/\/www.nettavisen.no\/5-95-2818311\" rel=\"Follow nofollow noopener\" target=\"_blank\"><b> Les saken<\/b><\/a><\/p>\n","protected":false},"excerpt":{"rendered":"If\u00f8lge operasjonsleder Ronny Samuelsen i \u00d8st politidistrikt har det v\u00e6rt sv\u00e6rt stille i distriktet i natt. \u2013 Det&hellip;\n","protected":false},"author":2,"featured_media":133594,"comment_status":"","ping_status":"","sticky":false,"template":"","format":"standard","meta":{"footnotes":""},"categories":[12],"tags":[36,20,21,24,25,15,1087,983,22,23,13,30,28,29,447,14,16,1510,26,27,42,43,44,45],"class_list":{"0":"post-133747","1":"post","2":"type-post","3":"status-publish","4":"format-standard","5":"has-post-thumbnail","7":"category-verden","8":"tag-art","9":"tag-breaking-news","10":"tag-breakingnews","11":"tag-featured-news","12":"tag-featurednews","13":"tag-headlines","14":"tag-i-natt","15":"tag-krim","16":"tag-latest-news","17":"tag-latestnews","18":"tag-news","19":"tag-no","20":"tag-norge","21":"tag-norway","22":"tag-nyhet","23":"tag-nyheter","24":"tag-overskrifter","25":"tag-story","26":"tag-top-stories","27":"tag-topstories","28":"tag-verden","29":"tag-world","30":"tag-world-news","31":"tag-worldnews"},"share_on_mastodon":{"url":"","error":""},"_links":{"self":[{"href":"https:\/\/www.europesays.com\/no\/wp-json\/wp\/v2\/posts\/133747","targetHints":{"allow":["GET"]}}],"collection":[{"href":"https:\/\/www.europesays.com\/no\/wp-json\/wp\/v2\/posts"}],"about":[{"href":"https:\/\/www.europesays.com\/no\/wp-json\/wp\/v2\/types\/post"}],"author":[{"embeddable":true,"href":"https:\/\/www.europesays.com\/no\/wp-json\/wp\/v2\/users\/2"}],"replies":[{"embeddable":true,"href":"https:\/\/www.europesays.com\/no\/wp-json\/wp\/v2\/comments?post=133747"}],"version-history":[{"count":0,"href":"https:\/\/www.europesays.com\/no\/wp-json\/wp\/v2\/posts\/133747\/revisions"}],"wp:featuredmedia":[{"embeddable":true,"href":"https:\/\/www.europesays.com\/no\/wp-json\/wp\/v2\/media\/133594"}],"wp:attachment":[{"href":"https:\/\/www.europesays.com\/no\/wp-json\/wp\/v2\/media?parent=133747"}],"wp:term":[{"taxonomy":"category","embeddable":true,"href":"https:\/\/www.europesays.com\/no\/wp-json\/wp\/v2\/categories?post=133747"},{"taxonomy":"post_tag","embeddable":true,"href":"https:\/\/www.europesays.com\/no\/wp-json\/wp\/v2\/tags?post=133747"}],"curies":[{"name":"wp","href":"https:\/\/api.w.org\/{rel}","templated":true}]}}