{"id":133774,"date":"2026-01-10T11:01:11","date_gmt":"2026-01-10T11:01:11","guid":{"rendered":"https:\/\/www.europesays.com\/no\/133774\/"},"modified":"2026-01-10T11:01:11","modified_gmt":"2026-01-10T11:01:11","slug":"ver-sunnfjord-no-slepp-kulda-taket-mildveret-tek-over-firda","status":"publish","type":"post","link":"https:\/\/www.europesays.com\/no\/133774\/","title":{"rendered":"Ver, Sunnfjord | No slepp kulda taket \u2013 mildv\u00earet tek over &#8211; Firda"},"content":{"rendered":"<ol>\n<li><a href=\"https:\/\/news.google.com\/rss\/articles\/CBMigAFBVV95cUxQdUxaZmZidUFSeDFXc1B0TjBxYWc0LUlZeWRuSGNiOFI5WUVDYnczdlpWY3lEWml3em1vYVZhRHFYZ0VfX3BWVnRzdElOWDJmSENTbHpRdk9kQTdNQVBma3NGZXcyQ1pfSGlhMHVHZ3lBdjZMYVNlc3RhV005aVpBQQ?oc=5\" target=\"_blank\" rel=\"nofollow noopener\">Ver, Sunnfjord | No slepp kulda taket \u2013 mildv\u00earet tek over<\/a>&nbsp;&nbsp;Firda<\/li>\n<li><a href=\"https:\/\/news.google.com\/rss\/articles\/CBMiaEFVX3lxTE1McllhdUNibVlRMjEtOWNEcEFIdkxEMUZDQktLREFsa1EtNGJabnJwYjN3Q21xSGpia3hYUlY4M1RfWklWTkxCSlpEUkpjWWNEdlpiXy1qLVpZdXA3dWEtVnZ2dVhtSGdT?oc=5\" target=\"_blank\" rel=\"nofollow noopener\">Nyheter, V\u00e6r | Kj\u00f8lig l\u00f8rdag. S\u00e5 snur det.<\/a>&nbsp;&nbsp;Bergensavisen<\/li>\n<li><a href=\"https:\/\/news.google.com\/rss\/articles\/CBMihwFBVV95cUxOUTZ4QkJMWllsYXhkNDJqYUMwUFZrNVJ5VmtEMmF6clJhbVhpOFNmM2JpbVp0R3JKR2ZmOEwyeDVnelZ0Nm9vWHVlY2N2NlRzOWgyOE5XcVNPaDlURnRlQW9PeWI5d3NaY1B2UWV6Uk1RdVhkWW5vcGhsb05JRTlMdTBmU0FnMDQ?oc=5\" target=\"_blank\" rel=\"nofollow noopener\">Det kan bli lenge til neste gang<\/a>&nbsp;&nbsp;Bergens Tidende<\/li>\n<li><a href=\"https:\/\/news.google.com\/rss\/articles\/CBMipwFBVV95cUxNbHFUYXFGWFRseGttcHZOcERDajlNcm5IMkJvenh0eU1KWXpxMmFiVDVxU3FuWEItelFrclpSUEE3d3ZqYlNuVlFpdG5fTzV4YmtObHBnRmd1dE0yYVJvbzVfWTlGN1lQb0stZ2VJdVFpbE9Nd2VkRnlrcEhBNXFMNTFBNTFoWUJSNkFUbnhkLVpPRE1nbnV0anl2a1BWRXRfLUxVTlNkUQ?oc=5\" target=\"_blank\" rel=\"nofollow noopener\">Vinter, V\u00e6r | Mildere v\u00e6r i anmarsj: \u2013 Fram dit er det perfekt v\u00e6r for \u00e5 rydde litt<\/a>&nbsp;&nbsp;Varingen<\/li>\n<li><a href=\"https:\/\/news.google.com\/rss\/articles\/CBMiX0FVX3lxTE5PWDJYakM0ejdKQmlOVUthbFhVWVluYTFaQjQxRUEwSjVJTHV1SnJLRmRzNjRyc3d5UzExTzdZSmtSdmJELVZLUGxscjVteXBLNnNwV2tsSmExME1KX01n?oc=5\" target=\"_blank\" rel=\"nofollow noopener\">S\u00f8ndag er det slutt p\u00e5 vinteren<\/a>&nbsp;&nbsp;Radio Haugaland<\/li>\n<\/ol>\n","protected":false},"excerpt":{"rendered":"Ver, Sunnfjord | No slepp kulda taket \u2013 mildv\u00earet tek over&nbsp;&nbsp;Firda Nyheter, V\u00e6r | Kj\u00f8lig l\u00f8rdag. S\u00e5 snur&hellip;\n","protected":false},"author":2,"featured_media":133775,"comment_status":"","ping_status":"","sticky":false,"template":"","format":"standard","meta":{"footnotes":""},"categories":[10],"tags":[20,21,24,25,15,22,23,13,30,28,29,14,16,26,27],"class_list":{"0":"post-133774","1":"post","2":"type-post","3":"status-publish","4":"format-standard","5":"has-post-thumbnail","7":"category-norge","8":"tag-breaking-news","9":"tag-breakingnews","10":"tag-featured-news","11":"tag-featurednews","12":"tag-headlines","13":"tag-latest-news","14":"tag-latestnews","15":"tag-news","16":"tag-no","17":"tag-norge","18":"tag-norway","19":"tag-nyheter","20":"tag-overskrifter","21":"tag-top-stories","22":"tag-topstories"},"share_on_mastodon":{"url":"https:\/\/pubeurope.com\/@no\/115870464989349479","error":""},"_links":{"self":[{"href":"https:\/\/www.europesays.com\/no\/wp-json\/wp\/v2\/posts\/133774","targetHints":{"allow":["GET"]}}],"collection":[{"href":"https:\/\/www.europesays.com\/no\/wp-json\/wp\/v2\/posts"}],"about":[{"href":"https:\/\/www.europesays.com\/no\/wp-json\/wp\/v2\/types\/post"}],"author":[{"embeddable":true,"href":"https:\/\/www.europesays.com\/no\/wp-json\/wp\/v2\/users\/2"}],"replies":[{"embeddable":true,"href":"https:\/\/www.europesays.com\/no\/wp-json\/wp\/v2\/comments?post=133774"}],"version-history":[{"count":0,"href":"https:\/\/www.europesays.com\/no\/wp-json\/wp\/v2\/posts\/133774\/revisions"}],"wp:featuredmedia":[{"embeddable":true,"href":"https:\/\/www.europesays.com\/no\/wp-json\/wp\/v2\/media\/133775"}],"wp:attachment":[{"href":"https:\/\/www.europesays.com\/no\/wp-json\/wp\/v2\/media?parent=133774"}],"wp:term":[{"taxonomy":"category","embeddable":true,"href":"https:\/\/www.europesays.com\/no\/wp-json\/wp\/v2\/categories?post=133774"},{"taxonomy":"post_tag","embeddable":true,"href":"https:\/\/www.europesays.com\/no\/wp-json\/wp\/v2\/tags?post=133774"}],"curies":[{"name":"wp","href":"https:\/\/api.w.org\/{rel}","templated":true}]}}