{"id":133780,"date":"2026-01-10T11:13:18","date_gmt":"2026-01-10T11:13:18","guid":{"rendered":"https:\/\/www.europesays.com\/no\/133780\/"},"modified":"2026-01-10T11:13:18","modified_gmt":"2026-01-10T11:13:18","slug":"verden-er-urolig-men-det-finnes-noe-vi-kan-gjore-herfra","status":"publish","type":"post","link":"https:\/\/www.europesays.com\/no\/133780\/","title":{"rendered":"Verden er urolig, men det finnes noe vi kan gj\u00f8re herfra"},"content":{"rendered":"<p>Jeg har jobbet for NATO i Brussel og for FN i Afghanistan. Der har jeg sett hvordan geopolitikk, sikkerhetspolitikk og \u00f8konomiske beslutninger former menneskers liv langt unna forhandlingsbordene der de tas.<\/p>\n<p>I dag bor jeg i Kristiansand. Her oppdrar jeg en liten jente sammen med mannen min, som er f\u00f8dt og oppvokst her. Perspektivet mitt har endret seg. Ikke fordi verden er blitt mindre alvorlig, men fordi ansvaret er blitt mer konkret.<\/p>\n<p>Jeg tenker ofte p\u00e5 hva vi faktisk kan gj\u00f8re herfra, i et lokalsamfunn som fortsatt har oversikt, n\u00e6rhet og tillit.<\/p>\n<p>Verden oppleves urolig for mange. Krig i Europa. \u00d8kende polarisering. \u00d8konomisk usikkerhet. Teknologiske endringer som skjer raskere enn v\u00e5r evne til \u00e5 forst\u00e5 konsekvensene. Det er lett \u00e5 kjenne p\u00e5 maktesl\u00f8shet og tenke at l\u00f8sningene m\u00e5 komme ovenfra. Fra stormakter, institusjoner eller systemer langt borte.<\/p>\n<p>Min erfaring er at stabilitet alltid bygges nedenfra.<\/p>\n<p>I Afghanistan s\u00e5 jeg hva som skjer n\u00e5r lokale fellesskap bryter sammen. N\u00e5r tillit forsvinner og mennesker mister eierskap til samfunnet rundt seg. Da hjelper det lite med internasjonale strategier alene. Uansett hvor velmenende de er. Uten lokal forankring finnes det ingen varig l\u00f8sning.<\/p>\n<p>Derfor har jeg skrevet boken \u00abWhen the Almond Trees Bloom\u00bb. Den handler om globale skifter, men ogs\u00e5 om det indre og det n\u00e6re. Tittelen viser til mandeltreet, som blomstrer f\u00f8r v\u00e5ren har kommet. Ikke fordi forholdene er trygge, men fordi livets impuls er sterkere enn frykten for frost.<\/p>\n<p>Jeg opplever at vi lever i en slik mellomtid n\u00e5. Det gamle er ikke lenger b\u00e6rekraftig. Det nye er enn\u00e5 ikke fullt synlig. I slike tider blir sp\u00f8rsm\u00e5let ikke bare hva myndigheter og institusjoner gj\u00f8r, men hvordan vi som mennesker velger \u00e5 leve der vi faktisk er.<\/p>\n<p>Mindre byer og lokalsamfunn har en styrke som ofte undervurderes. Her er avstanden kort mellom mennesker. Mellom ord og handling. Mellom beslutninger og konsekvenser. Det gir et reelt handlingsrom.<\/p>\n<p>Fra Kristiansand kan vi styrke lokale fellesskap i stedet for \u00e5 la dem forvitre. Vi kan skape m\u00f8teplasser der mennesker m\u00f8tes som mer enn meninger og identiteter. Vi kan utvikle lederskap i skoler, n\u00e6ringsliv og offentlig sektor som forst\u00e5r at fremtidens robusthet handler like mye om relasjoner som om ressurser.<\/p>\n<p>Og vi kan ta ansvar for hvilket menneskesyn vi gir videre til barna v\u00e5re. Uro smitter. Men det gj\u00f8r ogs\u00e5 trygghet, tilstedev\u00e6relse og mot.<\/p>\n<p>Jeg har sett verden fra innsiden av store systemer. N\u00e5 ser jeg den fra innsiden av en barndom som s\u00e5 vidt har begynt. Det gj\u00f8r meg ikke mer redd. Det gj\u00f8r meg mer ansvarlig.<\/p>\n<p>Verden er urolig. Men fremtiden formes ikke bare i hovedsteder og konferansesaler. Den formes ogs\u00e5 her, i Kristiansand, i hvordan vi velger \u00e5 leve sammen.<\/p>\n<p><a href=\"https:\/\/www.fvn.no\/norgeogverden\/i\/JOoAdR\/maduro-og-kona-narko-og-terrortiltalt-i-new-york\" rel=\"nofollow noopener\" target=\"_blank\"> <img decoding=\"async\" src=\"data:image\/gif;base64,R0lGODlhEAAJAIAAAP\/\/\/wAAACH5BAEAAAAALAAAAAAQAAkAAAIKhI+py+0Po5yUFQA7\" alt=\"\"\/>   Maduro og kona narko- og terrortiltalt i New York  <\/a> <\/p>\n<p>\u00c5pen <\/p>\n<p><a href=\"https:\/\/www.fvn.no\/norgeogverden\/i\/Okp9z1\/ekspert-om-trumps-venezuela-grep-dette-smaker-av-en-gigantisk-utenrikspolitisk-blunder\" rel=\"nofollow noopener\" target=\"_blank\"> <img decoding=\"async\" src=\"data:image\/gif;base64,R0lGODlhEAAJAIAAAP\/\/\/wAAACH5BAEAAAAALAAAAAAQAAkAAAIKhI+py+0Po5yUFQA7\" alt=\"\"\/>   Ekspert om Trumps Venezuela-grep: \u2013 Dette smaker av en gigantisk utenrikspolitisk blunder  <\/a> <\/p>\n<p>\u00c5pen <\/p>\n<p><a href=\"https:\/\/www.fvn.no\/mening\/debattinnlegg\/i\/0pnPz0\/hvem-tok-livet-av-gaddafi-og-hvem-tok-ansvaret\" rel=\"nofollow noopener\" target=\"_blank\"> <img decoding=\"async\" src=\"data:image\/gif;base64,R0lGODlhEAAJAIAAAP\/\/\/wAAACH5BAEAAAAALAAAAAAQAAkAAAIKhI+py+0Po5yUFQA7\" alt=\"\"\/>   Hvem tok livet av Gaddafi \u2013 og hvem tok ansvaret?  <\/a> <\/p>\n<p>\u00c5pen <\/p>\n","protected":false},"excerpt":{"rendered":"Jeg har jobbet for NATO i Brussel og for FN i Afghanistan. Der har jeg sett hvordan geopolitikk,&hellip;\n","protected":false},"author":2,"featured_media":133781,"comment_status":"","ping_status":"","sticky":false,"template":"","format":"standard","meta":{"footnotes":""},"categories":[5],"tags":[3818,20,21,24,25,15,19,22,23,17,18,233,13,30,28,29,14,16,4800,26,27],"class_list":{"0":"post-133780","1":"post","2":"type-post","3":"status-publish","4":"format-standard","5":"has-post-thumbnail","7":"category-overskrifter","8":"tag-afghanistan","9":"tag-breaking-news","10":"tag-breakingnews","11":"tag-featured-news","12":"tag-featurednews","13":"tag-headlines","14":"tag-hovedoppslag","15":"tag-latest-news","16":"tag-latestnews","17":"tag-main-news","18":"tag-mainnews","19":"tag-nato","20":"tag-news","21":"tag-no","22":"tag-norge","23":"tag-norway","24":"tag-nyheter","25":"tag-overskrifter","26":"tag-sikkerhetspolitikk","27":"tag-top-stories","28":"tag-topstories"},"share_on_mastodon":{"url":"https:\/\/pubeurope.com\/@no\/115870512362086017","error":""},"_links":{"self":[{"href":"https:\/\/www.europesays.com\/no\/wp-json\/wp\/v2\/posts\/133780","targetHints":{"allow":["GET"]}}],"collection":[{"href":"https:\/\/www.europesays.com\/no\/wp-json\/wp\/v2\/posts"}],"about":[{"href":"https:\/\/www.europesays.com\/no\/wp-json\/wp\/v2\/types\/post"}],"author":[{"embeddable":true,"href":"https:\/\/www.europesays.com\/no\/wp-json\/wp\/v2\/users\/2"}],"replies":[{"embeddable":true,"href":"https:\/\/www.europesays.com\/no\/wp-json\/wp\/v2\/comments?post=133780"}],"version-history":[{"count":0,"href":"https:\/\/www.europesays.com\/no\/wp-json\/wp\/v2\/posts\/133780\/revisions"}],"wp:featuredmedia":[{"embeddable":true,"href":"https:\/\/www.europesays.com\/no\/wp-json\/wp\/v2\/media\/133781"}],"wp:attachment":[{"href":"https:\/\/www.europesays.com\/no\/wp-json\/wp\/v2\/media?parent=133780"}],"wp:term":[{"taxonomy":"category","embeddable":true,"href":"https:\/\/www.europesays.com\/no\/wp-json\/wp\/v2\/categories?post=133780"},{"taxonomy":"post_tag","embeddable":true,"href":"https:\/\/www.europesays.com\/no\/wp-json\/wp\/v2\/tags?post=133780"}],"curies":[{"name":"wp","href":"https:\/\/api.w.org\/{rel}","templated":true}]}}