{"id":133792,"date":"2026-01-10T11:40:09","date_gmt":"2026-01-10T11:40:09","guid":{"rendered":"https:\/\/www.europesays.com\/no\/133792\/"},"modified":"2026-01-10T11:40:09","modified_gmt":"2026-01-10T11:40:09","slug":"na-er-det-alvor","status":"publish","type":"post","link":"https:\/\/www.europesays.com\/no\/133792\/","title":{"rendered":"N\u00e5 er det alvor"},"content":{"rendered":"<p class=\"kicker \" style=\"\">Totalforsvars\u00e5ret 2026:\u00a0<\/p>\n<p>    Putin truer Europa. Trump bryr seg bare om Trump. 2026 er \u00e5ret Norge skal \u00f8ve seg p\u00e5 krig.\u00a0<\/p>\n<p>\n    TOPPM\u00d8TE: Vladimir Putin og Donald Trump da de m\u00f8ttes i Alaska i august i fjor. Foto: REUTERS\/NTB\n  <\/p>\n<p data-lab-font_weight=\"font-weight-normal\" class=\"font-weight-normal m-font-weight-normal\">2026\u00a0begynte med en knallhard kilevink. \u00abS\u00e5 \u2013 ja\u00bb, sa statsminister Jonas Gahr St\u00f8re i <a href=\"https:\/\/www.regjeringen.no\/no\/aktuelt\/statsministerens-nyttarstale-2026\/id3143835\/\" rel=\"nofollow noopener\" target=\"_blank\">nytt\u00e5rstalen <\/a>sin, \u00abogs\u00e5\u00a0vi m\u00e5 v\u00e6re forberedt p\u00e5 at krig kan ramme Norge\u00bb.\u00a0<\/p>\n<p class=\"font-weight-normal m-font-weight-normal\" data-lab-font_weight=\"font-weight-normal\">Ett d\u00f8gn tidligere, hadde kong Harald <a href=\"https:\/\/www.kongehuset.no\/taler-og-budskap\/kong-harald-v\/kongens-nyttarstale-2025\" rel=\"nofollow noopener\" target=\"_blank\">minnet <\/a>sine kj\u00e6re landsmenn om at vi lever i ei urolig tid der \u00abden kjente verdensordenen som vi har fulgt i mange ti\u00e5r er i omveltning\u00bb. Derfor <a href=\"https:\/\/www.kongehuset.no\/taler-og-budskap\/kong-harald-v\/kongens-nyttarstale-2025\" rel=\"nofollow noopener\" target=\"_blank\">p\u00e5pekte <\/a>han at det er ekstra viktig \u00e5 ta vare p\u00e5 hverandre og at 2026 er totalforsvarets \u00e5r.\u00a0<\/p>\n<p>Det var en fin tale, den kunne f\u00e5 alle og enhver til \u00e5 f\u00f8le optimisme for framtida, men nei, bare glem det. Under NHOs \u00e5rskonferanse onsdag denne uka, der en del av tematikken var beredskap og igjen, totalforsvars\u00e5ret 2026, gikk\u00a0<a href=\"https:\/\/www.youtube.com\/watch?v=vqqTZoLld1g\" rel=\"nofollow noopener\" target=\"_blank\">sjefen for sj\u00f8forsvaret<\/a>\u00a0opp p\u00e5 scenen og knuste eventuelle illusjoner norske n\u00e6ringslivstopper m\u00e5tte ha om fred og fordragelighet:<\/p>\n<p>\u00abFor de av dere som tror at dette kommer til \u00e5 g\u00e5 bra, og at alt kommer til \u00e5 bli som f\u00f8r, s\u00e5 tror jeg at jeg m\u00e5 skuffe dere. Det er naivt\u00bb, sa han.<\/p>\n<p>Ja vel, greit! Vi tar poenget som hamres inn fra konge og fedreland. Men hva betyr det egentlig at 2026 er totalforsvarets \u00e5r?\u00a0<\/p>\n<p>Jo, det betyr at 2026 er \u00e5ret vi skal \u00f8ve p\u00e5 krig.\u00a0<\/p>\n<p>        <img loading=\"lazy\" decoding=\"async\" src=\"https:\/\/www.europesays.com\/no\/wp-content\/uploads\/2026\/01\/84080984.webp.webp\" width=\"667\" height=\"401\" title=\"ADVARSEL: I sin nytt\u00e5rstale advarte statsminister Jonas Gahr St\u00f8re om at Norge kan bli rammet av krig. Foto: Fredrik Varfjell \/ POOL \/ NTB.\" alt=\"\" class=\"\" style=\"--aspect-ratio-image: 1.66; \"\/><\/p>\n<p>\n        ADVARSEL: I sin nytt\u00e5rstale advarte statsminister Jonas Gahr St\u00f8re om at Norge kan bli rammet av krig. Foto: Fredrik Varfjell \/ POOL \/ NTB.\n    <\/p>\n<p>Totalforsvaret er den litt ulne betegnelsen p\u00e5 Norges samlede innsats, alts\u00e5 samarbeidet mellom milit\u00e6re og sivile ressurser, som kan brukes i krisesituasjoner.\u00a0\u00abHensikten med totalforsvars\u00e5ret\u00bb, st\u00e5r det p\u00e5 <a href=\"https:\/\/www.dsb.no\/ros-og-beredskap\/totalforsvarsaret-2026\/\" rel=\"nofollow noopener\" target=\"_blank\">nettsidene til Direktoratet for samfunnsikkerhet og beredskap<\/a>,\u00a0\u00aber \u00e5 styrke Norges evne til \u00e5 forebygge og h\u00e5ndtere sikkerhetspolitiske kriser og krig\u00bb.\u00a0<\/p>\n<p>Se for deg totalforsvaret som kroppen til et menneske. Da vil befolkningen selvf\u00f8lgelig v\u00e6re hjerte, hjerne, nyrer og lunger. Milit\u00e6ret er h\u00f8yre arm og fot, mens n\u00e6ringslivet er venstre arm og fot. Alle m\u00e5 jobbe sammen.\u00a0\u00a0<\/p>\n<p>Men under NHOs \u00e5rskonferanse ble det raskt \u00e5penbart hvorfor det tilsynelatende er behov for et eget \u00e5r for \u00e5 styrke totalforsvaret. Norske bedrifter, alts\u00e5 venstrebeinet, har \u00e5penbart ingen anelse om hva de skal gj\u00f8re hvis og n\u00e5r det smeller. Dette ble ogs\u00e5 p\u00e5pekt i Totalberedskapskommisjonens rapport fra 2023. I\u00a0en<a href=\"https:\/\/www.nho.no\/regionforeninger\/nho-viken-oslo\/artikkelarkiv\/totalforsvarsaret-2026-kun-1-av-3-bedrifter-opplever-seg-som-en-del-av-totalberedskapen.-6-av-10-vil-bidra-mer\" rel=\"nofollow noopener\" target=\"_blank\"> unders\u00f8kelse NHO<\/a> n\u00e5 har gjennomf\u00f8rt, svarte bare \u00e9n av tre bedrifter at de opplevde seg som en del av totalberedskapen.\u00a0<\/p>\n<p>        <img loading=\"lazy\" decoding=\"async\" src=\"https:\/\/www.europesays.com\/no\/wp-content\/uploads\/2026\/01\/84079691.webp.webp\" width=\"686\" height=\"933\" title=\"Illustrasjon: Finn Graff\" alt=\"\" class=\"\" style=\"--aspect-ratio-image: 0.74; \"\/><\/p>\n<p>\n        Illustrasjon: Finn Graff\n    <\/p>\n<p>Ikke at de ikke vil. Seks av ti vil bidra mer. De vet bare ikke hvordan. N\u00e5 etterlyser de tydeligere retningslinjer.\u00a0<\/p>\n<p>P\u00e5 konferansen snakket jeg med en bedriftsleder fra Vestlandet. I kommunen han bor i, er selskapet hans livsn\u00f8dvendig i ei krise. Han var aldri blitt kontaktet av verken stat eller kommune.\u00a0<\/p>\n<p>    <a itemprop=\"url\" href=\"https:\/\/www.dagbladet.no\/meninger\/et-fiendtlig-oppkjop-1\/84069164\" rel=\"nofollow noopener\" target=\"_blank\"><\/p>\n<p>        <img loading=\"lazy\" decoding=\"async\" src=\"https:\/\/www.europesays.com\/no\/wp-content\/uploads\/2026\/01\/1768045209_721_84068150.webp.webp\" width=\"980\" height=\"441\" title=\"Et fiendtlig oppkj\u00f8p\" alt=\"\" class=\"lazyload\" style=\"--aspect-ratio-image: 2.22; \"\/><\/p>\n<p>        Et fiendtlig oppkj\u00f8p<\/p>\n<p>    <\/a><\/p>\n<p>Det er ganske heftig, det <a href=\"https:\/\/www.dsb.no\/ros-og-beredskap\/totalforsvarsaret-2026\/ovelser-i-totalforsvarsaret-2026\/\" rel=\"nofollow noopener\" target=\"_blank\">scenariet <\/a>Norge skal \u00f8ve p\u00e5 i 2026: Det har oppst\u00e5tt v\u00e6pnet krig i nordomr\u00e5dene. Natos artikkel fem er utl\u00f8st og Norge m\u00e5 ta imot allierte styrker fra andre land.<\/p>\n<p>\u00d8velsene er rettet mot ulike m\u00e5lgrupper, fra befolkningen til kommunale og statlige organer og, selvf\u00f8lgelig, milit\u00e6ret. Klarer vi \u00e5 opprettholde kritiske funksjoner, som str\u00f8m, vann og kommunikasjon i en krisesituasjon?<\/p>\n<p>P\u00e5 nettsiden til <a href=\"https:\/\/www.dsb.no\/ovelser\/alle-ovelser\/\" rel=\"nofollow noopener\" target=\"_blank\">DSB\u00a0<\/a>kan du ogs\u00e5 finne ulike scenarier norske virksomheter kan \u00f8ve seg p\u00e5: Hva ville dere gjort ved bortfall av sattelittbaserte tjenester, hva ville dere gjort hvis samfunnskritiske funksjoner var ute av spill, hva ville dere gjort hvis noen utga seg for \u00e5 v\u00e6re sjefen, hva ville dere gjort hvis dere var utsatt for industrispionasje, osv osv.\u00a0<\/p>\n<p>Men ogs\u00e5 enkeltnordmenn skal til pers. Det blir fokus p\u00e5 \u00e5 f\u00e5 opp egenberedskapen. Idealet er at vi alle skal kunne klare oss uten samfunnets hjelp i ei hel uke. Her har Norge mye \u00e5 g\u00e5 p\u00e5. Over halvparten av oss er bare litt, eller ikke godt nok, forberedt. For \u00e5 v\u00e6re \u00e6rlig kjenner jeg sv\u00e6rt mange av disse. Jeg har slett ikke kjelleren full av lapskausbokser, og da jeg spurte en bekjent om hva han forbant med ordene totalforsvars\u00e5ret 2026 fikk han et rart uttrykk i ansiktet og svarte\u00a0\u00abnoe med vann\u00bb.\u00a0<\/p>\n<p>\u00abN\u00e5 er det alvor\u00bb het Totalberedskapskommisjonens rapport fra 2023, og den ble gitt ut f\u00f8r Donald Trumps USA skulle vise seg \u00e5 v\u00e6re en mildt sagt ustabil alliert. Hovedpoenget med totalberedskaps\u00e5ret 2026 er ikke bare \u00e5 \u00f8ve, men ogs\u00e5 \u00e5 snakke masse om at ja, n\u00e5 er det faktisk alvor.\u00a0<\/p>\n<p class=\"font-weight-normal m-font-weight-normal\" data-lab-font_weight=\"font-weight-normal\">Beredskap. Beredskap. Beredskap. Men det \u00e5 snakke om det, har flere funksjoner. Politikk er retorikk. N\u00e5r Jonas Gahr St\u00f8re sier at, ja, vi m\u00e5 v\u00e6re forberedt p\u00e5 at krig kan ramme Norge, driver han ikke bare med opplysning og realitetsorientering, han bereder grunnen for politikk. Han skaper et klima for endringer og prioriteringer.\u00a0<\/p>\n<p class=\"font-weight-normal m-font-weight-normal\" data-lab-font_weight=\"font-weight-normal\">Men ogs\u00e5 her er det grunn til \u00e5 v\u00e6re p\u00e5 vakt.\u00a0<\/p>\n<p class=\"font-weight-normal m-font-weight-normal\" data-lab-font_weight=\"font-weight-normal\">Norske politikere har allerede begynt \u00e5 bruke forsvar og beredskap som argumenter for \u00e5 kutte i ting de allerede var interessert i \u00e5 kutte i fra f\u00f8r. Jo mer fokus vi f\u00e5r p\u00e5 beredskap, desto mer akseptabelt kan det bli \u00e5 fjerne andre og mjukere velferdsordninger.\u00a0 Potensielt kan det berede grunnen for et hardere samfunn der vi holder folk ute, der vi er oss selv nok.\u00a0<\/p>\n<p class=\"font-weight-normal m-font-weight-normal\" data-lab-font_weight=\"font-weight-normal\">Det m\u00e5 ikke skje.\u00a0<\/p>\n<p>        <img loading=\"lazy\" decoding=\"async\" src=\"https:\/\/www.europesays.com\/no\/wp-content\/uploads\/2026\/01\/84080989.webp.webp\" width=\"980\" height=\"559\" title=\"KLART BUDSKAP: Kongen sa i sin nytt\u00e5rstale at vi lever i en urolig tid og at verdensordenen, slik vi kjenner den, er i omveltning. Foto: Cornelius Poppe \/ NTB.\" alt=\"\" class=\"\" style=\"--aspect-ratio-image: 1.75; \"\/><\/p>\n<p>\n        KLART BUDSKAP: Kongen sa i sin nytt\u00e5rstale at vi lever i en urolig tid og at verdensordenen, slik vi kjenner den, er i omveltning. Foto: Cornelius Poppe \/ NTB.\n    <\/p>\n<p class=\"font-weight-normal m-font-weight-normal\" data-lab-font_weight=\"font-weight-normal\">Kong Harald har \u00e5penbart v\u00e6rt inne p\u00e5 samme tanke. V\u00e5r \u00f8verste sjef i krig og krise var tydelig i sin nytt\u00e5rstale: \u00ab2026 er Totalforsvars\u00e5ret. V\u00e5rt beste sivile vern b\u00e5de i fred, krise og i verste fall krig, er en befolkning som st\u00e5r sammen, og som er villig til \u00e5 bidra \u2013 hver p\u00e5 sin m\u00e5te. B\u00e5de med hode, hjerte og hender. Med tid og med krefter. Velkommen p\u00e5 laget, hver og en.\u00bb<\/p>\n","protected":false},"excerpt":{"rendered":"Totalforsvars\u00e5ret 2026:\u00a0 Putin truer Europa. Trump bryr seg bare om Trump. 2026 er \u00e5ret Norge skal \u00f8ve seg&hellip;\n","protected":false},"author":2,"featured_media":133793,"comment_status":"","ping_status":"","sticky":false,"template":"","format":"standard","meta":{"footnotes":""},"categories":[10],"tags":[3851,20,21,24,25,15,266,22,23,156,13,30,28,29,14,16,4494,26,27],"class_list":{"0":"post-133792","1":"post","2":"type-post","3":"status-publish","4":"format-standard","5":"has-post-thumbnail","7":"category-norge","8":"tag-beredskap","9":"tag-breaking-news","10":"tag-breakingnews","11":"tag-featured-news","12":"tag-featurednews","13":"tag-headlines","14":"tag-kommentar","15":"tag-latest-news","16":"tag-latestnews","17":"tag-meninger","18":"tag-news","19":"tag-no","20":"tag-norge","21":"tag-norway","22":"tag-nyheter","23":"tag-overskrifter","24":"tag-sigrid-hvidsten","25":"tag-top-stories","26":"tag-topstories"},"share_on_mastodon":{"url":"https:\/\/pubeurope.com\/@no\/115870618330365133","error":""},"_links":{"self":[{"href":"https:\/\/www.europesays.com\/no\/wp-json\/wp\/v2\/posts\/133792","targetHints":{"allow":["GET"]}}],"collection":[{"href":"https:\/\/www.europesays.com\/no\/wp-json\/wp\/v2\/posts"}],"about":[{"href":"https:\/\/www.europesays.com\/no\/wp-json\/wp\/v2\/types\/post"}],"author":[{"embeddable":true,"href":"https:\/\/www.europesays.com\/no\/wp-json\/wp\/v2\/users\/2"}],"replies":[{"embeddable":true,"href":"https:\/\/www.europesays.com\/no\/wp-json\/wp\/v2\/comments?post=133792"}],"version-history":[{"count":0,"href":"https:\/\/www.europesays.com\/no\/wp-json\/wp\/v2\/posts\/133792\/revisions"}],"wp:featuredmedia":[{"embeddable":true,"href":"https:\/\/www.europesays.com\/no\/wp-json\/wp\/v2\/media\/133793"}],"wp:attachment":[{"href":"https:\/\/www.europesays.com\/no\/wp-json\/wp\/v2\/media?parent=133792"}],"wp:term":[{"taxonomy":"category","embeddable":true,"href":"https:\/\/www.europesays.com\/no\/wp-json\/wp\/v2\/categories?post=133792"},{"taxonomy":"post_tag","embeddable":true,"href":"https:\/\/www.europesays.com\/no\/wp-json\/wp\/v2\/tags?post=133792"}],"curies":[{"name":"wp","href":"https:\/\/api.w.org\/{rel}","templated":true}]}}