{"id":133800,"date":"2026-01-10T11:47:08","date_gmt":"2026-01-10T11:47:08","guid":{"rendered":"https:\/\/www.europesays.com\/no\/133800\/"},"modified":"2026-01-10T11:47:08","modified_gmt":"2026-01-10T11:47:08","slug":"iranske-sykehus-overveldet-av-skadede-demonstranter","status":"publish","type":"post","link":"https:\/\/www.europesays.com\/no\/133800\/","title":{"rendered":"Iranske sykehus overveldet av skadede demonstranter"},"content":{"rendered":"\n<p class=\"_lead_o9xde_2 _lead_xtcu6_50 layout-component text-serif-m layout-normal text-serif-l layout-component layout-wide layout-padded _wide_17hqh_1 layout-padded\">Leger melder om krisemodus og mangel p\u00e5 kirurger. Landets internett er fremdeles skrudd av. <\/p>\n<p><img alt=\"Demonstrasjonene i Iran herjer videre.  Foto: SOCIAL MEDIA \/ Reuters \/ NTB\" class=\"_image_qp4xg_65 layout-component layout-wide\" data-fullscreen- data-track-element-type=\"Article image fullscreen\" data-track-name=\"ImageFullscreen\" fetchpriority=\"high\" decoding=\"sync\" loading=\"eager\" height=\"2160\" itemprop=\"image\"  src=\"https:\/\/www.europesays.com\/no\/wp-content\/uploads\/2026\/01\/1768045626_933_c0c076c4-8690-48e6-af33-0bee5e978af1.jpeg\"  style=\"object-position:0% 0%\" width=\"3840\"\/>Demonstrasjonene i Iran herjer videre.  Foto: SOCIAL MEDIA \/ Reuters \/ NTB<\/p>\n<ul aria-hidden=\"true\" class=\"_images_ntbth_112\">\n<li><a class=\"_link_ntbth_117\" href=\"https:\/\/www.vg.no\/forfatter\/emma-fondenes-oevreboe\" style=\"z-index:2\" title=\"Emma Fondenes \u00d8vreb\u00f8\" rel=\"nofollow noopener\" target=\"_blank\"><img alt=\"Bilde av Emma Fondenes \u00d8vreb\u00f8\" class=\"_image_ntbth_93\" fetchpriority=\"low\" loading=\"lazy\" decoding=\"async\" itemprop=\"image\"  src=\"https:\/\/www.europesays.com\/no\/wp-content\/uploads\/2026\/01\/1768045627_370_a3715f19-7e77-4fbf-b20f-7d6f5cb479de.jpeg\"  width=\"480\"\/><\/a><\/li>\n<li><a class=\"_link_ntbth_117\" href=\"https:\/\/www.vg.no\/forfatter\/ntb\" style=\"z-index:1\" title=\"NTB\" rel=\"nofollow noopener\" target=\"_blank\"><img alt=\"Bilde av NTB\" class=\"_image_ntbth_93\" fetchpriority=\"low\" loading=\"lazy\" decoding=\"async\" itemprop=\"image\"  src=\"https:\/\/www.europesays.com\/no\/wp-content\/uploads\/2026\/01\/1768045627_726_c33980b0-5d07-4027-84a1-813f90a7c8d6.png\"  width=\"480\"\/><\/a><\/li>\n<\/ul>\n<p> Oppdatert l\u00f8rdag 10. januar kl. 12:10    <\/p>\n<ul class=\"_list_o9xde_3 _list_64s2r_85 _unordered_o9xde_106 text-sans-m\">\n<li class=\"_item_o9xde_30\">Iranske sykehus mangler kirurger og er i krisemodus grunnet demonstrasjoner og mange skadede.<\/li>\n<li class=\"_item_o9xde_30\">Minst 65 personer er drept, og 2300 er arrestert siden protestene startet 28. desember.<\/li>\n<li class=\"_item_o9xde_30\">Norges utenriksminister Espen Barth Eide ford\u00f8mmer volden mot demonstranter og oppfordrer Iran til \u00e5 respektere ytringsfrihet.<\/li>\n<\/ul>\n<p>Vis mer <\/p>\n<p class=\"_paragraph_o9xde_4 _paragraph_xtcu6_10 layout-component text-serif-m layout-normal text-serif-m layout-padded\">Iranske sykehus sliter med \u00e5 h\u00e5ndtere str\u00f8mmen av skadede demonstranter, melder <a href=\"https:\/\/www.bbc.com\/news\/articles\/cj9rengvnp9o\" class=\"_link_o9xde_39\" rel=\"nofollow noopener\" target=\"_blank\">BBC<\/a>.<\/p>\n<p class=\"_paragraph_o9xde_4 _paragraph_xtcu6_10 layout-component text-serif-m layout-normal text-serif-m layout-padded\">I romjulen begynte store demonstrasjoner i hovedstaden Teheran som siden har spredt seg til resten av landet. Bakgrunnen er den dype \u00f8konomiske krisen <a href=\"https:\/\/www.vg.no\/tag\/iran?utm_source=vg-article&amp;utm_medium=auto-tagger&amp;utm_campaign=5p6G6b\" class=\"_link_o9xde_39\" rel=\"nofollow noopener\" target=\"_blank\">Iran<\/a> befinner seg i.<\/p>\n<p class=\"_paragraph_o9xde_4 _paragraph_xtcu6_10 layout-component text-serif-m layout-normal text-serif-m layout-padded\">En lege ved Farabi-sykehuset i Teheran, som er landets st\u00f8rste \u00f8yespesialistsenter, forteller at sykehuset har g\u00e5tt i krisemodus. Legen kontaktet BBC via Starlink, fordi landets internett er stengt av. <\/p>\n<p class=\"_paragraph_o9xde_4 _paragraph_xtcu6_10 layout-component text-serif-m layout-normal text-serif-m layout-padded\">Ikke-akutte innleggelser og operasjoner er utsatt, og ekstra personell er kalt inn for \u00e5 h\u00e5ndtere n\u00f8dstilfellene, if\u00f8lge legen. <\/p>\n<p><img alt=\"Dette bildet publisert denne uken viser iranske milit\u00e6re styrker under en tale.   Foto: HANDOUT \/ AFP \/ NTB\" class=\"_image_qp4xg_65 layout-component layout-normal\" data-fullscreen- data-track-element-type=\"Article image fullscreen\" data-track-name=\"ImageFullscreen\" decoding=\"async\" loading=\"lazy\" height=\"800\" itemprop=\"image\"  src=\"https:\/\/www.europesays.com\/no\/wp-content\/uploads\/2026\/01\/a721bd4b-7a7f-4a88-ad2c-29d7b606f8ed.jpeg\"  style=\"object-position:0% 0%\" width=\"1200\"\/>Dette bildet publisert denne uken viser iranske milit\u00e6re styrker under en tale.   Foto: HANDOUT \/ AFP \/ NTB<\/p>\n<p class=\"_paragraph_o9xde_4 _paragraph_xtcu6_10 layout-component text-serif-m layout-normal text-serif-m layout-padded\">BBC har ogs\u00e5 f\u00e5tt tilgang til en video- og lydmelding fra en lege ved et sykehus i Shiraz. Han sier at store mengder skadede blir brakt inn, og at sykehuset ikke har nok kirurger til \u00e5 takle tilstr\u00f8mmingen.<\/p>\n<p class=\"_paragraph_o9xde_4 _paragraph_xtcu6_10 layout-component text-serif-m layout-normal text-serif-m layout-padded\">Legen hevder at mange av de s\u00e5rede har skudds\u00e5r i hodet og \u00f8ynene. En <a href=\"https:\/\/www.vg.no\/nyheter\/i\/wreE71\/demonstrasjonene-i-iran-vi-blir-moett-med-skarpe-skudd\" data-track-element-type=\"Link\" data-track-id=\"link:wreE71\" class=\"_link_o9xde_39\" rel=\"nofollow noopener\" target=\"_blank\">video VG har f\u00e5tt tilsendt fra eksiliranere utenfor landet<\/a> skal vise flere demonstranter som skal ha blitt skutt og drept natt til fredag i byen Karaj av det beryktede iranske sikkerhetsapparatet.<\/p>\n<p><img alt=\"Statlig fjernsyn i Iran viste fredag bilder av biler som sto i brann under demonstrasjonene.   Foto: Iransk statlig fjernsyn \/ AP \/ NTB\" class=\"_image_qp4xg_65 layout-component layout-normal\" data-fullscreen- data-track-element-type=\"Article image fullscreen\" data-track-name=\"ImageFullscreen\" decoding=\"async\" loading=\"lazy\" height=\"2055\" itemprop=\"image\"  src=\"https:\/\/www.europesays.com\/no\/wp-content\/uploads\/2026\/01\/98364777-355c-4af9-bc60-5a4436e3ed00.jpeg\"  style=\"object-position:0% 0%\" width=\"3083\"\/>Statlig fjernsyn i Iran viste fredag bilder av biler som sto i brann under demonstrasjonene.   Foto: Iransk statlig fjernsyn \/ AP \/ NTB<\/p>\n<p class=\"_paragraph_o9xde_4 _paragraph_xtcu6_10 layout-component text-serif-m layout-normal text-serif-m layout-padded\">Den norskbaserte organisasjonen Iran Human Rights (IHRNGO) opplyser at minst 51 demonstranter, inkludert ni barn, har blitt drept. BBC har snakket med familiene til 22 av dem og bekreftet deres identitet.<\/p>\n<p class=\"_paragraph_o9xde_4 _paragraph_xtcu6_10 layout-component text-serif-m layout-normal text-serif-m layout-padded\">15 sikkerhetspersonell er drept siden protestene startet 28. desember, if\u00f8lge menneskerettighetsgruppen HRANA. Over 2300 personer er arrestert.<\/p>\n<p class=\"_paragraph_o9xde_4 _paragraph_xtcu6_10 layout-component text-serif-m layout-normal text-serif-m layout-padded\">VG har de siste dagene v\u00e6rt i kontakt med flere kilder i ulike byer i Iran. Men etter at <a href=\"https:\/\/www.vg.no\/nyheter\/i\/zOgLo5\/internett-fortsatt-nede-i-iran-regimet-anklager-usa-og-israel-for-demonstrasjonene\" data-track-element-type=\"Link\" data-track-id=\"link:zOgLo5\" class=\"_link_o9xde_39\" rel=\"nofollow noopener\" target=\"_blank\">internettet ble skrudd av<\/a> i landet p\u00e5 torsdag, har de v\u00e6rt umulige \u00e5 n\u00e5.<\/p>\n<p><img alt=\"Foto: MANDEL NGAN \/ AFP \/ NTB\" class=\"_image_qp4xg_65 layout-component layout-normal\" data-fullscreen- data-track-element-type=\"Article image fullscreen\" data-track-name=\"ImageFullscreen\" decoding=\"async\" loading=\"lazy\" height=\"3110\" itemprop=\"image\"  src=\"https:\/\/www.europesays.com\/no\/wp-content\/uploads\/2026\/01\/dadcd4a4-6d01-4288-be84-9cac11560ece.jpeg\"  style=\"object-position:0% 0%\" width=\"4413\"\/>Foto: MANDEL NGAN \/ AFP \/ NTB<\/p>\n<p class=\"_paragraph_o9xde_4 _paragraph_xtcu6_10 layout-component text-serif-m layout-normal text-serif-m layout-padded\">De fleste internasjonale nyhetsorganisasjoner har ikke tilgang til \u00e5 rapportere fra Iran.<\/p>\n<p class=\"_paragraph_o9xde_4 _paragraph_xtcu6_10 layout-component text-serif-m layout-normal text-serif-m layout-padded\">President Donald Trump advarte fredag Iran mot \u00e5 \u00abbegynne \u00e5 skyte\u00bb, og sa landet var i \u00abstore problemer\u00bb.<\/p>\n<p class=\"_paragraph_o9xde_4 _paragraph_xtcu6_10 layout-component text-serif-m layout-normal text-serif-m layout-padded\">Irans \u00f8verste leder Ali Khamenei sier regimet \u00abikke vil vike\u00bb for demonstrantene. Demonstrasjonene som n\u00e5 p\u00e5g\u00e5r har\u00a0blitt beskrevet av BBC som de st\u00f8rste siden 2009.<\/p>\n<p><img alt=\"Foto: JOEL SAGET \/ AFP \/ NTB\" class=\"_image_qp4xg_65 layout-component layout-normal\" data-fullscreen- data-track-element-type=\"Article image fullscreen\" data-track-name=\"ImageFullscreen\" decoding=\"async\" loading=\"lazy\" height=\"4168\" itemprop=\"image\"  src=\"https:\/\/www.europesays.com\/no\/wp-content\/uploads\/2026\/01\/bfc00402-d442-4a01-83a2-3e4427a7d981.png\"  style=\"object-position:0% 0%\" width=\"6253\"\/>Foto: JOEL SAGET \/ AFP \/ NTB<\/p>\n<p class=\"_paragraph_o9xde_4 _paragraph_xtcu6_10 layout-component text-serif-m layout-normal text-serif-m layout-padded\">Reza Pahlavi, s\u00f8nn av\u00a0sjahensjahen&raquo;Sjah&raquo; er persisk for &laquo;konge&raquo;, og var tittelen p\u00e5 statslederen i Iran f\u00f8r den islamske revolusjonen i 1979.\u00a0som ble avsatt under den islamske revolusjonen i 1979, oppfordrer demonstrantene i Iran til \u00e5 ta kontroll over sentrumsomr\u00e5dene i byene der de demonstrerer. Han bor i eksil Washington.<\/p>\n<p class=\"_paragraph_o9xde_4 _paragraph_xtcu6_10 layout-component text-serif-m layout-normal text-serif-m layout-padded\">\u2013 V\u00e5rt m\u00e5l er ikke lenger bare \u00e5 ta gatene. M\u00e5let er \u00e5 forberede oss p\u00e5 \u00e5 ta og holde bykjerner, sier Pahlavi i en video lagt ut i sosiale medier.<\/p>\n<ul class=\"_list_o9xde_3 _list_xtcu6_9 _unordered_o9xde_106 layout-component text-serif-m layout-normal text-serif-m layout-padded\">\n<li class=\"_item_o9xde_30\"><strong class=\"_strong_o9xde_25\">Les ogs\u00e5: <a href=\"https:\/\/www.vg.no\/nyheter\/i\/0pKj0B\/reuters-hele-iran-er-uten-internett\" data-track-element-type=\"Link\" data-track-id=\"link:0pKj0B\" class=\"_link_o9xde_39\" rel=\"nofollow noopener\" target=\"_blank\">Sjahens s\u00f8nn advarte Iran: \u2013\u2060\u00a0Undertrykkelse av folket vil ikke forbli ubesvart<\/a><\/strong><\/li>\n<\/ul>\n<p class=\"_paragraph_o9xde_4 _paragraph_xtcu6_10 layout-component text-serif-m layout-normal text-serif-m layout-padded\">Her sier han ogs\u00e5 at han forbereder seg p\u00e5 \u00e5 dra tilbake til hjemlandet en dag han n\u00e5 tror er \u00abveldig n\u00e6r\u00bb.<\/p>\n<p> \u2013 Uakseptabelt<\/p>\n<p class=\"_paragraph_o9xde_4 _paragraph_xtcu6_10 layout-component text-serif-m layout-normal text-serif-m layout-padded\">Norges utenriksminister Espen Barth Eide (Ap) sier at han er sterkt bekymret.<\/p>\n<p class=\"_paragraph_o9xde_4 _paragraph_xtcu6_10 layout-component text-serif-m layout-normal text-serif-m layout-padded\">\u2013 Rapporter og bilder fra ulike deler av landet tyder p\u00e5 at demonstrasjoner m\u00f8tes med vold. Det meldes om at flere er drept de siste dagene og ukene. <\/p>\n<p class=\"_paragraph_o9xde_4 _paragraph_xtcu6_10 layout-component text-serif-m layout-normal text-serif-m layout-padded\">\u2013 Grov og un\u00f8dvendig bruk av makt mot demonstranter er uakseptabelt og ford\u00f8mmes.<\/p>\n<p><img decoding=\"async\" alt=\"Bilde av Espen Barth Eide\" class=\"_image_ygndg_42\" height=\"27\" itemprop=\"image\" loading=\"lazy\"  src=\"https:\/\/www.europesays.com\/no\/wp-content\/uploads\/2026\/01\/09ef96aa-9e87-4729-8b35-3fd5a8484743.jpeg\"  width=\"40\"\/><strong class=\"_name_ygndg_51 title-serif-xs\">Espen Barth Eide<\/strong><\/p>\n<p class=\"_paragraph_o9xde_4 text-sans-m _description_ygndg_56\">Norges utenriksminister<\/p>\n<p class=\"_paragraph_o9xde_4 _paragraph_xtcu6_10 layout-component text-serif-m layout-normal text-serif-m layout-padded\">Han oppfordrer iranske myndigheter til \u00e5 respektere demonstranters rett til \u00e5 ytre seg fritt og sikre fri tilgang til informasjon.<\/p>\n<p class=\"_paragraph_o9xde_4 _paragraph_xtcu6_10 layout-component text-serif-m layout-normal text-serif-m layout-padded\">\u2013 Iran m\u00e5 lytte til sitt folk. I stedet ser vi dessverre at myndighetene igjen fors\u00f8ker \u00e5 sl\u00e5 ned p\u00e5 dissens og begrense ytringer som ikke samsvarer med deres syn.<\/p>\n","protected":false},"excerpt":{"rendered":"Leger melder om krisemodus og mangel p\u00e5 kirurger. Landets internett er fremdeles skrudd av. Demonstrasjonene i Iran herjer&hellip;\n","protected":false},"author":2,"featured_media":133150,"comment_status":"","ping_status":"","sticky":false,"template":"","format":"standard","meta":{"footnotes":""},"categories":[12],"tags":[20,21,55,24,25,15,3228,22,23,13,30,28,29,14,16,26,27,42,46,43,44,45],"class_list":{"0":"post-133800","1":"post","2":"type-post","3":"status-publish","4":"format-standard","5":"has-post-thumbnail","7":"category-verden","8":"tag-breaking-news","9":"tag-breakingnews","10":"tag-donald-trump","11":"tag-featured-news","12":"tag-featurednews","13":"tag-headlines","14":"tag-iran","15":"tag-latest-news","16":"tag-latestnews","17":"tag-news","18":"tag-no","19":"tag-norge","20":"tag-norway","21":"tag-nyheter","22":"tag-overskrifter","23":"tag-top-stories","24":"tag-topstories","25":"tag-verden","26":"tag-vgai","27":"tag-world","28":"tag-world-news","29":"tag-worldnews"},"share_on_mastodon":{"url":"https:\/\/pubeurope.com\/@no\/115870646040547070","error":""},"_links":{"self":[{"href":"https:\/\/www.europesays.com\/no\/wp-json\/wp\/v2\/posts\/133800","targetHints":{"allow":["GET"]}}],"collection":[{"href":"https:\/\/www.europesays.com\/no\/wp-json\/wp\/v2\/posts"}],"about":[{"href":"https:\/\/www.europesays.com\/no\/wp-json\/wp\/v2\/types\/post"}],"author":[{"embeddable":true,"href":"https:\/\/www.europesays.com\/no\/wp-json\/wp\/v2\/users\/2"}],"replies":[{"embeddable":true,"href":"https:\/\/www.europesays.com\/no\/wp-json\/wp\/v2\/comments?post=133800"}],"version-history":[{"count":0,"href":"https:\/\/www.europesays.com\/no\/wp-json\/wp\/v2\/posts\/133800\/revisions"}],"wp:featuredmedia":[{"embeddable":true,"href":"https:\/\/www.europesays.com\/no\/wp-json\/wp\/v2\/media\/133150"}],"wp:attachment":[{"href":"https:\/\/www.europesays.com\/no\/wp-json\/wp\/v2\/media?parent=133800"}],"wp:term":[{"taxonomy":"category","embeddable":true,"href":"https:\/\/www.europesays.com\/no\/wp-json\/wp\/v2\/categories?post=133800"},{"taxonomy":"post_tag","embeddable":true,"href":"https:\/\/www.europesays.com\/no\/wp-json\/wp\/v2\/tags?post=133800"}],"curies":[{"name":"wp","href":"https:\/\/api.w.org\/{rel}","templated":true}]}}