{"id":133801,"date":"2026-01-10T11:48:38","date_gmt":"2026-01-10T11:48:38","guid":{"rendered":"https:\/\/www.europesays.com\/no\/133801\/"},"modified":"2026-01-10T11:48:38","modified_gmt":"2026-01-10T11:48:38","slug":"debatten-espen-aas-nrk-bekrefter-om-debatten-en-feil","status":"publish","type":"post","link":"https:\/\/www.europesays.com\/no\/133801\/","title":{"rendered":"Debatten, Espen Aas | NRK bekrefter om \u00abDebatten\u00bb: \u2013 En feil"},"content":{"rendered":"\n<p>Torsdag kveld er det klart for en ny sesong av \u00abDebatten\u00bb.<\/p>\n<p>NRK-profilene <a rel=\"Follow nofollow noopener\" href=\"https:\/\/www.nettavisen.no\/kjendis\/espen-aas-skulle-si-nei-til-debatten-derfor-snudde-han\/s\/5-95-2777412\" target=\"_blank\">Espen Aas (52) og \u00c5sa Vartdal (49) har tatt over som programledere<\/a>, etter at Fredrik Solvang (48) i fjor ga seg etter sju \u00e5r i rollen.<\/p>\n<p>F\u00f8r jul gikk NRK ut med at \u00abDebatten\u00bb skulle ha oppstart med ny programledelse tirsdag 6. januar. N\u00e5 forklarer kanalen hvorfor det ikke ble tilfellet.<\/p>\n<p>    Vil du se neste video?<\/p>\n<p>    <a href=\"https:\/\/www.nettavisen.no\/nyheter\/ukrainsk-jagerfly-odelegger-for-vladimir-putin-i-pokrovsk\/v\/5-95-2807927\" class=\"recommend-poster\" data-adp-clicklabel=\"video-recommend\" data-adp-clickvalue=\"poster\" rel=\"nofollow noopener\" target=\"_blank\"><br \/>\n      <img decoding=\"async\" width=\"200\" height=\"200\" loading=\"lazy\" src=\"https:\/\/www.europesays.com\/no\/wp-content\/uploads\/2026\/01\/JAGERFLY+BREDDE.jpg\" alt=\"\" class=\"brick-c-cFOWSL\" style=\"--brick-image-ratio: 200 \/ 200;\"\/><\/p>\n<p>Nye bilder: Rammer Putin hardt0:41<\/p>\n<p>    <\/a><\/p>\n<p>\u2013 Trengte litt ekstra tid<\/p>\n<p>Solveig Tvedt, redaksjonssjef i \u00abDebatten\u00bb, sier at det ikke ligger noe dramatisk bak at oppstarten har blitt forskj\u00f8vet med to dager.<\/p>\n<p>\u2013 Der var det som var enklest rent praktisk. Vi trengte litt ekstra tid. Det viktigste for oss var \u00e5 komme i gang denne uken, og det gj\u00f8r vi, sier hun til Nettavisen.<\/p>\n<p>NRKs presseavdeling sendte f\u00f8rst ut informasjon om at sesongstart skulle v\u00e6re 6. januar. De skylder p\u00e5 en datofeil og opplyser at dette siden har blitt rettet.<\/p>\n<p>   <img decoding=\"async\" width=\"4631\" height=\"3087\" fetchpriority=\"low\"  loading=\"lazy\"  src=\"https:\/\/www.europesays.com\/no\/wp-content\/uploads\/2026\/01\/NTB_J17AR00egV4.jpg\" alt=\"\" class=\"brick-c-cFOWSL\" style=\"--brick-image-ratio: 4631 \/ 3087;\"\/><\/p>\n<p>      GIR STAFETTPINNEN VIDERE: Fredrik Solvang avbildet med Ingerid Stenvold, \u00c5sa Vartdal og Espen Aas p\u00e5 Aschehougs hagefest i 2025.<br \/>\n      Foto: Terje Pedersen (NTB)\n    <\/p>\n<p>N\u00e5 ser NRK fram til \u00e5 sparke i gang en ny sesong med nye programledere.<\/p>\n<p>\u2013 Vi gleder oss, og det gj\u00f8r Espen og \u00c5sa ogs\u00e5. Vi vet at \u00abDebatten\u00bb er et viktig program for mange, ikke minst i en tid hvor det skjer veldig mye i verden, sier Tvedt.<\/p>\n<p>De blir begge \u00e5 se i torsdagens sending.<\/p>\n<p>\u2013 Begge to skal lede programmet i kveld. Det er hovedintensjonen, ogs\u00e5 kan det bli slik at de blir alene en gang iblant. Men i all hovedsak skal de lede \u00abDebatten\u00bb sammen, sier Solveig Tvedt.<\/p>\n<p><b>Les ogs\u00e5: <a rel=\"Follow nofollow noopener\" href=\"https:\/\/www.nettavisen.no\/kjendis\/espen-aas-skulle-si-nei-til-debatten-derfor-snudde-han\/s\/5-95-2777412\" target=\"_blank\">Skulle takke nei til \u00abDebatten\u00bb: Derfor snudde han<\/a><\/b><\/p>\n<p>Temaet for \u00e5rets f\u00f8rste \u00abDebatten\u00bb-sending er situasjonen p\u00e5 Gr\u00f8nland. USAs president Donald Trump <a href=\"https:\/\/www.nettavisen.no\/gronland\/donald-trump\/utenriks\/norsk-gronland-maling-halvparten-tror-usa-vil-bruke-makt\/s\/5-95-2812933\" rel=\"Follow nofollow noopener\" target=\"_blank\">har den siste uken kommet med en rekke trusler om \u00e5 ta over \u00f8ya<\/a>, som er en del av kongeriket Danmark.<\/p>\n<p>Utspillene har f\u00f8rt til en sv\u00e6rt spent sikkerhetspolitisk situasjon i Europa.<\/p>\n<p>\u2013 Det som skjer der er noe som folk er opptatt av, og det er et naturlig tema \u00e5 ha i \u00abDebatten\u00bb, sier Solveig Tvedt.<\/p>\n<p>    Vil du se neste video?<\/p>\n<p>    <a href=\"https:\/\/www.nettavisen.no\/nyheter\/ukrainsk-jagerfly-odelegger-for-vladimir-putin-i-pokrovsk\/v\/5-95-2807927\" class=\"recommend-poster\" data-adp-clicklabel=\"video-recommend\" data-adp-clickvalue=\"poster\" rel=\"nofollow noopener\" target=\"_blank\"><br \/>\n      <img decoding=\"async\" width=\"200\" height=\"200\" loading=\"lazy\" src=\"https:\/\/www.europesays.com\/no\/wp-content\/uploads\/2026\/01\/JAGERFLY+BREDDE.jpg\" alt=\"\" class=\"brick-c-cFOWSL\" style=\"--brick-image-ratio: 200 \/ 200;\"\/><\/p>\n<p>Nye bilder: Rammer Putin hardt0:41<\/p>\n<p>    <\/a><\/p>\n<p>Derfor er det to \u00abDebatten\u00bb-programledere<\/p>\n<p>Valget om \u00e5 ha to programledere forklarer hun med et \u00f8nske om fornyelse og \u00e5 gj\u00f8re noe litt annerledes.<\/p>\n<p>\u2013 Det pr\u00f8vde vi da Nina Owing og Atle Bjurstr\u00f8m vikarierte for Fredrik Solvang for noen \u00e5r siden, og det syntes vi var spennende. \u00c5sa og Espen er begge veldig flinke nyhetsfolk, men samtidig litt forskjellige. De er dyktige og kjenner hverandre ogs\u00e5 veldig godt, s\u00e5 vi tror de blir et godt par.<\/p>\n<p><b>Les ogs\u00e5: <a rel=\"Follow nofollow noopener\" href=\"https:\/\/www.nettavisen.no\/kjendis\/mesternes-mester-nattesten-endret-etter-klagestorm-mot-nrk-fjerner-fordelen\/s\/5-95-2795051\" target=\"_blank\">Klagestorm i fjor: Bekrefter endring<\/a><\/b><\/p>\n<p>Solveig Tvedt har ikke snakket med Espen Aas og \u00c5sa Vartdal torsdag, men hun sier dette om programledernes nerver f\u00f8r den store debuten:<\/p>\n<p>\u2013 Jeg tror de har spente og forventningsfulle, men at de har god kontroll.<\/p>\n<p>Espen Aas har i flere \u00e5r v\u00e6rt programleder i \u00abDagsnytt 18\u00bb p\u00e5 NRK, og har ogs\u00e5 lang fartstid som reporter og korrespondent.<\/p>\n<p>\u00c5sa Vartdal kommer fra jobben som nyhetsanker i \u00abDagsrevyen\u00bb, og har ledet store nyhets- og valgsendinger.<\/p>\n<p>    Vil du se neste video?<\/p>\n<p>    <a href=\"https:\/\/www.nettavisen.no\/nyheter\/fredrik-solvang-reagerer-pa-at-espen-aas-og-asa-vartdal-blir-nye-programledere-for-debatten-pa-nrk\/v\/5-95-2783990\" class=\"recommend-poster\" data-adp-clicklabel=\"video-recommend\" data-adp-clickvalue=\"poster\" rel=\"nofollow noopener\" target=\"_blank\"><br \/>\n      <img decoding=\"async\" width=\"200\" height=\"200\" loading=\"lazy\" src=\"https:\/\/www.europesays.com\/no\/wp-content\/uploads\/2026\/01\/SOLVANG+BREDDE.jpg\" alt=\"\" class=\"brick-c-cFOWSL\" style=\"--brick-image-ratio: 200 \/ 200;\"\/><\/p>\n<p>Reagerer p\u00e5 Debatten-valg: \u2013 Ikke enklere1:21<\/p>\n<p>    <\/a><\/p>\n","protected":false},"excerpt":{"rendered":"Torsdag kveld er det klart for en ny sesong av \u00abDebatten\u00bb. NRK-profilene Espen Aas (52) og \u00c5sa Vartdal&hellip;\n","protected":false},"author":2,"featured_media":133802,"comment_status":"","ping_status":"","sticky":false,"template":"","format":"standard","meta":{"footnotes":""},"categories":[10],"tags":[20,21,24,25,15,22,23,13,30,28,29,14,16,26,27],"class_list":{"0":"post-133801","1":"post","2":"type-post","3":"status-publish","4":"format-standard","5":"has-post-thumbnail","7":"category-norge","8":"tag-breaking-news","9":"tag-breakingnews","10":"tag-featured-news","11":"tag-featurednews","12":"tag-headlines","13":"tag-latest-news","14":"tag-latestnews","15":"tag-news","16":"tag-no","17":"tag-norge","18":"tag-norway","19":"tag-nyheter","20":"tag-overskrifter","21":"tag-top-stories","22":"tag-topstories"},"share_on_mastodon":{"url":"https:\/\/pubeurope.com\/@no\/115870649938678911","error":""},"_links":{"self":[{"href":"https:\/\/www.europesays.com\/no\/wp-json\/wp\/v2\/posts\/133801","targetHints":{"allow":["GET"]}}],"collection":[{"href":"https:\/\/www.europesays.com\/no\/wp-json\/wp\/v2\/posts"}],"about":[{"href":"https:\/\/www.europesays.com\/no\/wp-json\/wp\/v2\/types\/post"}],"author":[{"embeddable":true,"href":"https:\/\/www.europesays.com\/no\/wp-json\/wp\/v2\/users\/2"}],"replies":[{"embeddable":true,"href":"https:\/\/www.europesays.com\/no\/wp-json\/wp\/v2\/comments?post=133801"}],"version-history":[{"count":0,"href":"https:\/\/www.europesays.com\/no\/wp-json\/wp\/v2\/posts\/133801\/revisions"}],"wp:featuredmedia":[{"embeddable":true,"href":"https:\/\/www.europesays.com\/no\/wp-json\/wp\/v2\/media\/133802"}],"wp:attachment":[{"href":"https:\/\/www.europesays.com\/no\/wp-json\/wp\/v2\/media?parent=133801"}],"wp:term":[{"taxonomy":"category","embeddable":true,"href":"https:\/\/www.europesays.com\/no\/wp-json\/wp\/v2\/categories?post=133801"},{"taxonomy":"post_tag","embeddable":true,"href":"https:\/\/www.europesays.com\/no\/wp-json\/wp\/v2\/tags?post=133801"}],"curies":[{"name":"wp","href":"https:\/\/api.w.org\/{rel}","templated":true}]}}