{"id":133803,"date":"2026-01-10T11:49:18","date_gmt":"2026-01-10T11:49:18","guid":{"rendered":"https:\/\/www.europesays.com\/no\/133803\/"},"modified":"2026-01-10T11:49:18","modified_gmt":"2026-01-10T11:49:18","slug":"mystisk-pengefunn-kan-bli-nokkelen","status":"publish","type":"post","link":"https:\/\/www.europesays.com\/no\/133803\/","title":{"rendered":"Mystisk pengefunn: Kan bli n\u00f8kkelen"},"content":{"rendered":"<p>    Plastposer i plastposer. De kan bli viktige i etterforskningen av kontantfunnet i Sandnes, tror tidligere etterforskningsleder J\u00f8rn Lier Horst.\u00a0<\/p>\n<p>\n    POSE I SEKK: Bilder av pengefunnet i Sandnes viser det som tilsynelatende er plastposer fra norske dagligvarekjeder inne i en st\u00f8rre s\u00f8ppelsekk i plast. De kan bli avgj\u00f8rende for etterforskningen, tror tidligere etterforskningsleder J\u00f8rn Lier Horst. Foto: Privat\n  <\/p>\n<p>Tirsdag fikk politiet en telefon: Gravearbeidere hadde\u00a0<a href=\"https:\/\/www.dagbladet.no\/nyheter\/mystisk-pengefunn-visste-ingenting\/84067230\" target=\"_blank\" rel=\"nofollow noopener\">funnet \u00aben betydelig sum med kontanter\u00bb<\/a>\u00a0i forbindelse med utbedringer i ei gate i Sandnes.\u00a0<\/p>\n<p><a href=\"https:\/\/www.nrk.no\/rogaland\/pengene-skal-ikke-stamme-fra-nokas-ranet-1.17718909\" rel=\"nofollow noopener\" target=\"_blank\">NRK<\/a>\u00a0kastet torsdag kaldt vann p\u00e5 spekulasjoner om hvorvidt det kunne v\u00e6re penger fra Nokas-ranet i 2004 som ble funnet i Sandnes.\u00a0<\/p>\n<p>\u00abDet skal det ikke v\u00e6re\u00bb, skrev statskanalen, med henvisning til ikke navngitte politikilder.\u00a0\u00a0<\/p>\n<p>        RAN: Natt til fredag ble en mann i 20-\u00e5rene p\u00e5grepet i Oslo for ranet p\u00e5 Joker Vestparken i L\u00f8renskog. Video: Politiet<\/p>\n<p>I en <a href=\"https:\/\/www.politiet.no\/aktuelt-tall-og-fakta\/aktuelt\/nyheter\/2026\/01\/08\/pressemelding-pengefunnet-i-oalsgata-i-sandnes\/\" rel=\"nofollow noopener\" target=\"_blank\">pressemelding<\/a> publisert torsdag gjorde politiet det klart at de forel\u00f8pig ikke vil g\u00e5 ut med verken pengesummen eller sedlenes \u00e5rstall.<\/p>\n<p>Bilder av funnet viser at det blant annet er snakk om 200- og 500-lapper.\u00a0<\/p>\n<p class=\"font-weight-bold m-font-weight-bold\" data-lab-font_weight=\"font-weight-bold\">De viser tilsynelatende ogs\u00e5 plastposer fra norske dagligvarekjeder inne i en st\u00f8rre s\u00f8ppelsekk i plast.\u00a0<\/p>\n<p>&#8211;\u00a0Hvis det er noe som har ligget inne i noe annet, som ikke har v\u00e6rt i direkte kontakt med jord, s\u00e5 er det klart at der kan det v\u00e6re b\u00e5de fingeravtrykk og DNA, sier J\u00f8rn Lier Horst til Dagbladet.\u00a0<\/p>\n<p>        <img loading=\"lazy\" decoding=\"async\" src=\"https:\/\/www.europesays.com\/no\/wp-content\/uploads\/2026\/01\/84079280.webp.webp\" width=\"980\" height=\"559\" title=\"- RART: Politiet har forel\u00f8pig ikke g\u00e5tt ut med noen hypoteser knyttet til opphavet til pengene som ble funnet i Sandnes. - Men jeg synes at det er rart om det skulle v\u00e6re gravd ned p\u00e5 denne m\u00e5ten, om det er en privat formue, sier J\u00f8rn Lier Horst. Foto: Lars Eivind Bones \/ Dagbladet\" alt=\"\" class=\"\" style=\"--aspect-ratio-image: 1.75; \"\/><\/p>\n<p>\n        &#8211; RART: Politiet har forel\u00f8pig ikke g\u00e5tt ut med noen hypoteser knyttet til opphavet til pengene som ble funnet i Sandnes. &#8211; Men jeg synes at det er rart om det skulle v\u00e6re gravd ned p\u00e5 denne m\u00e5ten, om det er en privat formue, sier J\u00f8rn Lier Horst. Foto: Lars Eivind Bones \/ Dagbladet\n    <\/p>\n<p>&#8211; Fint utgangspunkt\t<\/p>\n<p> Horst er krimforfatter og tidligere etterforskningsleder i Vestfold politidistrikt. <\/p>\n<p>Det kan v\u00e6re st\u00f8rre sjanse for \u00e5 gj\u00f8re funn p\u00e5 disse plastposene enn p\u00e5 sedlene og p\u00e5 den ytre s\u00f8ppelsekken, mener han.\u00a0<\/p>\n<p>Generelt kan det ofte v\u00e6re vanskelig \u00e5 hente fingeravtrykk fra pengesedler, fordi de er i oml\u00f8p og det gjerne er mange som har hatt fingrene i dem, forklarer Horst.<\/p>\n<p class=\"italic m-italic\" data-lab-italic=\"italic\">\u00a0&#8211; S\u00e5 hvis det dreier seg om poser inne i en pose, s\u00e5 kan det potensielt bli n\u00f8kkelen til det kriminaltekniske sporet?<\/p>\n<p class=\"font-weight-bold m-font-weight-bold\" data-lab-font_weight=\"font-weight-bold\">&#8211; Absolutt. Der har de jo ligget oppbevart b\u00e5de m\u00f8rkt og med jevn temperatur, antagelig. Uten ytre\u00a0p\u00e5virkninger. S\u00e5 det vil v\u00e6re et fint utgangspunkt, sier Horst.\u00a0\u00a0<\/p>\n<p>I pressemeldingen torsdag opplyste politiet at de blant annet planla avh\u00f8r med \u00abpersoner som har hatt tilknytning til huset som tidligere sto p\u00e5 tomten hvor pengene ble funnet\u00bb.\u00a0<\/p>\n<p>&#8211; Unders\u00f8kelsene som foretas inkluderer telling av pengene, sjekk av \u00e5rstall og avklaringer av dette opp mot Norges Bank, skrev politiet videre.<\/p>\n<p> I tillegg sjekker politiet om det kan finnes DNA og fingeravtrykk p\u00e5 sedlene.\u00a0<\/p>\n<p>    <a itemprop=\"url\" href=\"https:\/\/www.dagbladet.no\/nyheter\/bitch-jeg-vil-ha-dem\/84071017\" rel=\"nofollow noopener\" target=\"_blank\"><\/p>\n<p>        <img loading=\"lazy\" decoding=\"async\" src=\"https:\/\/www.europesays.com\/no\/wp-content\/uploads\/2026\/01\/84071465.webp.webp\" width=\"980\" height=\"441\" title=\"- Bitch, jeg vil ha dem\" alt=\"\" class=\"lazyload\" style=\"--aspect-ratio-image: 2.22; \"\/><\/p>\n<p>        &#8211; Bitch, jeg vil ha dem<\/p>\n<p>    <\/a><\/p>\n<p>Penger og narkotika\t<\/p>\n<p>Det er vanlig at kriminelle benytter seg av slike pengedepoter, da det gjerne er lite opportunt \u00e5 sette narkotikapenger eller ransutbytte p\u00e5 h\u00f8yrentekonto.\u00a0<\/p>\n<p>&#8211; Pengedepoter er vanlig p\u00e5 samme m\u00e5te som narkotikadepoter. Begge deler er p\u00e5 en m\u00e5te like mye verdt, s\u00e5 risikoen ved \u00e5 skulle grave ned penger er jo ikke st\u00f8rre enn om du graver ned et narkotikaparti &#8211; for den som st\u00e5r bak det, sier Horst &#8211; og fortsetter:\u00a0\u00a0<\/p>\n<p class=\"font-weight-bold m-font-weight-bold\" data-lab-font_weight=\"font-weight-bold\">&#8211; Risikoen er jo st\u00f8rre om du tas med st\u00f8rre pengebel\u00f8p hjemme, som ikke du kan redegj\u00f8re for.\u00a0<\/p>\n<p>    <a itemprop=\"url\" href=\"https:\/\/www.dagbladet.no\/nyheter\/gransker-sedler\/84070506\" rel=\"nofollow noopener\" target=\"_blank\"><\/p>\n<p>        <img loading=\"lazy\" decoding=\"async\" src=\"https:\/\/www.europesays.com\/no\/wp-content\/uploads\/2026\/01\/84070528.webp.webp\" width=\"980\" height=\"441\" title=\"Gransker sedler\" alt=\"\" class=\"lazyload\" style=\"--aspect-ratio-image: 2.22; \"\/><\/p>\n<p>        Gransker sedler<\/p>\n<p>    <\/a><\/p>\n<p>Horst understreker at han ikke kjenner det kriminelle milj\u00f8et i Rogaland i samme grad som p\u00e5 \u00d8stlandet.\u00a0<\/p>\n<p>Ransmilj\u00f8et p\u00e5 \u00d8stlandet \u00abbrakk n\u00e6rmest ryggen\u00bb i etterforskningen av Nokas-ranet, framholder han.<\/p>\n<p>&#8211; Men det er klart: Det er jo alltid mye penger i narkotikakriminalitet.<\/p>\n<p>\u00c5rstall p\u00e5 sedlene vil gi politiet et tidsrom \u00e5 jobbe ut ifra, p\u00e5peker Horst. Det framkommer av bilder fra stedet at det dreier seg om sedler som har g\u00e5tt ut av sirkulasjon.<\/p>\n<p>    <a itemprop=\"url\" href=\"https:\/\/www.dagbladet.no\/nyheter\/mystisk-pengefunn-visste-ingenting\/84067230\" rel=\"nofollow noopener\" target=\"_blank\"><\/p>\n<p>        <img loading=\"lazy\" decoding=\"async\" src=\"https:\/\/www.europesays.com\/no\/wp-content\/uploads\/2026\/01\/84067874.webp.webp\" width=\"980\" height=\"441\" title=\"Mystisk pengefunn: - Visste ingenting\" alt=\"\" class=\"lazyload\" style=\"--aspect-ratio-image: 2.22; \"\/><\/p>\n<p>        Mystisk pengefunn: &#8211; Visste ingenting<\/p>\n<p>    <\/a><\/p>\n<p>Politiet ordknappe\t<\/p>\n<p>Politiet har forel\u00f8pig ikke g\u00e5tt ut med noen hypoteser knyttet til opphavet til pengene som ble funnet i Sandnes.\u00a0<\/p>\n<p>&#8211; N\u00e5r et s\u00e5pass stort kontantbel\u00f8p er gravd ned og skjult p\u00e5 den m\u00e5ten er det naturlig \u00e5 tro at dette er et bel\u00f8p som stammer fra en straffbar handling. Men det kan vi ikke konkludere, sa operasjonsleder Victor Fenne-Jensen til <a href=\"https:\/\/www.nrk.no\/rogaland\/funn-av-betydelig-pengesum-i-oalsgata-i-sandnes_-kan-vaere-snakk-om-millioner-1.17717783\" rel=\"nofollow noopener\" target=\"_blank\">NRK<\/a> onsdag.\u00a0\u00a0<\/p>\n<p>Horst bemerker at det finnes privatpersoner som av ulike \u00e5rsaker ikke stoler p\u00e5 bankvesenet, og derfor oppbevarer kontanter.\u00a0<\/p>\n<p class=\"font-weight-normal m-font-weight-normal\" data-lab-font_weight=\"font-weight-normal\">&#8211; Men jeg synes at det er rart om det skulle v\u00e6re gravd ned p\u00e5 denne m\u00e5ten, om det er en privat formue, sier han.\u00a0\u00a0<\/p>\n<p class=\"font-weight-bold m-font-weight-bold\" data-lab-font_weight=\"font-weight-bold\">Han mener at det er sannsynlighetsovervekt for at pengene stammer fra en straffbar handling.\u00a0<\/p>\n<p>Kommunikasjonsr\u00e5dgiver\u00a0Jonas\u00a0Fabritius Christoffersen i Kripos bekreftet torsdag at Kripos er i dialog med\u00a0S\u00f8r-Vest politidistrikt.\u00a0<\/p>\n<p>&#8211; Vi har spesialkompetanse p\u00e5 en del unders\u00f8kelser som DNA, fingeravtrykk og dokumentgranskning, s\u00e5nn at vi kan r\u00e5dgi politidistriktet i hva som b\u00f8r gj\u00f8res med dette, sier han til Dagbladet.\u00a0<\/p>\n","protected":false},"excerpt":{"rendered":"Plastposer i plastposer. De kan bli viktige i etterforskningen av kontantfunnet i Sandnes, tror tidligere etterforskningsleder J\u00f8rn Lier&hellip;\n","protected":false},"author":2,"featured_media":133804,"comment_status":"","ping_status":"","sticky":false,"template":"","format":"standard","meta":{"footnotes":""},"categories":[5],"tags":[20,21,24,25,15,19,2539,22,23,17,18,13,30,28,29,14,16,26,27],"class_list":{"0":"post-133803","1":"post","2":"type-post","3":"status-publish","4":"format-standard","5":"has-post-thumbnail","7":"category-overskrifter","8":"tag-breaking-news","9":"tag-breakingnews","10":"tag-featured-news","11":"tag-featurednews","12":"tag-headlines","13":"tag-hovedoppslag","14":"tag-innenriks","15":"tag-latest-news","16":"tag-latestnews","17":"tag-main-news","18":"tag-mainnews","19":"tag-news","20":"tag-no","21":"tag-norge","22":"tag-norway","23":"tag-nyheter","24":"tag-overskrifter","25":"tag-top-stories","26":"tag-topstories"},"share_on_mastodon":{"url":"https:\/\/pubeurope.com\/@no\/115870653754756671","error":""},"_links":{"self":[{"href":"https:\/\/www.europesays.com\/no\/wp-json\/wp\/v2\/posts\/133803","targetHints":{"allow":["GET"]}}],"collection":[{"href":"https:\/\/www.europesays.com\/no\/wp-json\/wp\/v2\/posts"}],"about":[{"href":"https:\/\/www.europesays.com\/no\/wp-json\/wp\/v2\/types\/post"}],"author":[{"embeddable":true,"href":"https:\/\/www.europesays.com\/no\/wp-json\/wp\/v2\/users\/2"}],"replies":[{"embeddable":true,"href":"https:\/\/www.europesays.com\/no\/wp-json\/wp\/v2\/comments?post=133803"}],"version-history":[{"count":0,"href":"https:\/\/www.europesays.com\/no\/wp-json\/wp\/v2\/posts\/133803\/revisions"}],"wp:featuredmedia":[{"embeddable":true,"href":"https:\/\/www.europesays.com\/no\/wp-json\/wp\/v2\/media\/133804"}],"wp:attachment":[{"href":"https:\/\/www.europesays.com\/no\/wp-json\/wp\/v2\/media?parent=133803"}],"wp:term":[{"taxonomy":"category","embeddable":true,"href":"https:\/\/www.europesays.com\/no\/wp-json\/wp\/v2\/categories?post=133803"},{"taxonomy":"post_tag","embeddable":true,"href":"https:\/\/www.europesays.com\/no\/wp-json\/wp\/v2\/tags?post=133803"}],"curies":[{"name":"wp","href":"https:\/\/api.w.org\/{rel}","templated":true}]}}