{"id":133813,"date":"2026-01-10T12:07:10","date_gmt":"2026-01-10T12:07:10","guid":{"rendered":"https:\/\/www.europesays.com\/no\/133813\/"},"modified":"2026-01-10T12:07:10","modified_gmt":"2026-01-10T12:07:10","slug":"fikk-bot-etter-a-ha-skutt-ku-pa-hjortejakt","status":"publish","type":"post","link":"https:\/\/www.europesays.com\/no\/133813\/","title":{"rendered":"Fikk bot etter \u00e5 ha skutt ku p\u00e5 hjortejakt"},"content":{"rendered":"\n<p class=\"_lead_o9xde_2 _lead_xtcu6_50 layout-component text-serif-m layout-normal text-serif-l layout-component layout-wide layout-padded _wide_17hqh_1 layout-padded\">Jegeren si f\u00f8rste jakt gjekk ikkje heilt etter planen. <\/p>\n<p><img alt=\"ILLUSTRASJONSKU: Dette er nokre andre kyr, enn kua som var involvert i skyteepisoden.  Foto: Gisle Oddstad \/ VG\" class=\"_image_qp4xg_65 layout-component layout-wide\" data-fullscreen- data-track-element-type=\"Article image fullscreen\" data-track-name=\"ImageFullscreen\" fetchpriority=\"high\" decoding=\"sync\" loading=\"eager\" height=\"5318\" itemprop=\"image\"  src=\"https:\/\/www.europesays.com\/no\/wp-content\/uploads\/2026\/01\/6a0c2bee-6617-4c39-b62f-e0951af3c6c3.png\"  style=\"object-position:0% 0%\" width=\"7742\"\/>ILLUSTRASJONSKU: Dette er nokre andre kyr, enn kua som var involvert i skyteepisoden.  Foto: Gisle Oddstad \/ VG<\/p>\n<ul aria-hidden=\"true\" class=\"_images_ntbth_112\">\n<li><a class=\"_link_ntbth_117\" href=\"https:\/\/www.vg.no\/forfatter\/hedda-kurseth\" style=\"z-index:1\" title=\"Hedda Kurseth\" rel=\"nofollow noopener\" target=\"_blank\"><img alt=\"Bilde av Hedda Kurseth\" class=\"_image_ntbth_93\" fetchpriority=\"low\" loading=\"lazy\" decoding=\"async\" itemprop=\"image\"  src=\"https:\/\/www.europesays.com\/no\/wp-content\/uploads\/2026\/01\/1768046827_76_b6ad06ce-2f4e-4492-9dd9-7cfbdae81f6d.jpeg\"  width=\"480\"\/><\/a><\/li>\n<\/ul>\n<p> Oppdatert l\u00f8rdag 10. januar kl. 12:32    <\/p>\n<ul class=\"_list_o9xde_3 _list_64s2r_85 _unordered_o9xde_106 text-sans-m\">\n<li class=\"_item_o9xde_30\">Ei blei skoten  under hjortejakt. <\/li>\n<li class=\"_item_o9xde_30\">Jegeren fekk bot. <\/li>\n<\/ul>\n<p>Vis mer <\/p>\n<p class=\"_paragraph_o9xde_4 _paragraph_xtcu6_10 layout-component text-serif-m layout-normal text-serif-m layout-padded\">I haust var ein fersk jeger p\u00e5 jakt i <a href=\"https:\/\/www.vg.no\/tag\/vanylven?utm_source=vg-article&amp;utm_medium=auto-tagger&amp;utm_campaign=vrAOEm\" class=\"_link_o9xde_39\" rel=\"nofollow noopener\" target=\"_blank\">Vanylven<\/a> p\u00e5 Sunnm\u00f8re med ein kompis. <\/p>\n<p class=\"_paragraph_o9xde_4 _paragraph_xtcu6_10 layout-component text-serif-m layout-normal text-serif-m layout-padded\"><strong class=\"_strong_o9xde_25\">Under jakta skaut han ei ku som han trudde var ein hjort. <\/strong><\/p>\n<p class=\"_paragraph_o9xde_4 _paragraph_xtcu6_10 layout-component text-serif-m layout-normal text-serif-m layout-padded\">Politiadvokat Arnt Erik Oust seier til <a href=\"https:\/\/www.smp.no\/nyheter\/n\/K83d25\/fekk-bot-etter-foerste-gong-paa-jakt\" class=\"_link_o9xde_39\" rel=\"nofollow noopener\" target=\"_blank\">Sunnm\u00f8rsposten<\/a> at dei begge var ferske jegerar og at dei jakta i b\u00e5de inn- og utmark. <\/p>\n<p class=\"_paragraph_o9xde_4 _paragraph_xtcu6_10 layout-component text-serif-m layout-normal text-serif-m layout-padded\">Kommunen har tidligere opplyst at hendinga skjedde i titida p\u00e5 kvelden. Det var m\u00f8rkt, men m\u00e5nelyst, if\u00f8lge avisa. <\/p>\n<p class=\"_paragraph_o9xde_4 _paragraph_xtcu6_10 layout-component text-serif-m layout-normal text-serif-m layout-padded\">Jegarane brukte b\u00e5de optisk og termisk sikte, som inneber at ein ser dyra p\u00e5 lang avstand i m\u00f8rket.<\/p>\n<p><img alt=\"Politiadvokat Arnt Erik Oust.  Foto: Odin J\u00e6ger \/ VG\" class=\"_image_qp4xg_65 layout-component layout-normal\" data-fullscreen- data-track-element-type=\"Article image fullscreen\" data-track-name=\"ImageFullscreen\" decoding=\"async\" loading=\"lazy\" height=\"4304\" itemprop=\"image\"  src=\"https:\/\/www.europesays.com\/no\/wp-content\/uploads\/2026\/01\/a212b7c5-799b-41c3-91bc-47f9d13734ba.jpeg\"  style=\"object-position:0% 0%\" width=\"6456\"\/>Politiadvokat Arnt Erik Oust.  Foto: Odin J\u00e6ger \/ VG<\/p>\n<p class=\"_paragraph_o9xde_4 _paragraph_xtcu6_10 layout-component text-serif-m layout-normal text-serif-m layout-padded\">Jegerane s\u00e5g p\u00e5 eit tidspunkt fleire hjortar, som etter kvart gjekk inn i skogen. <\/p>\n<p class=\"_paragraph_o9xde_4 _paragraph_xtcu6_10 layout-component text-serif-m layout-normal text-serif-m layout-padded\">Ti minutt seinare ser jegeren eit nytt dyr i siktet og skyt det han trudde var ein hjort. <\/p>\n<p class=\"_paragraph_o9xde_4 _paragraph_xtcu6_10 layout-component text-serif-m layout-normal text-serif-m layout-padded\">Det viste seg \u00e5 vere ei ku. <\/p>\n<p>Fekk bot<\/p>\n<p class=\"_paragraph_o9xde_4 _paragraph_xtcu6_10 layout-component text-serif-m layout-normal text-serif-m layout-padded\">Politiet oppretta sak p\u00e5 forholdet etter hendinga.<\/p>\n<p class=\"_paragraph_o9xde_4 _paragraph_xtcu6_10 layout-component text-serif-m layout-normal text-serif-m layout-padded\">If\u00f8lgje avisa fekk mannen ei bot p\u00e5 10.000 kroner etter brot p\u00e5 viltlova. <\/p>\n<p class=\"_paragraph_o9xde_4 _paragraph_xtcu6_10 layout-component text-serif-m layout-normal text-serif-m layout-padded\">\u2014 Saka er avgjort ved at sikta har akseptert f\u00f8relegg om bot, opplyser politiadvokat Arnt-Erik Oust til Sunnm\u00f8rsposten. <\/p>\n<p><img alt=\"Illustrasjonsbilete fr\u00e5 2010.  Foto: Kjell Herskedal \/ NTB\" class=\"_image_qp4xg_65 layout-component layout-normal\" data-fullscreen- data-track-element-type=\"Article image fullscreen\" data-track-name=\"ImageFullscreen\" decoding=\"async\" loading=\"lazy\" height=\"2848\" itemprop=\"image\"  src=\"https:\/\/www.europesays.com\/no\/wp-content\/uploads\/2026\/01\/dd63a4e6-674e-4f70-8445-5b393cc0f1bf.jpeg\"  style=\"object-position:0% 0%\" width=\"4272\"\/>Illustrasjonsbilete fr\u00e5 2010.  Foto: Kjell Herskedal \/ NTB<\/p>\n<p class=\"_paragraph_o9xde_4 _paragraph_xtcu6_10 layout-component text-serif-m layout-normal text-serif-m layout-padded\">Det var fordi jakta var gjort p\u00e5 ein slik m\u00e5te at det var til fare for husdyr.<\/p>\n<p class=\"_paragraph_o9xde_4 _paragraph_xtcu6_10 layout-component text-serif-m layout-normal text-serif-m layout-padded\">\u2014 Det var f\u00f8rste gong jegeren var p\u00e5 jakt, og det har litt \u00e5 seie for reaksjonen han har f\u00e5tt. Viss det hadde vore ein erfaren jeger, hadde det blitt ein strengare reaksjon, seier Oust. <\/p>\n<p class=\"_paragraph_o9xde_4 _paragraph_xtcu6_10 layout-component text-serif-m layout-normal text-serif-m layout-padded\">Eigaren av kua og jegeren har gjort opp mellom seg. <\/p>\n<p>     <img decoding=\"async\" alt=\"Tips oss illustrasjon\" src=\"https:\/\/www.europesays.com\/no\/wp-content\/uploads\/2025\/10\/pssst-small.webp.webp\"\/>    <\/p>\n<p class=\"title-serif-s\">Har du tips?<\/p>\n<p class=\"text-sans-m\">Send oss informasjon, bilder eller video.<\/p>\n<p>  <a href=\"https:\/\/www.vg.no\/tips-oss\" rel=\"nofollow noopener\" target=\"_blank\"> Tips oss <\/a>      <\/p>\n","protected":false},"excerpt":{"rendered":"Jegeren si f\u00f8rste jakt gjekk ikkje heilt etter planen. ILLUSTRASJONSKU: Dette er nokre andre kyr, enn kua som&hellip;\n","protected":false},"author":2,"featured_media":133814,"comment_status":"","ping_status":"","sticky":false,"template":"","format":"standard","meta":{"footnotes":""},"categories":[5],"tags":[31,20,21,24,25,15,8322,19,1521,11378,22,23,17,18,13,30,28,29,14,16,1069,26,27,632],"class_list":{"0":"post-133813","1":"post","2":"type-post","3":"status-publish","4":"format-standard","5":"has-post-thumbnail","7":"category-overskrifter","8":"tag-breaking","9":"tag-breaking-news","10":"tag-breakingnews","11":"tag-featured-news","12":"tag-featurednews","13":"tag-headlines","14":"tag-hjort","15":"tag-hovedoppslag","16":"tag-jakt","17":"tag-ku","18":"tag-latest-news","19":"tag-latestnews","20":"tag-main-news","21":"tag-mainnews","22":"tag-news","23":"tag-no","24":"tag-norge","25":"tag-norway","26":"tag-nyheter","27":"tag-overskrifter","28":"tag-sunnmore","29":"tag-top-stories","30":"tag-topstories","31":"tag-vanylven"},"share_on_mastodon":{"url":"https:\/\/pubeurope.com\/@no\/115870724564867233","error":""},"_links":{"self":[{"href":"https:\/\/www.europesays.com\/no\/wp-json\/wp\/v2\/posts\/133813","targetHints":{"allow":["GET"]}}],"collection":[{"href":"https:\/\/www.europesays.com\/no\/wp-json\/wp\/v2\/posts"}],"about":[{"href":"https:\/\/www.europesays.com\/no\/wp-json\/wp\/v2\/types\/post"}],"author":[{"embeddable":true,"href":"https:\/\/www.europesays.com\/no\/wp-json\/wp\/v2\/users\/2"}],"replies":[{"embeddable":true,"href":"https:\/\/www.europesays.com\/no\/wp-json\/wp\/v2\/comments?post=133813"}],"version-history":[{"count":0,"href":"https:\/\/www.europesays.com\/no\/wp-json\/wp\/v2\/posts\/133813\/revisions"}],"wp:featuredmedia":[{"embeddable":true,"href":"https:\/\/www.europesays.com\/no\/wp-json\/wp\/v2\/media\/133814"}],"wp:attachment":[{"href":"https:\/\/www.europesays.com\/no\/wp-json\/wp\/v2\/media?parent=133813"}],"wp:term":[{"taxonomy":"category","embeddable":true,"href":"https:\/\/www.europesays.com\/no\/wp-json\/wp\/v2\/categories?post=133813"},{"taxonomy":"post_tag","embeddable":true,"href":"https:\/\/www.europesays.com\/no\/wp-json\/wp\/v2\/tags?post=133813"}],"curies":[{"name":"wp","href":"https:\/\/api.w.org\/{rel}","templated":true}]}}