{"id":133819,"date":"2026-01-10T12:17:12","date_gmt":"2026-01-10T12:17:12","guid":{"rendered":"https:\/\/www.europesays.com\/no\/133819\/"},"modified":"2026-01-10T12:17:12","modified_gmt":"2026-01-10T12:17:12","slug":"vilt-drama-talte-ikke-presset","status":"publish","type":"post","link":"https:\/\/www.europesays.com\/no\/133819\/","title":{"rendered":"Vilt drama: &#8211; T\u00e5lte ikke presset"},"content":{"rendered":"<p class=\"italic m-italic\" data-lab-italic=\"italic\">Oppdateres!<\/p>\n<p>Martin Uldal hadde sv\u00e6rt gode seierssjanser, men bommet tre ganger p\u00e5 siste st\u00e5ende.<\/p>\n<p>\u2013 Fryktelig d\u00e5rlig, sier TV 2-ekspert Ole Einar Bj\u00f8rndalen om skytingen.<\/p>\n<p>        <img class=\"image__img lazyload\" itemprop=\"image\" title=\"Foto: TOBIAS SCHWARZ \/ AFP \/ NTB\" alt=\"ROTET: Martin Uldal, som kjemper om \u00e9n av de to siste OL-plassene, hadde satt seg i en str\u00e5lende posisjon, men p\u00e5 siste skyting gikk det fullstendig galt. Foto: TOBIAS SCHWARZ \/ AFP \/ NTB\" width=\"978\" height=\"551\" bad-src=\"https:\/\/www.europesays.com\/no\/wp-content\/uploads\/2026\/01\/18450735.webp.jpeg\" fetchpriority=\"auto\" \/><\/p>\n<p>      ROTET: Martin Uldal, som kjemper om \u00e9n av de to siste OL-plassene, hadde satt seg i en str\u00e5lende posisjon, men p\u00e5 siste skyting gikk det fullstendig galt.<br \/>\n         Foto: TOBIAS SCHWARZ \/ AFP \/ NTB<\/p>\n<p>Dermed gikk Tommaso Giacomel ut i ledelse p\u00e5 sisterunden, med Uldal nesten ni sekunder bak. Den ledelsen beholdt italieneren inn til m\u00e5l.<\/p>\n<p class=\"bold m-bold\" data-lab-font_weight=\"bold\">\u2013 For en jaktstart. Det har v\u00e6rt komisk mange bom, sier TV 2-kommentator Marius Skjelb\u00e6k.<\/p>\n<p data-lab-font_weight=\"\">Martin Uldal ble nummer to, mens Sebastian Samuelsson tok tredjeplassen.\u00a0<\/p>\n<p data-lab-font_weight=\"\">Nordmannen er skuffet over at seieren glapp.<\/p>\n<p data-lab-font_weight=\"bold\" class=\"bold m-bold\">\u2013 Det er surt n\u00e5r jeg hadde den ledelsen. Det er s\u00e5nne \u00f8yeblikk man dr\u00f8mmer om. Jeg hadde tro og selvtillit da jeg gikk inn, sier Uldal til TV 2.<\/p>\n<p>        <img class=\"image__img lazyload\" itemprop=\"image\" title=\"Foto: Matthew Childs \/ Reuters \/ NTB\" alt=\"PALLEN: Det var Giacomel som kunne glise bredest etter jaktstarten. Foto: Matthew Childs \/ Reuters \/ NTB\" width=\"978\" height=\"551\" bad-src=\"https:\/\/www.europesays.com\/no\/wp-content\/uploads\/2026\/01\/18450766.webp.jpeg\" fetchpriority=\"auto\" \/><\/p>\n<p>      PALLEN: Det var Giacomel som kunne glise bredest etter jaktstarten.<br \/>\n         Foto: Matthew Childs \/ Reuters \/ NTB<\/p>\n<p data-lab-font_weight=\"\">\u2013 Hodet mitt er to forskjellige plasser samtidig. Jeg ser hvordan jeg kan treffe, men jeg detter litt ut n\u00e5r jeg n\u00e6rmer meg blinken. Det er en liten del av meg som ikke vil st\u00e5 der \u00e5 krige, forklarer s\u00f8rlendingen.<\/p>\n<p data-lab-font_weight=\"\">Petter Northug mener uansett at 24-\u00e5ringen kan ta med seg mye positivt fra andreplassen.<\/p>\n<p data-lab-font_weight=\"bold\" class=\"bold m-bold\">\u2013 Han virker \u00e5 v\u00e6re i god form, og han gj\u00f8r egentlig et bra l\u00f8p, er dommen fra TV 2-eksperten.<\/p>\n<p>Hadde sjansen: \u2013 J\u00e6vlig kjedelig<\/p>\n<p data-lab-font_weight=\"\">Johannes Dale-Skjevdal ble nummer fire.<\/p>\n<p data-lab-font_weight=\"\">\u2013 Kanskje hele gjengen var litt sm\u00e5stresset. Det er ikke godt \u00e5 si, sier Dale-Skjevdal til TV 2 om de mange bomskuddene.<\/p>\n<p data-lab-font_weight=\"\">Isak Leknes Frey fikk ogs\u00e5 en uventet seiersmulighet p\u00e5 slutten, men bommet p\u00e5 det aller siste skuddet.<\/p>\n<p>        <img class=\"image__img lazyload\" itemprop=\"image\" title=\"Foto: OLIVIER CHASSIGNOLE \/ AFP \/ NTB\" alt=\"SKUFFET: Isak Leknes Frey var irritert p\u00e5 seg selv etter l\u00f8pet. Foto: OLIVIER CHASSIGNOLE \/ AFP \/ NTB\" width=\"978\" height=\"551\" bad-src=\"https:\/\/www.europesays.com\/no\/wp-content\/uploads\/2026\/01\/18450768.webp.jpeg\" fetchpriority=\"auto\" \/><\/p>\n<p>      SKUFFET: Isak Leknes Frey var irritert p\u00e5 seg selv etter l\u00f8pet.<br \/>\n         Foto: OLIVIER CHASSIGNOLE \/ AFP \/ NTB<\/p>\n<p data-lab-font_weight=\"\">\u2013 Jeg er b\u00e5de irritert og sliten. Dum som jeg er \u00e5pnet jeg altfor hardt. Det er j\u00e6vlig kjedelig, sier Frey til TV 2.<\/p>\n<p data-lab-font_weight=\"\">Frey ble til slutt nummer tolv.<\/p>\n<p>Dramatisk l\u00f8p<\/p>\n<p>P\u00e5 tredjeskytingen gikk det fullstendig galt for tyske Nawrath med tre bom. Dale-Skjevdal r\u00f8k p\u00e5 to, og da hadde Martin Uldal plutselig en gyllen mulighet. Den grep han med begge hender og skj\u00f8t fullt.<\/p>\n<p>Dermed kunne han g\u00e5 inn til den fjerde skytingen med god avstand til sine konkurrenter. Dessverre ble det tre bom.<\/p>\n<p>\u2013 Det er en helsprekk. Han t\u00e5lte ikke presset, sa TV 2-ekspert Ole Einar Bj\u00f8rndalen.<\/p>\n<p>Inn kom Johannes Dale-Skjevdal og de andre konkurrentene. Men det ble flust av bom p\u00e5 ogs\u00e5 de. Tommaso Giacomel gikk i ledelsen, 8.9 sekunder foran Uldal.\u00a0<\/p>\n<p>Nordmannen gjorde sitt beste for \u00e5 ta innp\u00e5 Giacomel, men klarte ikke \u00e5 komme seg helt i rygg. Dermed tok italieneren, som skj\u00f8t seks bom totalt, sin andre strake triumf.<\/p>\n<p>\u00d8vrige norske: Sverre D. Aspenes (16), Martin Nevdal (43)<\/p>\n<p>        <img class=\"image__img lazyload\" itemprop=\"image\" title=\"Foto: Matthew Childs \/ Reuters \/ NTB\" alt=\"BOMMET SEKS, MEN VANT: Italienske Giacomel var r\u00e5sterk i sporet. Foto: Matthew Childs \/ Reuters \/ NTB\" width=\"978\" height=\"551\" bad-src=\"https:\/\/www.europesays.com\/no\/wp-content\/uploads\/2026\/01\/18450760.webp.jpeg\" fetchpriority=\"auto\" \/><\/p>\n<p>      BOMMET SEKS, MEN VANT: Italienske Giacomel var r\u00e5sterk i sporet.<br \/>\n         Foto: Matthew Childs \/ Reuters \/ NTB<\/p>\n","protected":false},"excerpt":{"rendered":"Oppdateres! Martin Uldal hadde sv\u00e6rt gode seierssjanser, men bommet tre ganger p\u00e5 siste st\u00e5ende. \u2013 Fryktelig d\u00e5rlig, sier&hellip;\n","protected":false},"author":2,"featured_media":133820,"comment_status":"","ping_status":"","sticky":false,"template":"","format":"standard","meta":{"footnotes":""},"categories":[5],"tags":[20,21,24,25,15,19,22,23,17,18,13,30,28,29,14,16,26,27],"class_list":{"0":"post-133819","1":"post","2":"type-post","3":"status-publish","4":"format-standard","5":"has-post-thumbnail","7":"category-overskrifter","8":"tag-breaking-news","9":"tag-breakingnews","10":"tag-featured-news","11":"tag-featurednews","12":"tag-headlines","13":"tag-hovedoppslag","14":"tag-latest-news","15":"tag-latestnews","16":"tag-main-news","17":"tag-mainnews","18":"tag-news","19":"tag-no","20":"tag-norge","21":"tag-norway","22":"tag-nyheter","23":"tag-overskrifter","24":"tag-top-stories","25":"tag-topstories"},"share_on_mastodon":{"url":"https:\/\/pubeurope.com\/@no\/115870763835038108","error":""},"_links":{"self":[{"href":"https:\/\/www.europesays.com\/no\/wp-json\/wp\/v2\/posts\/133819","targetHints":{"allow":["GET"]}}],"collection":[{"href":"https:\/\/www.europesays.com\/no\/wp-json\/wp\/v2\/posts"}],"about":[{"href":"https:\/\/www.europesays.com\/no\/wp-json\/wp\/v2\/types\/post"}],"author":[{"embeddable":true,"href":"https:\/\/www.europesays.com\/no\/wp-json\/wp\/v2\/users\/2"}],"replies":[{"embeddable":true,"href":"https:\/\/www.europesays.com\/no\/wp-json\/wp\/v2\/comments?post=133819"}],"version-history":[{"count":0,"href":"https:\/\/www.europesays.com\/no\/wp-json\/wp\/v2\/posts\/133819\/revisions"}],"wp:featuredmedia":[{"embeddable":true,"href":"https:\/\/www.europesays.com\/no\/wp-json\/wp\/v2\/media\/133820"}],"wp:attachment":[{"href":"https:\/\/www.europesays.com\/no\/wp-json\/wp\/v2\/media?parent=133819"}],"wp:term":[{"taxonomy":"category","embeddable":true,"href":"https:\/\/www.europesays.com\/no\/wp-json\/wp\/v2\/categories?post=133819"},{"taxonomy":"post_tag","embeddable":true,"href":"https:\/\/www.europesays.com\/no\/wp-json\/wp\/v2\/tags?post=133819"}],"curies":[{"name":"wp","href":"https:\/\/api.w.org\/{rel}","templated":true}]}}