{"id":133823,"date":"2026-01-10T12:23:07","date_gmt":"2026-01-10T12:23:07","guid":{"rendered":"https:\/\/www.europesays.com\/no\/133823\/"},"modified":"2026-01-10T12:23:07","modified_gmt":"2026-01-10T12:23:07","slug":"nyheter-brann-innbrudd-i-fana","status":"publish","type":"post","link":"https:\/\/www.europesays.com\/no\/133823\/","title":{"rendered":"Nyheter, Brann | Innbrudd i Fana"},"content":{"rendered":"\n<p>L\u00f8rdag formiddag fikk politiet melding om innbrudd i \u00e5tte boder i et sameie i Steinsviken. <\/p>\n<p>\u2013 Det har skjedd i l\u00f8pet av natten. Noen har klippet opp l\u00e5ser og tatt seg inn i disse bodene. Vi jobber n\u00e5 med \u00e5 f\u00e5 oversikt over hvem som eier disse bodene slik at vi kan finne ut hva som er stj\u00e5let, sier operasjonsleder i Vest politidistrikt, Knut Dahl-Michelsen til BA.<\/p>\n<p>De jobber n\u00e5 med sporsikring p\u00e5 stedet.<\/p>\n<p>S\u00e5 langt har de ingen oversikt over hva som er borttatt fra bodene i sameiet.<\/p>\n<p>\u2013 Beboere m\u00e5 selv unders\u00f8ke bodene og se om noe er stj\u00e5let og levere anmeldelse p\u00e5 dette, opplyser Dahl-Michelsen.<\/p>\n<p>Saken oppdateres.<\/p>\n","protected":false},"excerpt":{"rendered":"L\u00f8rdag formiddag fikk politiet melding om innbrudd i \u00e5tte boder i et sameie i Steinsviken. \u2013 Det har&hellip;\n","protected":false},"author":2,"featured_media":1615,"comment_status":"","ping_status":"","sticky":false,"template":"","format":"standard","meta":{"footnotes":""},"categories":[10],"tags":[36,367,20,21,24,25,15,22,23,13,30,28,29,14,16,254,1510,26,27],"class_list":{"0":"post-133823","1":"post","2":"type-post","3":"status-publish","4":"format-standard","5":"has-post-thumbnail","7":"category-norge","8":"tag-art","9":"tag-brann","10":"tag-breaking-news","11":"tag-breakingnews","12":"tag-featured-news","13":"tag-featurednews","14":"tag-headlines","15":"tag-latest-news","16":"tag-latestnews","17":"tag-news","18":"tag-no","19":"tag-norge","20":"tag-norway","21":"tag-nyheter","22":"tag-overskrifter","23":"tag-politi","24":"tag-story","25":"tag-top-stories","26":"tag-topstories"},"share_on_mastodon":{"url":"https:\/\/pubeurope.com\/@no\/115870787319165626","error":""},"_links":{"self":[{"href":"https:\/\/www.europesays.com\/no\/wp-json\/wp\/v2\/posts\/133823","targetHints":{"allow":["GET"]}}],"collection":[{"href":"https:\/\/www.europesays.com\/no\/wp-json\/wp\/v2\/posts"}],"about":[{"href":"https:\/\/www.europesays.com\/no\/wp-json\/wp\/v2\/types\/post"}],"author":[{"embeddable":true,"href":"https:\/\/www.europesays.com\/no\/wp-json\/wp\/v2\/users\/2"}],"replies":[{"embeddable":true,"href":"https:\/\/www.europesays.com\/no\/wp-json\/wp\/v2\/comments?post=133823"}],"version-history":[{"count":0,"href":"https:\/\/www.europesays.com\/no\/wp-json\/wp\/v2\/posts\/133823\/revisions"}],"wp:featuredmedia":[{"embeddable":true,"href":"https:\/\/www.europesays.com\/no\/wp-json\/wp\/v2\/media\/1615"}],"wp:attachment":[{"href":"https:\/\/www.europesays.com\/no\/wp-json\/wp\/v2\/media?parent=133823"}],"wp:term":[{"taxonomy":"category","embeddable":true,"href":"https:\/\/www.europesays.com\/no\/wp-json\/wp\/v2\/categories?post=133823"},{"taxonomy":"post_tag","embeddable":true,"href":"https:\/\/www.europesays.com\/no\/wp-json\/wp\/v2\/tags?post=133823"}],"curies":[{"name":"wp","href":"https:\/\/api.w.org\/{rel}","templated":true}]}}