{"id":133826,"date":"2026-01-10T12:30:10","date_gmt":"2026-01-10T12:30:10","guid":{"rendered":"https:\/\/www.europesays.com\/no\/133826\/"},"modified":"2026-01-10T12:30:10","modified_gmt":"2026-01-10T12:30:10","slug":"overvakingskameraer-ved-ntnu-kan-ha-vaert-apent-tilgjengelige-i-over-seks-ar","status":"publish","type":"post","link":"https:\/\/www.europesays.com\/no\/133826\/","title":{"rendered":"Overv\u00e5kingskameraer ved NTNU kan ha v\u00e6rt \u00e5pent tilgjengelige i over seks \u00e5r"},"content":{"rendered":"<p class=\"extendedContent hyperion-css-eyn926\" data-test-tag=\"lead-text\">Et trettitalls kameraer beregnet til opptak av forelesninger ved universitetet NTNU kan ha v\u00e6rt \u00e5pent tilgjengelig p\u00e5 nett i over seks \u00e5r. <\/p>\n<p><img decoding=\"async\" class=\"image-asset hyperion-css-u06ts1\" data-test-tag=\"image-asset\" src=\"https:\/\/www.europesays.com\/no\/wp-content\/uploads\/2026\/01\/03207367-84d4-4bd2-b12e-de8d504de1ef.jpeg\"  alt=\"Norges teknisk-naturvitenskapelige universitet (NTNU) har hovedsete i Trondheim og campuser i Gj\u00f8vik og \u00c5lesund. \"  loading=\"eager\" fetchpriority=\"high\" style=\"aspect-ratio:2048 \/ 1152\"\/>Norges teknisk-naturvitenskapelige universitet (NTNU) har hovedsete i Trondheim og campuser i Gj\u00f8vik og \u00c5lesund. Foto: Gorm Kallestad \/ NTB<\/p>\n<p>Publisert: 10.01.2026 09:54<\/p>\n<p class=\"paywall hyperion-css-1j42uic\"> Personer p\u00e5koblet Eduroam-nettverket ved Norges teknisk-naturvitenskapelige universitet (NTNU) kunne komme seg inn p\u00e5 og styre overv\u00e5kingskameraer plassert i undervisningslokaler, skriver <a aria-label=\"Khrono.\" class=\"default hyperion-css-1raymq9\" href=\"https:\/\/www.khrono.no\/overvakningskamera-ved-ntnu-la-apent-tilgjengelig-i-over-seks-ar\/1027905\" target=\"_blank\" rel=\"noopener nofollow noreferrer\" data-test-tag=\"external-link\">Khrono.<\/a><\/p>\n<p class=\"paywall hyperion-css-1j42uic\">Det kommer fram av en avviksmelding universitetet har sendt til Datatilsynet. <\/p>\n<p class=\"paywall hyperion-css-1j42uic\">\u2013 Da vi oppdaget dette, ble det beordret full gjennomgang, og vi fant et tredvetalls potensielle kameraer som potensielt kunne ha samme problem, sier informasjonssikkerhetssjef Stian Husemoen ved NTNU til avisen.<\/p>\n<p class=\"paywall hyperion-css-1j42uic\">Kameraene var fordelt p\u00e5 universitetets lokaler i Trondheim, Gj\u00f8vik og \u00c5lesund. De ble satt opp f\u00f8r 2020 og ble ikke satt opp korrekt.<\/p>\n<p class=\"paywall hyperion-css-1j42uic\">NTNU skriver i avviksmeldingen at det ikke er lagret opptak p\u00e5 kameraene, men at det ikke kan utelukkes at noen har gjort egne opptak hvis de har hatt tilgang.<\/p>\n","protected":false},"excerpt":{"rendered":"Et trettitalls kameraer beregnet til opptak av forelesninger ved universitetet NTNU kan ha v\u00e6rt \u00e5pent tilgjengelig p\u00e5 nett&hellip;\n","protected":false},"author":2,"featured_media":133827,"comment_status":"","ping_status":"","sticky":false,"template":"","format":"standard","meta":{"footnotes":""},"categories":[10],"tags":[20,21,24,25,15,22,23,13,30,28,29,14,16,26,27],"class_list":{"0":"post-133826","1":"post","2":"type-post","3":"status-publish","4":"format-standard","5":"has-post-thumbnail","7":"category-norge","8":"tag-breaking-news","9":"tag-breakingnews","10":"tag-featured-news","11":"tag-featurednews","12":"tag-headlines","13":"tag-latest-news","14":"tag-latestnews","15":"tag-news","16":"tag-no","17":"tag-norge","18":"tag-norway","19":"tag-nyheter","20":"tag-overskrifter","21":"tag-top-stories","22":"tag-topstories"},"share_on_mastodon":{"url":"https:\/\/pubeurope.com\/@no\/115870815046235571","error":""},"_links":{"self":[{"href":"https:\/\/www.europesays.com\/no\/wp-json\/wp\/v2\/posts\/133826","targetHints":{"allow":["GET"]}}],"collection":[{"href":"https:\/\/www.europesays.com\/no\/wp-json\/wp\/v2\/posts"}],"about":[{"href":"https:\/\/www.europesays.com\/no\/wp-json\/wp\/v2\/types\/post"}],"author":[{"embeddable":true,"href":"https:\/\/www.europesays.com\/no\/wp-json\/wp\/v2\/users\/2"}],"replies":[{"embeddable":true,"href":"https:\/\/www.europesays.com\/no\/wp-json\/wp\/v2\/comments?post=133826"}],"version-history":[{"count":0,"href":"https:\/\/www.europesays.com\/no\/wp-json\/wp\/v2\/posts\/133826\/revisions"}],"wp:featuredmedia":[{"embeddable":true,"href":"https:\/\/www.europesays.com\/no\/wp-json\/wp\/v2\/media\/133827"}],"wp:attachment":[{"href":"https:\/\/www.europesays.com\/no\/wp-json\/wp\/v2\/media?parent=133826"}],"wp:term":[{"taxonomy":"category","embeddable":true,"href":"https:\/\/www.europesays.com\/no\/wp-json\/wp\/v2\/categories?post=133826"},{"taxonomy":"post_tag","embeddable":true,"href":"https:\/\/www.europesays.com\/no\/wp-json\/wp\/v2\/tags?post=133826"}],"curies":[{"name":"wp","href":"https:\/\/api.w.org\/{rel}","templated":true}]}}