{"id":133828,"date":"2026-01-10T12:31:06","date_gmt":"2026-01-10T12:31:06","guid":{"rendered":"https:\/\/www.europesays.com\/no\/133828\/"},"modified":"2026-01-10T12:31:06","modified_gmt":"2026-01-10T12:31:06","slug":"lindsey-vonn-leder-i-utforrennet-i-zauchensee","status":"publish","type":"post","link":"https:\/\/www.europesays.com\/no\/133828\/","title":{"rendered":"Lindsey Vonn leder i utforrennet i Zauchensee"},"content":{"rendered":"\n<p class=\"_lead_o9xde_2 _lead_xtcu6_50 layout-component text-serif-m layout-normal text-serif-l layout-component layout-wide layout-padded _wide_17hqh_1 layout-padded\">27-\u00e5ringen er p\u00e5 pallen for f\u00f8rste gang denne sesongen.<\/p>\n<p><img alt=\" Foto: Leonhard Foeger \/ Reuters \/ NTB\" class=\"_image_qp4xg_65 layout-component layout-wide\" data-fullscreen- data-track-element-type=\"Article image fullscreen\" data-track-name=\"ImageFullscreen\" fetchpriority=\"high\" decoding=\"sync\" loading=\"eager\" height=\"3766\" itemprop=\"image\"  src=\"https:\/\/www.europesays.com\/no\/wp-content\/uploads\/2026\/01\/e7829763-f2e8-46a5-8cb2-125c5c0aa19c.jpeg\"  style=\"object-position:0% 0%\" width=\"5490\"\/> Foto: Leonhard Foeger \/ Reuters \/ NTB<\/p>\n<ul aria-hidden=\"true\" class=\"_images_ntbth_112\">\n<li><a class=\"_link_ntbth_117\" href=\"https:\/\/www.vg.no\/forfatter\/mads-thygesen\" style=\"z-index:1\" title=\"Mads Thygesen\" rel=\"nofollow noopener\" target=\"_blank\"><img alt=\"Bilde av Mads Thygesen\" class=\"_image_ntbth_93\" fetchpriority=\"low\" loading=\"lazy\" decoding=\"async\" itemprop=\"image\"  src=\"https:\/\/www.europesays.com\/no\/wp-content\/uploads\/2026\/01\/1768048266_881_d82576b6-c31c-43fc-a223-28ce8745295c.jpeg\"  width=\"480\"\/><\/a><\/li>\n<\/ul>\n<p> Oppdatert l\u00f8rdag 10. januar kl. 13:28    <\/p>\n<ul class=\"_list_o9xde_3 _list_64s2r_85 _unordered_o9xde_106 text-sans-m\">\n<li class=\"_item_o9xde_30\">Lindsey Vonn leder utforrennet i Zauchensee.<\/li>\n<li class=\"_item_o9xde_30\">Vonn kj\u00f8rte seg opp til f\u00f8rsteplass etter \u00e5 ha ligget bak Kajsa Vickhoff Lie.<\/li>\n<li class=\"_item_o9xde_30\">Vickhoff Lie tok en forel\u00f8pig ledelse, men har enda ikke v\u00e6rt p\u00e5 pallen i \u00e5r.<\/li>\n<li class=\"_item_o9xde_30\">Marte Monsen kj\u00f8rte ut, og Madalena Egger ble fraktet bort med helikopter etter en ulykke.<\/li>\n<\/ul>\n<p>Vis mer <\/p>\n<p class=\"_paragraph_o9xde_4 _paragraph_xtcu6_10 layout-component text-serif-m layout-normal text-serif-m layout-padded\">Nok en gang var <a href=\"https:\/\/www.vg.no\/tag\/lindsey-vonn?utm_source=vg-article&amp;utm_medium=auto-tagger&amp;utm_campaign=wrPad4\" class=\"_link_o9xde_39\" rel=\"nofollow noopener\" target=\"_blank\">Lindsey Vonn<\/a> best n\u00e5r det skal kj\u00f8res fart. <\/p>\n<p class=\"_paragraph_o9xde_4 _paragraph_xtcu6_10 layout-component text-serif-m layout-normal text-serif-m layout-padded\">I utforrennet i \u00d8sterrikske Zauchensee sto den amerikanske veteranen igjen p\u00e5 toppen av pallen. <\/p>\n<p class=\"_paragraph_o9xde_4 _paragraph_xtcu6_10 layout-component text-serif-m layout-normal text-serif-m layout-padded\">Vonn l\u00e5 bak Kajsa Vickhoff Lie ved de to f\u00f8rste passeringene, men fikk opp farten mot slutten og kj\u00f8rte inn til ledelse foran nordmannen.<\/p>\n<p class=\"_paragraph_o9xde_4 _paragraph_xtcu6_10 layout-component text-serif-m layout-normal text-serif-m layout-padded\">Til slutt kunne Vonn strekker armene i v\u00e6ret og juble for sin 84 verdenscupseier i karrieren.<\/p>\n<p class=\"_paragraph_o9xde_4 _paragraph_xtcu6_10 layout-component text-serif-m layout-normal text-serif-m layout-padded\">\u2013 For et comeback dette her er. Vi begynte \u00e5 ane ugler i mosen da hun tok annenplassen i Sun Valley i verdenscupavslutningen forrige sesong, sier TV 2s kommentator Espen Ween i det Vonn gikk i m\u00e5l.<\/p>\n<p class=\"_paragraph_o9xde_4 _paragraph_xtcu6_10 layout-component text-serif-m layout-normal text-serif-m layout-padded\">41-\u00e5ringen har v\u00e6rt p\u00e5 pallen i fire av fem utforrenn denne sesongen.4<\/p>\n<p><img alt=\"Foto: Giovanni Auletta \/ AP \/ NTB\" class=\"_image_qp4xg_65 layout-component layout-normal\" data-fullscreen- data-track-element-type=\"Article image fullscreen\" data-track-name=\"ImageFullscreen\" decoding=\"async\" loading=\"lazy\" height=\"3566\" itemprop=\"image\"  src=\"https:\/\/www.europesays.com\/no\/wp-content\/uploads\/2026\/01\/39cb749d-a492-4e2f-b78b-45baa6338a99.png\"  style=\"object-position:0% 0%\" width=\"5349\"\/>Foto: Giovanni Auletta \/ AP \/ NTB<\/p>\n<p class=\"_paragraph_o9xde_4 _paragraph_xtcu6_10 layout-component text-serif-m layout-normal text-serif-m layout-padded\">Kajsa Vickhoff Lie p\u00e5 sin side har til gode \u00e5 v\u00e6re p\u00e5 pallen hittil denne sesongen. Utforrennet i Zauchensee ble en gedigen opptur for 27-\u00e5ringen, som har f\u00e5tt for vane \u00e5 prestere ved \u00e5rsskiftet.<\/p>\n<p class=\"_paragraph_o9xde_4 _paragraph_xtcu6_10 layout-component text-serif-m layout-normal text-serif-m layout-padded\">\u2013 Akkurat n\u00e5 g\u00e5r det veldig bra. Veldig veldig deilig \u00e5 f\u00e5 til en rask runde. Det var mye fram og tilbake om det skulle bli noe, men jeg er veldig glad for at vi fikk satt den starten og at vi fikk til et utforrenn her, sier Vickhoff Lie til TV 2.<\/p>\n<p class=\"_paragraph_o9xde_4 _paragraph_xtcu6_10 layout-component text-serif-m layout-normal text-serif-m layout-padded\">\u2013 Det er virkelig deilig \u00e5 kjenne at selvtilliten kommer tilbake og at man kan jake fart, fortsetter hun.<\/p>\n<p class=\"_paragraph_o9xde_4 _paragraph_xtcu6_10 layout-component text-serif-m layout-normal text-serif-m layout-padded\">Denne l\u00f8rdagen kj\u00f8rte hun inn til ledelse og til slutt var det kun Vonn som var raskere enn b\u00e6rumsjenta.<\/p>\n<p class=\"_paragraph_o9xde_4 _paragraph_xtcu6_10 layout-component text-serif-m layout-normal text-serif-m layout-padded\">\u2013 Det har hun ikke v\u00e6rt bortskjemt med denne sesongen, sier Ween om plasseringen.<\/p>\n<p class=\"_paragraph_o9xde_4 _paragraph_xtcu6_10 layout-component text-serif-m layout-normal text-serif-m layout-padded\">I fjor\u00e5rssesongen kom Vickhoff Lies beste resultater p\u00e5 ny\u00e5ret og ut sesongen.<\/p>\n<p><img alt=\"Foto: CHRISTIAN BRUNA \/ EPA \/ NTB\" class=\"_image_qp4xg_65 layout-component layout-normal\" data-fullscreen- data-track-element-type=\"Article image fullscreen\" data-track-name=\"ImageFullscreen\" decoding=\"async\" loading=\"lazy\" height=\"1920\" itemprop=\"image\"  src=\"https:\/\/www.europesays.com\/no\/wp-content\/uploads\/2026\/01\/9b8b6644-e151-4dc7-bb17-e748681fce40.jpeg\"  style=\"object-position:0% 0%\" width=\"2808\"\/>Foto: CHRISTIAN BRUNA \/ EPA \/ NTB<\/p>\n<p class=\"_paragraph_o9xde_4 _paragraph_xtcu6_10 layout-component text-serif-m layout-normal text-serif-m layout-padded\">\u2013 Jeg pr\u00f8vde \u00e5 foresl\u00e5 for temaet mitt \u00e5 starte preseason to m\u00e5neder tidligere, men da sa de at da slutter hele gjengen. Jeg vet ikke helt hva jeg skal gj\u00f8re til neste \u00e5r. Jeg vet ikke om det er julematen eller at man f\u00e5r chillet litt i julen, som gj\u00f8r det, sier alpinisten.<\/p>\n<p class=\"_paragraph_o9xde_4 _paragraph_xtcu6_10 layout-component text-serif-m layout-normal text-serif-m layout-padded\">\u2013 Vi hadde en god treningssamling f\u00f8r vi kom hit hvor jeg fikk tilbake litt av selvtilliten. Man kan ikke vise alle kortene f\u00f8r jul, det er tross alt OL snart, smiler hun, legger Vickhoff Lie til og smiler lurt.<\/p>\n<p class=\"_paragraph_o9xde_4 _paragraph_xtcu6_10 layout-component text-serif-m layout-normal text-serif-m layout-padded\">Det andre norske h\u00e5pet, Marte Monsen, kom aldri til m\u00e5l. 25-\u00e5ringen \u00e5pnet godt, men kj\u00f8rte ut etter f\u00f8rste passeringspunkt.<\/p>\n<p class=\"_paragraph_o9xde_4 _paragraph_xtcu6_10 layout-component text-serif-m layout-normal text-serif-m layout-padded\">\u2013 Hun er ute og det etter en kjempestart, sier TV 2s kommentator Espen Ween.<\/p>\n<p class=\"_paragraph_o9xde_4 _paragraph_xtcu6_10 layout-component text-serif-m layout-normal text-serif-m layout-padded\">Dramatisk ble det da Madalena Egger gikk i nettet. 24-\u00e5ringen bevegde p\u00e5 seg, men trengte hjelp til \u00e5 komme seg p\u00e5 beina.<\/p>\n<p class=\"_paragraph_o9xde_4 _paragraph_xtcu6_10 layout-component text-serif-m layout-normal text-serif-m layout-padded\">\u00d8sterrikeren klarte ikke \u00e5 komme seg ned l\u00f8ypa for egen maskin. Dermed ble helikopteret ble tilkalt og fraktet Egger ut.<\/p>\n<p class=\"_paragraph_o9xde_4 _paragraph_xtcu6_10 layout-component text-serif-m layout-normal text-serif-m layout-padded\">\u2013 Det s\u00e5 i utgangspunktet ut til \u00e5 g\u00e5 greit, kommenterte TV2s Ween. <\/p>\n<p class=\"_paragraph_o9xde_4 _paragraph_xtcu6_10 layout-component text-serif-m layout-normal text-serif-m layout-padded\">Rennet ble stoppet en god stund f\u00f8r ut\u00f8verne kunne begynne \u00e5 kj\u00f8re igjen.<\/p>\n","protected":false},"excerpt":{"rendered":"27-\u00e5ringen er p\u00e5 pallen for f\u00f8rste gang denne sesongen. Foto: Leonhard Foeger \/ Reuters \/ NTB Oppdatert l\u00f8rdag&hellip;\n","protected":false},"author":2,"featured_media":133829,"comment_status":"","ping_status":"","sticky":false,"template":"","format":"standard","meta":{"footnotes":""},"categories":[5],"tags":[249,20,21,24,25,15,19,9805,22,23,247,17,18,13,30,28,29,14,16,26,27],"class_list":{"0":"post-133828","1":"post","2":"type-post","3":"status-publish","4":"format-standard","5":"has-post-thumbnail","7":"category-overskrifter","8":"tag-alpint","9":"tag-breaking-news","10":"tag-breakingnews","11":"tag-featured-news","12":"tag-featurednews","13":"tag-headlines","14":"tag-hovedoppslag","15":"tag-kajsa-vickhoff-lie","16":"tag-latest-news","17":"tag-latestnews","18":"tag-lindsey-vonn","19":"tag-main-news","20":"tag-mainnews","21":"tag-news","22":"tag-no","23":"tag-norge","24":"tag-norway","25":"tag-nyheter","26":"tag-overskrifter","27":"tag-top-stories","28":"tag-topstories"},"share_on_mastodon":{"url":"https:\/\/pubeurope.com\/@no\/115870819185168121","error":""},"_links":{"self":[{"href":"https:\/\/www.europesays.com\/no\/wp-json\/wp\/v2\/posts\/133828","targetHints":{"allow":["GET"]}}],"collection":[{"href":"https:\/\/www.europesays.com\/no\/wp-json\/wp\/v2\/posts"}],"about":[{"href":"https:\/\/www.europesays.com\/no\/wp-json\/wp\/v2\/types\/post"}],"author":[{"embeddable":true,"href":"https:\/\/www.europesays.com\/no\/wp-json\/wp\/v2\/users\/2"}],"replies":[{"embeddable":true,"href":"https:\/\/www.europesays.com\/no\/wp-json\/wp\/v2\/comments?post=133828"}],"version-history":[{"count":0,"href":"https:\/\/www.europesays.com\/no\/wp-json\/wp\/v2\/posts\/133828\/revisions"}],"wp:featuredmedia":[{"embeddable":true,"href":"https:\/\/www.europesays.com\/no\/wp-json\/wp\/v2\/media\/133829"}],"wp:attachment":[{"href":"https:\/\/www.europesays.com\/no\/wp-json\/wp\/v2\/media?parent=133828"}],"wp:term":[{"taxonomy":"category","embeddable":true,"href":"https:\/\/www.europesays.com\/no\/wp-json\/wp\/v2\/categories?post=133828"},{"taxonomy":"post_tag","embeddable":true,"href":"https:\/\/www.europesays.com\/no\/wp-json\/wp\/v2\/tags?post=133828"}],"curies":[{"name":"wp","href":"https:\/\/api.w.org\/{rel}","templated":true}]}}