{"id":133832,"date":"2026-01-10T12:37:31","date_gmt":"2026-01-10T12:37:31","guid":{"rendered":"https:\/\/www.europesays.com\/no\/133832\/"},"modified":"2026-01-10T12:37:31","modified_gmt":"2026-01-10T12:37:31","slug":"forsvaret-usa-norske-veteraner-svarer-trump-og-vance-faller-pa-sin-egen-urimelighet","status":"publish","type":"post","link":"https:\/\/www.europesays.com\/no\/133832\/","title":{"rendered":"Forsvaret, USA | Norske veteraner svarer Trump og Vance: \u2013 Faller p\u00e5 sin egen urimelighet"},"content":{"rendered":"\n<p>Onsdag utviste Donald Trump nok en gang sin Nato-skepsis. I et innlegg p\u00e5 sosiale medier langer han ut mot Danmark i diverse sammenhenger.<\/p>\n<p>Trump skriver blant annet at han tviler p\u00e5 at Nato hadde kommet USA til unnsetning om de skulle trenge det. Norge, og store deler av Nato, bidro under USAs kriger i Afghanistan og Irak p\u00e5 2000-tallet.<\/p>\n<p>Det er heller ikke f\u00f8rste gang den amerikanske presidenten sier lignende ting. I sosiale medier florerer det av eksperter og andre personer som mener uttalelsene undersl\u00e5r bidragene som ble gitt.<\/p>\n<p>N\u00e5 reagerer ogs\u00e5 norske veteraner.<\/p>\n<p>\u2013 Undervurderingen fra USA faller jo p\u00e5 sin egen urimelighet og dette synes jeg kommer klart frem i diskusjonene man ser statslederne har gjennom Nato, sier generalsekret\u00e6r i Norges veteranforbund for internasjonale oppdrag, Bj\u00f8rn Robert Dahl, til Nettavisen.<\/p>\n<p><b>Les ogs\u00e5: <a class=\"simple-relation related-teaser article--c-eRUmMG article--c-eRUmMG-fZoQSp-design-nettavisen article--c-eRUmMG-gwthdJ-cv\" href=\"https:\/\/www.nettavisen.no\/gronland-drama-vance-har-et-poeng\/s\/5-95-2814176\" rel=\"nofollow noopener\" target=\"_blank\">Gr\u00f8nland-drama: \u2013 Vance har et poeng<\/a><\/b><\/p>\n<p>Bilder av kister<\/p>\n<p>Norge hadde styrker i Afghanistan mellom 2001 og 2021. P\u00e5 disse 20 \u00e5rene tjenestegjorde rundt 9200 norske soldater der. Ti norske soldater d\u00f8de i tjeneste i landet.<\/p>\n<p>   <img decoding=\"async\" width=\"1200\" height=\"742\" fetchpriority=\"low\"  loading=\"lazy\"  src=\"https:\/\/www.europesays.com\/no\/wp-content\/uploads\/2026\/01\/Bj%C3%B8rn+Robert+Dahl.jpg\" alt=\"\" class=\"brick-c-cFOWSL\" style=\"--brick-image-ratio: 1200 \/ 742;\"\/><\/p>\n<p>      REAGERER: Generalsekret\u00e6r i Norges veteranforbund for internasjonale oppdrag, Bj\u00f8rn Robert Dahl, reagerer overfor Nettavisen.<br \/>\n      Foto: G\u00f8ran O. Pedersen (Rana Blad)\n    <\/p>\n<p>Som svar til de amerikanske ledernes uttalelser deler folk bilder av kister med europeiske og canadiske flagg. Dette som en p\u00e5minnelse om de ofrene som ble gjort av ikke-amerikanske soldater.<\/p>\n<p>\u2013 Det \u00e5 se kister fra operasjoner man har deltatt i vil ogs\u00e5 vekke personlige f\u00f8lelser rundt de man har mistet, sier Dahl som selv har tjenestegjort i Afghanistan, Libanon og p\u00e5 Balkan.<\/p>\n<p>Generalsekret\u00e6ren gj\u00f8r det samtidig klart at problemstillingen ikke har f\u00e5tt stor oppmerksomhet i Nvio.<\/p>\n<p>St\u00f8tter forsvarsministeren<\/p>\n<p>Natos artikkel fem handler om at et angrep p\u00e5 et land skal behandles som et angrep p\u00e5 alle. Dette har blitt utl\u00f8st \u00e9n gang i alliansens historie. Det var i etterkant av terrorangrepet mot USA 11. september 2001.<\/p>\n<p>\u2013 Jeg synes Norges utenriksminister sa det godt i g\u00e5r, og artikkel fem i Nato har v\u00e6rt utl\u00f8st en gang. Det var til st\u00f8tte for USA. Det er et budskap vi m\u00e5 f\u00e5 fram i st\u00f8rre grad, sier Dahl.<\/p>\n<p>Danske veteraner uttalte seg ogs\u00e5 gjennom sin veteran-organisasjon denne uken.<\/p>\n<p>\u2013 Jeg har veldig vanskelig for \u00e5 forst\u00e5 J.D Vance. Han har dessverre bare h\u00e5n og latter til overs for Danmark.<\/p>\n<p><b>Les ogs\u00e5: <a class=\"simple-relation related-teaser article--c-eRUmMG article--c-eRUmMG-fZoQSp-design-nettavisen article--c-eRUmMG-gwthdJ-cv\" href=\"https:\/\/www.nettavisen.no\/danske-soldater-raser-vanskelig-a-forsta\/s\/5-95-2814383\" rel=\"nofollow noopener\" target=\"_blank\">Danske soldater raser: \u2013 Vanskelig \u00e5 forst\u00e5<\/a><\/b><\/p>\n","protected":false},"excerpt":{"rendered":"Onsdag utviste Donald Trump nok en gang sin Nato-skepsis. I et innlegg p\u00e5 sosiale medier langer han ut&hellip;\n","protected":false},"author":2,"featured_media":133833,"comment_status":"","ping_status":"","sticky":false,"template":"","format":"standard","meta":{"footnotes":""},"categories":[10],"tags":[20,21,24,25,15,22,23,13,30,28,29,14,16,26,27],"class_list":{"0":"post-133832","1":"post","2":"type-post","3":"status-publish","4":"format-standard","5":"has-post-thumbnail","7":"category-norge","8":"tag-breaking-news","9":"tag-breakingnews","10":"tag-featured-news","11":"tag-featurednews","12":"tag-headlines","13":"tag-latest-news","14":"tag-latestnews","15":"tag-news","16":"tag-no","17":"tag-norge","18":"tag-norway","19":"tag-nyheter","20":"tag-overskrifter","21":"tag-top-stories","22":"tag-topstories"},"share_on_mastodon":{"url":"https:\/\/pubeurope.com\/@no\/115870842421070865","error":""},"_links":{"self":[{"href":"https:\/\/www.europesays.com\/no\/wp-json\/wp\/v2\/posts\/133832","targetHints":{"allow":["GET"]}}],"collection":[{"href":"https:\/\/www.europesays.com\/no\/wp-json\/wp\/v2\/posts"}],"about":[{"href":"https:\/\/www.europesays.com\/no\/wp-json\/wp\/v2\/types\/post"}],"author":[{"embeddable":true,"href":"https:\/\/www.europesays.com\/no\/wp-json\/wp\/v2\/users\/2"}],"replies":[{"embeddable":true,"href":"https:\/\/www.europesays.com\/no\/wp-json\/wp\/v2\/comments?post=133832"}],"version-history":[{"count":0,"href":"https:\/\/www.europesays.com\/no\/wp-json\/wp\/v2\/posts\/133832\/revisions"}],"wp:featuredmedia":[{"embeddable":true,"href":"https:\/\/www.europesays.com\/no\/wp-json\/wp\/v2\/media\/133833"}],"wp:attachment":[{"href":"https:\/\/www.europesays.com\/no\/wp-json\/wp\/v2\/media?parent=133832"}],"wp:term":[{"taxonomy":"category","embeddable":true,"href":"https:\/\/www.europesays.com\/no\/wp-json\/wp\/v2\/categories?post=133832"},{"taxonomy":"post_tag","embeddable":true,"href":"https:\/\/www.europesays.com\/no\/wp-json\/wp\/v2\/tags?post=133832"}],"curies":[{"name":"wp","href":"https:\/\/api.w.org\/{rel}","templated":true}]}}