{"id":133834,"date":"2026-01-10T12:44:34","date_gmt":"2026-01-10T12:44:34","guid":{"rendered":"https:\/\/www.europesays.com\/no\/133834\/"},"modified":"2026-01-10T12:44:34","modified_gmt":"2026-01-10T12:44:34","slug":"team-polsa-nrk-eleah-13-med-i-team-polsa","status":"publish","type":"post","link":"https:\/\/www.europesays.com\/no\/133834\/","title":{"rendered":"Team P\u00f8lsa, NRK | Eleah (13) med i Team P\u00f8lsa"},"content":{"rendered":"\n<p>Det opplyser NRK i en pressemelding fredag.<\/p>\n<p>I fjor vinter r\u00f8rte \u00d8ystein Pettersen hele Norge til t\u00e5rer da Team P\u00f8lsa fullf\u00f8rte et skirenn i VM-l\u00f8ypene i Trondheim. N\u00e5 er det duket for en ny sesong av suksesserien \u2013 som blir enda t\u00f8ffere enn den forrige. I tillegg til \u00e5 gjennomf\u00f8re et skirenn, skal \u00e5rets deltakere l\u00e6re seg \u00e5 skyte.<\/p>\n<p>Her er de nye deltakerne:<\/p>\n<ul>\n<li>Eleah Tysdal (13) fra Stj\u00f8rdal (Funksjonsnedsettelse: ADHD og utviklingshemming)<\/li>\n<\/ul>\n<p>   <img decoding=\"async\" width=\"576\" height=\"324\" fetchpriority=\"low\"  loading=\"lazy\"  src=\"https:\/\/www.europesays.com\/no\/wp-content\/uploads\/2026\/01\/unnamed+%286%29.jpg\" alt=\"\" class=\"brick-c-cFOWSL\" style=\"--brick-image-ratio: 576 \/ 324;\"\/><\/p>\n<p>      Eleah Tysdal fra Stj\u00f8rdal beskrives som den omsorgsfulle og energifulle jenta i laget.<br \/>\n      Foto: Erlend L\u00e5nke Solbu \/ NRK\n    <\/p>\n<ul>\n<li>Synne Lykkeslet (14) fra Oppeg\u00e5rd (Funksjonsnedsettelse: OCD, autisme og Tourettes syndrom)<\/li>\n<li>Kornelius Smeby-Ryen (13) fra Kongsvinger (Funksjonsnedsettelse: Ryggmargsbrokk og hydrocephalus)<\/li>\n<li>Benjamin Midtb\u00f8 H\u00f8ydal (11) fra Rutledal (Funksjonsnedsettelse: Dysmeli)<\/li>\n<li>Alva Bjerrehorn (13) fra Trondheim (Funksjonsnedsettelse: Sterkt svaksynt)<\/li>\n<li>Erik Damsg\u00e5rd Tomter (14) fra Tvedestrand (Funksjonsnedsettelse: Williams syndrom og utviklingshemming)<\/li>\n<\/ul>\n<p>Den f\u00f8rste episoden av forrige sesong av \u00abTeam P\u00f8lsa\u00bb er hittil sett av 1,5 millioner seere, og de seks episodene er i snitt sett av over 1,25 millioner seere.<\/p>\n<p>Serien har premiere fredag 27. februar i NRK TV.<\/p>\n","protected":false},"excerpt":{"rendered":"Det opplyser NRK i en pressemelding fredag. I fjor vinter r\u00f8rte \u00d8ystein Pettersen hele Norge til t\u00e5rer da&hellip;\n","protected":false},"author":2,"featured_media":133835,"comment_status":"","ping_status":"","sticky":false,"template":"","format":"standard","meta":{"footnotes":""},"categories":[10],"tags":[36,20,21,24,25,15420,15,410,22,23,13,30,28,29,787,14,16,756,1510,5646,26,27],"class_list":{"0":"post-133834","1":"post","2":"type-post","3":"status-publish","4":"format-standard","5":"has-post-thumbnail","7":"category-norge","8":"tag-art","9":"tag-breaking-news","10":"tag-breakingnews","11":"tag-featured-news","12":"tag-featurednews","13":"tag-funksjonsnedsetting","14":"tag-headlines","15":"tag-kultur","16":"tag-latest-news","17":"tag-latestnews","18":"tag-news","19":"tag-no","20":"tag-norge","21":"tag-norway","22":"tag-nrk","23":"tag-nyheter","24":"tag-overskrifter","25":"tag-stjordal","26":"tag-story","27":"tag-team-polsa","28":"tag-top-stories","29":"tag-topstories"},"share_on_mastodon":{"url":"https:\/\/pubeurope.com\/@no\/115870869933886123","error":""},"_links":{"self":[{"href":"https:\/\/www.europesays.com\/no\/wp-json\/wp\/v2\/posts\/133834","targetHints":{"allow":["GET"]}}],"collection":[{"href":"https:\/\/www.europesays.com\/no\/wp-json\/wp\/v2\/posts"}],"about":[{"href":"https:\/\/www.europesays.com\/no\/wp-json\/wp\/v2\/types\/post"}],"author":[{"embeddable":true,"href":"https:\/\/www.europesays.com\/no\/wp-json\/wp\/v2\/users\/2"}],"replies":[{"embeddable":true,"href":"https:\/\/www.europesays.com\/no\/wp-json\/wp\/v2\/comments?post=133834"}],"version-history":[{"count":0,"href":"https:\/\/www.europesays.com\/no\/wp-json\/wp\/v2\/posts\/133834\/revisions"}],"wp:featuredmedia":[{"embeddable":true,"href":"https:\/\/www.europesays.com\/no\/wp-json\/wp\/v2\/media\/133835"}],"wp:attachment":[{"href":"https:\/\/www.europesays.com\/no\/wp-json\/wp\/v2\/media?parent=133834"}],"wp:term":[{"taxonomy":"category","embeddable":true,"href":"https:\/\/www.europesays.com\/no\/wp-json\/wp\/v2\/categories?post=133834"},{"taxonomy":"post_tag","embeddable":true,"href":"https:\/\/www.europesays.com\/no\/wp-json\/wp\/v2\/tags?post=133834"}],"curies":[{"name":"wp","href":"https:\/\/api.w.org\/{rel}","templated":true}]}}