{"id":133840,"date":"2026-01-10T13:06:11","date_gmt":"2026-01-10T13:06:11","guid":{"rendered":"https:\/\/www.europesays.com\/no\/133840\/"},"modified":"2026-01-10T13:06:11","modified_gmt":"2026-01-10T13:06:11","slug":"fare-for-glatte-veier-og-darlige-kjoreforhold","status":"publish","type":"post","link":"https:\/\/www.europesays.com\/no\/133840\/","title":{"rendered":"Fare for glatte veier og d\u00e5rlige kj\u00f8reforhold"},"content":{"rendered":"\n<p class=\"_lead_o9xde_2 _lead_xtcu6_50 layout-component text-serif-m layout-normal text-serif-l layout-component layout-wide layout-padded _wide_17hqh_1 layout-padded\">Mildv\u00e6r er ventet langs kysten neste uke, noe som kan f\u00f8re til glatte veier og utfordrende kj\u00f8reforhold. P\u00e5 Vestlandet er det fare for full storm. <\/p>\n<p><img alt=\"Glatte veier og mildv\u00e6r i Oslo er ikke noe nytt. I 2022 var det spesielt glatt flere steder i sentrum. Foto: Rodrigo Freitas \/ NTB\" class=\"_image_qp4xg_65 layout-component layout-wide\" data-fullscreen- data-track-element-type=\"Article image fullscreen\" data-track-name=\"ImageFullscreen\" fetchpriority=\"high\" decoding=\"sync\" loading=\"eager\" height=\"1856\" itemprop=\"image\"  src=\"https:\/\/www.europesays.com\/no\/wp-content\/uploads\/2026\/01\/6bdb9df7-7dcf-4cef-9493-6692fe3cf7f8.jpeg\"  style=\"object-position:0% 0%\" width=\"2784\"\/>Glatte veier og mildv\u00e6r i Oslo er ikke noe nytt. I 2022 var det spesielt glatt flere steder i sentrum. Foto: Rodrigo Freitas \/ NTB<\/p>\n<ul aria-hidden=\"true\" class=\"_images_ntbth_112\">\n<li><a class=\"_link_ntbth_117\" href=\"https:\/\/www.vg.no\/forfatter\/ingrid-storeboe\" style=\"z-index:1\" title=\"Ingrid Storeb\u00f8\" rel=\"nofollow noopener\" target=\"_blank\"><img alt=\"Bilde av Ingrid Storeb\u00f8\" class=\"_image_ntbth_93\" fetchpriority=\"low\" loading=\"lazy\" decoding=\"async\" itemprop=\"image\"  src=\"https:\/\/www.europesays.com\/no\/wp-content\/uploads\/2026\/01\/1768050368_571_b3fc896d-536d-4041-8257-79b6b2cd3323.jpeg\"  width=\"480\"\/><\/a><\/li>\n<\/ul>\n<p> Oppdatert l\u00f8rdag 10. januar kl. 13:06    <\/p>\n<ul class=\"_list_o9xde_3 _list_64s2r_85 _unordered_o9xde_106 text-sans-m\">\n<li class=\"_item_o9xde_30\">Mildv\u00e6r n\u00e6rmer seg, men krevende kj\u00f8reforhold ventes.<\/li>\n<li class=\"_item_o9xde_30\">Meteorolog Siri Wiberg advarer om glatte veier p\u00e5 grunn av varierende nedb\u00f8r.<\/li>\n<li class=\"_item_o9xde_30\">Trafikkoperat\u00f8r Vegard Hornes Halvorsen oppfordrer bilister til \u00e5 v\u00e6re skjerpet og kj\u00f8re etter forholdene.<\/li>\n<\/ul>\n<p>Vis mer <\/p>\n<p class=\"_paragraph_o9xde_4 _paragraph_xtcu6_10 layout-component text-serif-m layout-normal text-serif-m layout-padded\">B\u00e5de Vegtrafikksentralen og vakthavende meteorolog Siri Wiberg f\u00f8lger n\u00f8ye med p\u00e5 v\u00e6rutviklingen langs kysten neste uke \u2013 og det med god grunn. <\/p>\n<p class=\"_paragraph_o9xde_4 _paragraph_xtcu6_10 layout-component text-serif-m layout-normal text-serif-m layout-padded\">Temperaturen n\u00e6rmer seg null grader langs store deler av kysten, og typen nedb\u00f8r vil variere fra sted til sted.<\/p>\n<p><img alt=\"Det var glatt og isete p\u00e5 veiene p\u00e5 samme tid i fjor.  Foto: Tore Kristiansen \/ VG\" class=\"_image_qp4xg_65 layout-component layout-normal\" data-fullscreen- data-track-element-type=\"Article image fullscreen\" data-track-name=\"ImageFullscreen\" decoding=\"async\" loading=\"lazy\" height=\"4000\" itemprop=\"image\"  src=\"https:\/\/www.europesays.com\/no\/wp-content\/uploads\/2026\/01\/49b7631e-8d15-4c1f-b9c9-174c42d6ed83.jpeg\"  style=\"object-position:0% 0%\" width=\"6000\"\/>Det var glatt og isete p\u00e5 veiene p\u00e5 samme tid i fjor.  Foto: Tore Kristiansen \/ VG<\/p>\n<p class=\"_paragraph_o9xde_4 _paragraph_xtcu6_10 layout-component text-serif-m layout-normal text-serif-m layout-padded\">Det gir stor fare for glatte veier og krevende kj\u00f8reforhold langs den norsk kyst. <\/p>\n<p class=\"_paragraph_o9xde_4 _paragraph_xtcu6_10 layout-component text-serif-m layout-normal text-serif-m layout-padded\">\u2013 Jeg ser at temperaturene ligger rundt null grader. Det er ikke bra for Oslo \u2013 det kan komme b\u00e5de som regn eller sn\u00f8. Det er fortsatt veldig usikkert hva vi ender opp med, sier Wiberg.<\/p>\n<p><img decoding=\"async\" alt=\"Bilde av Meteorolog Siri Wiberg\" class=\"_image_ygndg_42\" height=\"27\" itemprop=\"image\" loading=\"lazy\"  src=\"https:\/\/www.europesays.com\/no\/wp-content\/uploads\/2026\/01\/be7c7b78-877c-469a-8b02-c96bfce64f46.jpeg\"  width=\"40\"\/><strong class=\"_name_ygndg_51 title-serif-xs\">Meteorolog Siri Wiberg<\/strong><\/p>\n<p class=\"_paragraph_o9xde_4 _paragraph_xtcu6_10 layout-component text-serif-m layout-normal text-serif-m layout-padded\">Forel\u00f8pig er det ikke sendt ut noe farevarsel, men det vil bli vurdert n\u00e6rmere:<\/p>\n<p class=\"_paragraph_o9xde_4 _paragraph_xtcu6_10 layout-component text-serif-m layout-normal text-serif-m layout-padded\"><strong class=\"_strong_o9xde_25\">\u2013 Jeg utelukker ikke at vi m\u00e5 sende ut farevarsel. Situasjonen m\u00e5 vurderes i morgen, sier Wiberg.<\/strong><\/p>\n<p class=\"_paragraph_o9xde_4 _paragraph_xtcu6_10 layout-component text-serif-m layout-normal text-serif-m layout-padded\">Spesielt onsdag er det knyttet usikkerhet til:<\/p>\n<p class=\"_paragraph_o9xde_4 _paragraph_xtcu6_10 layout-component text-serif-m layout-normal text-serif-m layout-padded\">\u2013 Det ligger an til \u00e5 komme en god del nedb\u00f8r, men vi vet ikke om det kommer som sn\u00f8, regn eller underkj\u00f8lt regn. Underkj\u00f8lt regn er det verste \u2013 det kan gi ekstremt glatte veier, sier meteorologen.<\/p>\n<p class=\"_paragraph_o9xde_4 _paragraph_xtcu6_10 layout-component text-serif-m layout-normal text-serif-m layout-padded\">Bak v\u00e6rendringen st\u00e5r s\u00f8rlig og s\u00f8r\u00f8stlig vind som f\u00f8rer mild luft inn over S\u00f8rlandet og <a href=\"https:\/\/www.vg.no\/tag\/oestlandet?utm_source=vg-article&amp;utm_medium=auto-tagger&amp;utm_campaign=xr34LB\" class=\"_link_o9xde_39\" rel=\"nofollow noopener\" target=\"_blank\">\u00d8stlandet<\/a>.<\/p>\n<p class=\"_paragraph_o9xde_4 _paragraph_xtcu6_10 layout-component text-serif-m layout-normal text-serif-m layout-padded\">\u2013 P\u00e5 kysten av Agder blir det trolig plussgrader. Lenger inn p\u00e5 \u00d8stlandet vil nedb\u00f8ren nok komme som sn\u00f8, men langs kysten kan det bli regn eller sludd. Hvor overgangen g\u00e5r, vet vi ikke enn\u00e5, forklarer hun.<\/p>\n<p class=\"_paragraph_o9xde_4 _paragraph_xtcu6_10 layout-component text-serif-m layout-normal text-serif-m layout-padded\">\u2013 Kombinasjonen av minusgrader og p\u00e5f\u00f8lgende regn er aldri bra. Det er en potensielt skummel situasjon, advarer Wiberg, som legger til at vinden p\u00e5 Vestlandet ikke ser ut til \u00e5 bli et problem av betydning.<\/p>\n<p class=\"_paragraph_o9xde_4 _paragraph_xtcu6_10 layout-component text-serif-m layout-normal text-serif-m layout-padded\">For det er ventet kraftige vindkast i deler av Vestlandet fra natt til mandag og utover mandag ettermiddag.<\/p>\n<p class=\"_paragraph_o9xde_4 _paragraph_xtcu6_10 layout-component text-serif-m layout-normal text-serif-m layout-padded\">Lokalt kan vindkastene komme opp i 27\u201330 m\/s fra s\u00f8r\u00f8st. P\u00e5 kysten og i fjellet er det fare for liten til full storm.<\/p>\n<p><img alt=\"Gjelder for deler av Vestlandet  Foto: met.no\" class=\"_image_qp4xg_65 layout-component layout-normal\" data-fullscreen- data-track-element-type=\"Article image fullscreen\" data-track-name=\"ImageFullscreen\" decoding=\"async\" loading=\"lazy\" height=\"675\" itemprop=\"image\"  src=\"https:\/\/www.europesays.com\/no\/wp-content\/uploads\/2026\/01\/01b7af59-4751-48aa-b309-8e6a80cf1830.jpeg\"  style=\"object-position:0% 0%\" width=\"1200\"\/>Gjelder for deler av Vestlandet  Foto: met.no<\/p>\n<p class=\"_paragraph_o9xde_4 _paragraph_xtcu6_10 layout-component text-serif-m layout-normal text-serif-m layout-padded\">Meteorologene har sendt ut gult farevarsel, men understreker at det vil v\u00e6re betydelige lokale variasjoner i vindstyrke.<\/p>\n<p>\u2013 Vi forbereder oss p\u00e5 glatte veier<\/p>\n<p class=\"_paragraph_o9xde_4 _paragraph_xtcu6_10 layout-component text-serif-m layout-normal text-serif-m layout-padded\">Vegtrafikksentralen peker ogs\u00e5 p\u00e5 onsdag et usikkerhetsmoment.<\/p>\n<p class=\"_paragraph_o9xde_4 _paragraph_xtcu6_10 layout-component text-serif-m layout-normal text-serif-m layout-padded\">\u2013 Vi forbereder oss p\u00e5 glatte veier, og det blir en overgangsfase \u2013 spesielt onsdag, n\u00e5r det er ventet v\u00e5t og fuktig sn\u00f8, sier trafikkoperat\u00f8r Vegard Hornes Halvorsen.<\/p>\n<p><img alt=\"Regn og sn\u00f8 skapte trafikkaos i hovedstaden i februar 2024.  Foto: J\u00f8rgen Braastad \/ VG\" class=\"_image_qp4xg_65 layout-component layout-normal\" data-fullscreen- data-track-element-type=\"Article image fullscreen\" data-track-name=\"ImageFullscreen\" decoding=\"async\" loading=\"lazy\" height=\"5464\" itemprop=\"image\"  src=\"https:\/\/www.europesays.com\/no\/wp-content\/uploads\/2026\/01\/3fd25066-ea3c-456f-9c67-3124f276c23e.png\"  style=\"object-position:0% 0%\" width=\"8192\"\/>Regn og sn\u00f8 skapte trafikkaos i hovedstaden i februar 2024.  Foto: J\u00f8rgen Braastad \/ VG<\/p>\n<p class=\"_paragraph_o9xde_4 _paragraph_xtcu6_10 layout-component text-serif-m layout-normal text-serif-m layout-padded\">Han forklarer at kulden de siste dagene gj\u00f8r at salt ikke virker like godt, noe som kan bidra til at veiene holder seg glatte lenger.<\/p>\n<p class=\"_paragraph_o9xde_4 _paragraph_xtcu6_10 layout-component text-serif-m layout-normal text-serif-m layout-padded\">\u2013 N\u00e5r det er s\u00e5pass kaldt, fungerer ikke saltingen optimalt. Det gj\u00f8r veiene mer utsatt, sier Halvorsen.<\/p>\n<p class=\"_paragraph_o9xde_4 _paragraph_xtcu6_10 layout-component text-serif-m layout-normal text-serif-m layout-padded\">Han legger til: <\/p>\n<p class=\"_paragraph_o9xde_4 _paragraph_xtcu6_10 layout-component text-serif-m layout-normal text-serif-m layout-padded\">\u2013 Vi er klare til det som m\u00e5tte komme, men folk m\u00e5 v\u00e6re forberedt p\u00e5 krevende kj\u00f8reforhold \u2013 s\u00e6rlig natt til onsdag og utover morgenen. Vi rekker ikke \u00e5 rydde alt p\u00e5 \u00e9n gang, p\u00e5peker han.<\/p>\n<p class=\"_paragraph_o9xde_4 _paragraph_xtcu6_10 layout-component text-serif-m layout-normal text-serif-m layout-padded\">Til bilistene har han en klar oppfordring:<\/p>\n<p class=\"_paragraph_o9xde_4 _paragraph_xtcu6_10 layout-component text-serif-m layout-normal text-serif-m layout-padded\"><strong class=\"_strong_o9xde_25\">\u2013 Folk m\u00e5 v\u00e6re skjerpet. Kj\u00f8r etter forholdene, tilpass farten og hold god avstand. S\u00f8rg ogs\u00e5 for at bilen er i forskriftsmessig stand. Er man usikker, er det helt greit \u00e5 la bilen st\u00e5, sier Halvorsen.<\/strong><\/p>\n<p class=\"_paragraph_o9xde_4 _paragraph_xtcu6_10 layout-component text-serif-m layout-normal text-serif-m layout-padded\">I dagene fremover er det meldt litt sn\u00f8, s\u00e6rlig mandag, etterfulgt av sludd og milde temperaturer senere i uken.<\/p>\n<p class=\"_paragraph_o9xde_4 _paragraph_xtcu6_10 layout-component text-serif-m layout-normal text-serif-m layout-padded\">\u2013 Det blir en del m\u00e5king og varierende kj\u00f8reforhold. Ikke noe vi ikke kjenner til, men folk b\u00f8r v\u00e6re forberedt p\u00e5 mer enn normalt, avslutter Halvorsen.<\/p>\n<p>    <img decoding=\"async\" alt=\"Tips oss illustrasjon\" src=\"https:\/\/www.europesays.com\/no\/wp-content\/uploads\/2025\/10\/pssst-small.webp.webp\"\/>    <\/p>\n<p class=\"title-serif-s\">Har du tips?<\/p>\n<p class=\"text-sans-m\">Send oss informasjon, bilder eller video.<\/p>\n<p>  <a href=\"https:\/\/www.vg.no\/tips-oss\" rel=\"nofollow noopener\" target=\"_blank\"> Tips oss <\/a>      <\/p>\n","protected":false},"excerpt":{"rendered":"Mildv\u00e6r er ventet langs kysten neste uke, noe som kan f\u00f8re til glatte veier og utfordrende kj\u00f8reforhold. P\u00e5&hellip;\n","protected":false},"author":2,"featured_media":133841,"comment_status":"","ping_status":"","sticky":false,"template":"","format":"standard","meta":{"footnotes":""},"categories":[5],"tags":[31,20,21,24,25,15,19,22,23,17,18,3153,13,30,28,29,14,16,5853,6527,26,27],"class_list":{"0":"post-133840","1":"post","2":"type-post","3":"status-publish","4":"format-standard","5":"has-post-thumbnail","7":"category-overskrifter","8":"tag-breaking","9":"tag-breaking-news","10":"tag-breakingnews","11":"tag-featured-news","12":"tag-featurednews","13":"tag-headlines","14":"tag-hovedoppslag","15":"tag-latest-news","16":"tag-latestnews","17":"tag-main-news","18":"tag-mainnews","19":"tag-nedbor","20":"tag-news","21":"tag-no","22":"tag-norge","23":"tag-norway","24":"tag-nyheter","25":"tag-overskrifter","26":"tag-ostlandet","27":"tag-sno","28":"tag-top-stories","29":"tag-topstories"},"share_on_mastodon":{"url":"https:\/\/pubeurope.com\/@no\/115870956559151607","error":""},"_links":{"self":[{"href":"https:\/\/www.europesays.com\/no\/wp-json\/wp\/v2\/posts\/133840","targetHints":{"allow":["GET"]}}],"collection":[{"href":"https:\/\/www.europesays.com\/no\/wp-json\/wp\/v2\/posts"}],"about":[{"href":"https:\/\/www.europesays.com\/no\/wp-json\/wp\/v2\/types\/post"}],"author":[{"embeddable":true,"href":"https:\/\/www.europesays.com\/no\/wp-json\/wp\/v2\/users\/2"}],"replies":[{"embeddable":true,"href":"https:\/\/www.europesays.com\/no\/wp-json\/wp\/v2\/comments?post=133840"}],"version-history":[{"count":0,"href":"https:\/\/www.europesays.com\/no\/wp-json\/wp\/v2\/posts\/133840\/revisions"}],"wp:featuredmedia":[{"embeddable":true,"href":"https:\/\/www.europesays.com\/no\/wp-json\/wp\/v2\/media\/133841"}],"wp:attachment":[{"href":"https:\/\/www.europesays.com\/no\/wp-json\/wp\/v2\/media?parent=133840"}],"wp:term":[{"taxonomy":"category","embeddable":true,"href":"https:\/\/www.europesays.com\/no\/wp-json\/wp\/v2\/categories?post=133840"},{"taxonomy":"post_tag","embeddable":true,"href":"https:\/\/www.europesays.com\/no\/wp-json\/wp\/v2\/tags?post=133840"}],"curies":[{"name":"wp","href":"https:\/\/api.w.org\/{rel}","templated":true}]}}