{"id":133851,"date":"2026-01-10T13:26:09","date_gmt":"2026-01-10T13:26:09","guid":{"rendered":"https:\/\/www.europesays.com\/no\/133851\/"},"modified":"2026-01-10T13:26:09","modified_gmt":"2026-01-10T13:26:09","slug":"golden-globe-vertinne-nikki-glasers-hodebry-for-prisdrysset","status":"publish","type":"post","link":"https:\/\/www.europesays.com\/no\/133851\/","title":{"rendered":"Golden Globe-vertinne Nikki Glasers hodebry f\u00f8r prisdrysset"},"content":{"rendered":"\n<p class=\"_lead_o9xde_2 _lead_xtcu6_50 layout-component text-serif-m layout-normal text-serif-l layout-component layout-wide layout-padded _wide_17hqh_1 layout-padded\">Nikki Glaser (41) strever spesielt med \u00e9n ting.<\/p>\n<p><img alt=\"PROGRAMLEDER: Nikki Glaser p\u00e5 en pressekonferanse for Golden Globe i Los Angeles torsdag. Foto: VALERIE MACON \/ AFP \/ NTB\" class=\"_image_qp4xg_65 layout-component layout-wide\" data-fullscreen- data-track-element-type=\"Article image fullscreen\" data-track-name=\"ImageFullscreen\" fetchpriority=\"high\" decoding=\"sync\" loading=\"eager\" height=\"2571\" itemprop=\"image\"  src=\"https:\/\/www.europesays.com\/no\/wp-content\/uploads\/2026\/01\/40cf427e-39a7-4ebb-8dab-a489f5b1e00e.jpeg\"  style=\"object-position:0% 0%\" width=\"3129\"\/>PROGRAMLEDER: Nikki Glaser p\u00e5 en pressekonferanse for Golden Globe i Los Angeles torsdag. Foto: VALERIE MACON \/ AFP \/ NTB<\/p>\n<ul aria-hidden=\"true\" class=\"_images_ntbth_112\">\n<li><a class=\"_link_ntbth_117\" href=\"https:\/\/www.vg.no\/forfatter\/catherine-gonsholt-ighanian\" style=\"z-index:1\" title=\"Catherine Gonsholt Ighanian\" rel=\"nofollow noopener\" target=\"_blank\"><img alt=\"Bilde av Catherine Gonsholt Ighanian\" class=\"_image_ntbth_93\" fetchpriority=\"low\" loading=\"lazy\" decoding=\"async\" itemprop=\"image\"  src=\"https:\/\/www.europesays.com\/no\/wp-content\/uploads\/2026\/01\/1768051568_874_72dca32d-ee6f-474c-a50e-72a9bb49f38a.jpeg\"  width=\"480\"\/><\/a><\/li>\n<\/ul>\n<p> Oppdatert l\u00f8rdag 10. januar kl. 13:35    <\/p>\n<ul class=\"_list_o9xde_3 _list_64s2r_85 _unordered_o9xde_106 text-sans-m\">\n<li class=\"_item_o9xde_30\">Nikki Glaser sliter med \u00e5 finne den perfekte vitsen om Julia Roberts f\u00f8r Golden Globe-utdelingen.<\/li>\n<li class=\"_item_o9xde_30\">Glaser skal lede showet for andre gang, etter ros for sine skarpe kommentarer i fjor.<\/li>\n<\/ul>\n<p>Vis mer <\/p>\n<p class=\"_paragraph_o9xde_4 _paragraph_xtcu6_10 layout-component text-serif-m layout-normal text-serif-m layout-padded\">Komikeren og skuespilleren har det \u00e6refulle oppdraget med \u00e5 lede den storsl\u00e5tte <a href=\"https:\/\/www.vg.no\/tag\/golden-globe?utm_source=vg-article&amp;utm_medium=auto-tagger&amp;utm_campaign=431zO6\" class=\"_link_o9xde_39\" rel=\"nofollow noopener\" target=\"_blank\">Golden Globe<\/a>-utdelingen i Los Angeles f\u00f8rstkommende s\u00f8ndag lokal tid.<\/p>\n<p class=\"_paragraph_o9xde_4 _paragraph_xtcu6_10 layout-component text-serif-m layout-normal text-serif-m layout-padded\">Prisene drysser med andre ord natt til mandag norsk tid, og Glaser har alts\u00e5 f\u00e5tt fornyet tillit etter fjor\u00e5rets Golden Globe-debut.<\/p>\n<p class=\"_paragraph_o9xde_4 _paragraph_xtcu6_10 layout-component text-serif-m layout-normal text-serif-m layout-padded\">Det er tradisjon at programlederne forbereder vitser og sp\u00f8kefulle kommentarer om de som er nominert \u2013 samt andre gjester i salen.<\/p>\n<p class=\"_paragraph_o9xde_4 _paragraph_xtcu6_10 layout-component text-serif-m layout-normal text-serif-m layout-padded\">Problemet er bare at Glaser sliter noe voldsomt med \u00e5 finne den perfekte vitsen om Hollywood-dronningen Julia Roberts (58).<\/p>\n<p class=\"_paragraph_o9xde_4 _paragraph_xtcu6_10 layout-component text-serif-m layout-normal text-serif-m layout-padded\">\u2013 Hun har v\u00e6rt den t\u00f8ffeste n\u00f8tten \u00e5 knekke, sier Glaser til <a href=\"https:\/\/abcnews.go.com\/Entertainment\/wireStory\/golden-globes-host-nikki-glaser-struggles-julia-roberts-128981354\" class=\"_link_o9xde_39\" rel=\"nofollow noopener\" target=\"_blank\">ABC New<\/a>s. <\/p>\n<p class=\"_paragraph_o9xde_4 _paragraph_xtcu6_10 layout-component text-serif-m layout-normal text-serif-m layout-padded\">\u2013 Men jeg skal klare \u00e5 knekke den.<\/p>\n<p><img alt=\"KAN VINNE: Om Julia Roberts selv kommer til \u00e5 le, gjenst\u00e5r \u00e5 se. Her under The Gotham Film Awards i New York i desember.  Foto: Evan Agostini \/ AP \/ NTB\" class=\"_image_qp4xg_65 layout-component layout-normal\" data-fullscreen- data-track-element-type=\"Article image fullscreen\" data-track-name=\"ImageFullscreen\" decoding=\"async\" loading=\"lazy\" height=\"1210\" itemprop=\"image\"  src=\"https:\/\/www.europesays.com\/no\/wp-content\/uploads\/2026\/01\/7c1f8edd-297d-438f-afe9-64743c348d0b.jpeg\"  style=\"object-position:0% 0%\" width=\"1580\"\/>KAN VINNE: Om Julia Roberts selv kommer til \u00e5 le, gjenst\u00e5r \u00e5 se. Her under The Gotham Film Awards i New York i desember.  Foto: Evan Agostini \/ AP \/ NTB<\/p>\n<p class=\"_paragraph_o9xde_4 _paragraph_xtcu6_10 layout-component text-serif-m layout-normal text-serif-m layout-padded\">Roberts er nominert for beste kvinnelige hovedrolle for filmen \u00abAfter the Hunt\u00bb og kommer til \u00e5 sitte langt fremme og rett foran Glaser under utdelingen.<\/p>\n<p class=\"_paragraph_o9xde_4 _paragraph_xtcu6_10 layout-component text-serif-m layout-normal text-serif-m layout-padded\">\u2013 Jeg vil bare komme opp med den perfekte vitsen, men det er som om folk ikke har sans for humor n\u00e5r det gjelder Julia Roberts, sier komikeren.<\/p>\n<p class=\"_paragraph_o9xde_4 _paragraph_xtcu6_10 layout-component text-serif-m layout-normal text-serif-m layout-padded\">Hun forteller at selv de mest uskyldige vitsene om Roberts f\u00e5r publikum til \u00e5 bue hver gang hun tester dem p\u00e5 standupklubber.<\/p>\n<p><img decoding=\"async\" alt=\"Bilde av Renate Reinsve\" class=\"_image_ygndg_42\" height=\"27\" itemprop=\"image\" loading=\"lazy\"  src=\"https:\/\/www.europesays.com\/no\/wp-content\/uploads\/2026\/01\/061da3f2-5404-4d12-8937-1d9fde1b01f4.jpeg\"  width=\"40\"\/><strong class=\"_name_ygndg_51 title-serif-xs\">Renate Reinsve<\/strong><\/p>\n<p class=\"_paragraph_o9xde_4 _paragraph_xtcu6_10 layout-component text-serif-m layout-normal text-serif-m layout-padded\">Om Glaser kommer til \u00e5 vitse med norske Renate Reinsve (38), som <a href=\"https:\/\/www.vg.no\/rampelys\/i\/k0apd6\/affeksjonsverdi-er-nominert-til-golden-globe-2026\" data-track-element-type=\"Link\" data-track-id=\"link:k0apd6\" class=\"_link_o9xde_39\" rel=\"nofollow noopener\" target=\"_blank\">ogs\u00e5 er nominert<\/a> (for \u00abAffeksjonsverdi\u00bb), gjenst\u00e5r \u00e5 se.<\/p>\n<p class=\"_paragraph_o9xde_4 _paragraph_xtcu6_10 layout-component text-serif-m layout-normal text-serif-m layout-padded\">Glaser fikk ros for sine skarpe kommentarer i fjor. I \u00e5r planlegger hun \u00e5 ta for seg flere av de nominerte, inkludert Timoth\u00e9e Chalamet, George Clooney og Leonardo DiCaprio.<\/p>\n<p class=\"_paragraph_o9xde_4 _paragraph_xtcu6_10 layout-component text-serif-m layout-normal text-serif-m layout-padded\">\u2013 Leo? Vi skal g\u00e5 l\u00f8s p\u00e5 Leo. Isfjellene kommer. Pass opp, sier hun med henvisning til DiCaprios rolle i \u00abTitanic\u00bb fra 1997.<\/p>\n<p class=\"_paragraph_o9xde_4 _paragraph_xtcu6_10 layout-component text-serif-m layout-normal text-serif-m layout-padded\">Som alle andre prisutdelingsverter er Glaser bekymret for at en stor nyhetshendelse skal snu alt p\u00e5 hodet. <\/p>\n<p class=\"_paragraph_o9xde_4 _paragraph_xtcu6_10 layout-component text-serif-m layout-normal text-serif-m layout-padded\">I helgen var hun sikker p\u00e5 at hun m\u00e5tte snakke om Venezuela og USAs milit\u00e6roperasjon. N\u00e5 er hun ikke s\u00e5 sikker lenger. <\/p>\n<p class=\"_paragraph_o9xde_4 _paragraph_xtcu6_10 layout-component text-serif-m layout-normal text-serif-m layout-padded\">\u2013 Du kan ikke regne med at noe som har skjedd for en uke siden, vil v\u00e6re relevant nok, sier Glaser. <\/p>\n<p class=\"_paragraph_o9xde_4 _paragraph_xtcu6_10 layout-component text-serif-m layout-normal text-serif-m layout-padded\">Norge stiller i \u00e5r med <a href=\"https:\/\/www.vg.no\/rampelys\/i\/k0apd6\/affeksjonsverdi-er-nominert-til-golden-globe-2026\" data-track-element-type=\"Link\" data-track-id=\"link:k0apd6\" class=\"_link_o9xde_39\" rel=\"nofollow noopener\" target=\"_blank\">rekordmange vinnersjanser<\/a> under Golden Globe. <\/p>\n<p>Les ogs\u00e5<\/p>\n","protected":false},"excerpt":{"rendered":"Nikki Glaser (41) strever spesielt med \u00e9n ting. PROGRAMLEDER: Nikki Glaser p\u00e5 en pressekonferanse for Golden Globe i&hellip;\n","protected":false},"author":2,"featured_media":133852,"comment_status":"","ping_status":"","sticky":false,"template":"","format":"standard","meta":{"footnotes":""},"categories":[58],"tags":[71,15422,80,14121,15423,30,28,29,72,46],"class_list":{"0":"post-133851","1":"post","2":"type-post","3":"status-publish","4":"format-standard","5":"has-post-thumbnail","7":"category-underholdning","8":"tag-entertainment","9":"tag-golden-globe","10":"tag-hollywood","11":"tag-julia-roberts","12":"tag-nikki-glaser","13":"tag-no","14":"tag-norge","15":"tag-norway","16":"tag-underholdning","17":"tag-vgai"},"share_on_mastodon":{"url":"https:\/\/pubeurope.com\/@no\/115871035256469653","error":""},"_links":{"self":[{"href":"https:\/\/www.europesays.com\/no\/wp-json\/wp\/v2\/posts\/133851","targetHints":{"allow":["GET"]}}],"collection":[{"href":"https:\/\/www.europesays.com\/no\/wp-json\/wp\/v2\/posts"}],"about":[{"href":"https:\/\/www.europesays.com\/no\/wp-json\/wp\/v2\/types\/post"}],"author":[{"embeddable":true,"href":"https:\/\/www.europesays.com\/no\/wp-json\/wp\/v2\/users\/2"}],"replies":[{"embeddable":true,"href":"https:\/\/www.europesays.com\/no\/wp-json\/wp\/v2\/comments?post=133851"}],"version-history":[{"count":0,"href":"https:\/\/www.europesays.com\/no\/wp-json\/wp\/v2\/posts\/133851\/revisions"}],"wp:featuredmedia":[{"embeddable":true,"href":"https:\/\/www.europesays.com\/no\/wp-json\/wp\/v2\/media\/133852"}],"wp:attachment":[{"href":"https:\/\/www.europesays.com\/no\/wp-json\/wp\/v2\/media?parent=133851"}],"wp:term":[{"taxonomy":"category","embeddable":true,"href":"https:\/\/www.europesays.com\/no\/wp-json\/wp\/v2\/categories?post=133851"},{"taxonomy":"post_tag","embeddable":true,"href":"https:\/\/www.europesays.com\/no\/wp-json\/wp\/v2\/tags?post=133851"}],"curies":[{"name":"wp","href":"https:\/\/api.w.org\/{rel}","templated":true}]}}