{"id":133864,"date":"2026-01-10T13:53:18","date_gmt":"2026-01-10T13:53:18","guid":{"rendered":"https:\/\/www.europesays.com\/no\/133864\/"},"modified":"2026-01-10T13:53:18","modified_gmt":"2026-01-10T13:53:18","slug":"sigurd-henriksen-skoyter-norsk-lagtempobronse-i-skoyte-em-ikke-noe-topplop-bergensavisen","status":"publish","type":"post","link":"https:\/\/www.europesays.com\/no\/133864\/","title":{"rendered":"Sigurd Henriksen, Sk\u00f8yter | Norsk lagtempobronse i sk\u00f8yte-EM: \u2013 Ikke noe toppl\u00f8p &#8211; Bergensavisen"},"content":{"rendered":"<ol>\n<li><a href=\"https:\/\/news.google.com\/rss\/articles\/CBMiiAFBVV95cUxOa2NIc3loQ2drdmtLSzBfNlhRTFF1b21EQUFOV0IyazVFelozZFRNbEhDY1p2VVVwV0dKVFBaaTZBbmdTcENnUjAwTjhibmhLM0VQdkt0RWE2OGU5cVQyWnlaX2d6STE1T0NzYkJZREZYdW5QOXdJRzFJeDZja3V4blNGZ29Vd2Vs?oc=5\" target=\"_blank\" rel=\"nofollow noopener\">Sigurd Henriksen, Sk\u00f8yter | Norsk lagtempobronse i sk\u00f8yte-EM: \u2013 Ikke noe toppl\u00f8p<\/a>&nbsp;&nbsp;Bergensavisen<\/li>\n<li><a href=\"https:\/\/news.google.com\/rss\/articles\/CBMifkFVX3lxTE1VMEhTUDhYX1lkWC1sTzBLMTlEcF9VU3k1NDlIM0UwZU1yUWpvU2lHdW5NZmwwUHA5RGhqTEM0N0otSVF0WG0taWNySE9MMnJHUmsybFBmcFM0NkJSTUxqZUpOZ0I0Q3JjRVlGaVdEMmF3UlBia1QzTC13cUQtQQ?oc=5\" target=\"_blank\" rel=\"nofollow noopener\">Sport, Sk\u00f8yter | Didrik (20) tok medalje p\u00e5 f\u00f8rste fors\u00f8k<\/a>&nbsp;&nbsp;Hamar Arbeiderblad<\/li>\n<li><a href=\"https:\/\/news.google.com\/rss\/articles\/CBMijAFBVV95cUxOUGZwMHBEUjhLdmtkTVJMQ3EyaS05RThXY1FYMnFxUTI2SzJGTERFaGZLT1Izc05fVWxzQkxIdDdKcEJwa1JHbXFRZjQzYW92ZjloaS1FQlZkekJ6TXk3WHJuZnJmWmZ0VjE5UnJMM3ExYnlfUUhURVBmN0piaUNaVE5qbUo3aFFsbUR5dA?oc=5\" target=\"_blank\" rel=\"nofollow noopener\">Norsk lagtempobronse i sk\u00f8yte-EM &#8211; Italia vant<\/a>&nbsp;&nbsp;Dagbladet<\/li>\n<li><a href=\"https:\/\/news.google.com\/rss\/articles\/CBMiS0FVX3lxTE9MMmt3WTZmWkJvSlZtcEQ2elJyajdETTJlVFBnTTBhM0dIT2N6ck0zdzdkYTM3TjVqekw1cGdRZ0lsSjJsWnJlUzhaTQ?oc=5\" target=\"_blank\" rel=\"nofollow noopener\">Norsk EM-bronse p\u00e5 lagtempo<\/a>&nbsp;&nbsp;NRK<\/li>\n<li><a href=\"https:\/\/news.google.com\/rss\/articles\/CBMieEFVX3lxTFBZbWNIZ2cxODY5Y2g3Rm0yN3hSTWpjZGNVNkRjS1hpN2taU3BXZzlQRk56N0t6VDA0clRjcFdab1htYkV0RHhlX0RaUWZqb0ZZTkpBaXV2bGk2dzdqNjdjV2lrdHNnZmRLdkE2YWZETFQtSFpkbEFOaw?oc=5\" target=\"_blank\" rel=\"nofollow noopener\">Program og resultater EM sk\u00f8yter enkeltdistanser 2026<\/a>&nbsp;&nbsp;Sportsidioten.no<\/li>\n<\/ol>\n","protected":false},"excerpt":{"rendered":"Sigurd Henriksen, Sk\u00f8yter | Norsk lagtempobronse i sk\u00f8yte-EM: \u2013 Ikke noe toppl\u00f8p&nbsp;&nbsp;Bergensavisen Sport, Sk\u00f8yter | Didrik (20) tok&hellip;\n","protected":false},"author":2,"featured_media":133865,"comment_status":"","ping_status":"","sticky":false,"template":"","format":"standard","meta":{"footnotes":""},"categories":[59],"tags":[30,28,29,83,82],"class_list":{"0":"post-133864","1":"post","2":"type-post","3":"status-publish","4":"format-standard","5":"has-post-thumbnail","7":"category-sport","8":"tag-no","9":"tag-norge","10":"tag-norway","11":"tag-sport","12":"tag-sports"},"share_on_mastodon":{"url":"https:\/\/pubeurope.com\/@no\/115871141251787301","error":""},"_links":{"self":[{"href":"https:\/\/www.europesays.com\/no\/wp-json\/wp\/v2\/posts\/133864","targetHints":{"allow":["GET"]}}],"collection":[{"href":"https:\/\/www.europesays.com\/no\/wp-json\/wp\/v2\/posts"}],"about":[{"href":"https:\/\/www.europesays.com\/no\/wp-json\/wp\/v2\/types\/post"}],"author":[{"embeddable":true,"href":"https:\/\/www.europesays.com\/no\/wp-json\/wp\/v2\/users\/2"}],"replies":[{"embeddable":true,"href":"https:\/\/www.europesays.com\/no\/wp-json\/wp\/v2\/comments?post=133864"}],"version-history":[{"count":0,"href":"https:\/\/www.europesays.com\/no\/wp-json\/wp\/v2\/posts\/133864\/revisions"}],"wp:featuredmedia":[{"embeddable":true,"href":"https:\/\/www.europesays.com\/no\/wp-json\/wp\/v2\/media\/133865"}],"wp:attachment":[{"href":"https:\/\/www.europesays.com\/no\/wp-json\/wp\/v2\/media?parent=133864"}],"wp:term":[{"taxonomy":"category","embeddable":true,"href":"https:\/\/www.europesays.com\/no\/wp-json\/wp\/v2\/categories?post=133864"},{"taxonomy":"post_tag","embeddable":true,"href":"https:\/\/www.europesays.com\/no\/wp-json\/wp\/v2\/tags?post=133864"}],"curies":[{"name":"wp","href":"https:\/\/api.w.org\/{rel}","templated":true}]}}