{"id":133872,"date":"2026-01-10T14:00:19","date_gmt":"2026-01-10T14:00:19","guid":{"rendered":"https:\/\/www.europesays.com\/no\/133872\/"},"modified":"2026-01-10T14:00:19","modified_gmt":"2026-01-10T14:00:19","slug":"hvert-levende-vesen-her-elsker-sadio-mane","status":"publish","type":"post","link":"https:\/\/www.europesays.com\/no\/133872\/","title":{"rendered":"\u2013 Hvert levende vesen her elsker Sadio Man\u00e9!"},"content":{"rendered":"\n<ul class=\"_list_o9xde_3 _list_64s2r_85 _unordered_o9xde_106 text-sans-m\">\n<li class=\"_item_o9xde_30\">Sadio Man\u00e9 forbereder seg p\u00e5 \u00e5 m\u00f8te Erling Braut Haaland n\u00e5r Senegal spiller mot Norge under VM til sommeren.<\/li>\n<li class=\"_item_o9xde_30\">Man\u00e9 er kjent for \u00e5 st\u00f8tte sin hjemby Bambali i Senegal \u00f8konomisk, blant annet med sykehus, skoler og sosial hjelp.<\/li>\n<li class=\"_item_o9xde_30\">VG har m\u00f8tt b\u00e5de slekt og beboere i landsbyen.<\/li>\n<\/ul>\n<p>Vis mer <\/p>\n<p class=\"_paragraph_o9xde_4 _paragraph_xtcu6_10 layout-component text-serif-m layout-normal text-serif-m layout-padded\">\u2013\u2060 Hvert eneste fiber i hvert eneste levende vesen her elsker Sadio Man\u00e9!<\/p>\n<p class=\"_paragraph_o9xde_4 _paragraph_xtcu6_10 layout-component text-serif-m layout-normal text-serif-m layout-padded\">Den gamle mannen sitter under et tre sammen med flere av vennene sine. N\u00e5 snakker han om angrepsspilleren som kan felle Norge under fotball-VM til sommeren.<\/p>\n<p class=\"_paragraph_o9xde_4 _paragraph_xtcu6_10 layout-component text-serif-m layout-normal text-serif-m layout-padded\">P\u00e5 sankthansaften er det <a href=\"https:\/\/www.vg.no\/tag\/sadio-mane?utm_source=vg-article&amp;utm_medium=auto-tagger&amp;utm_campaign=Gx19yV\" class=\"_link_o9xde_39\" rel=\"nofollow noopener\" target=\"_blank\">Sadio Man\u00e9<\/a> mot Erling Braut Haaland i New York. Senegal mot Norge. <\/p>\n<p class=\"_paragraph_o9xde_4 _paragraph_xtcu6_10 layout-component text-serif-m layout-normal text-serif-m layout-padded\">\u2013 Han er en snill mann, istemmer en av de andre under treet.<\/p>\n<p class=\"_paragraph_o9xde_4 _paragraph_xtcu6_10 layout-component text-serif-m layout-normal text-serif-m layout-padded\">Han har p\u00e5 seg en drakt med \u00abMan\u00e9\u00bb p\u00e5 ryggen og viser den villig frem for VG.<\/p>\n<p><img alt=\"Foto: Anders K. Christiansen \/ VG\" class=\"_image_qp4xg_65 layout-component layout-left\" data-fullscreen- data-track-element-type=\"Article image fullscreen\" data-track-name=\"ImageFullscreen\" decoding=\"async\" loading=\"lazy\" height=\"5712\" itemprop=\"image\"  src=\"https:\/\/www.europesays.com\/no\/wp-content\/uploads\/2026\/01\/38b52345-711c-4857-8faa-a743993b7db4.jpeg\"  style=\"object-position:0% 0%\" width=\"4284\"\/>Foto: Anders K. Christiansen \/ VG<img alt=\"Foto: Anders K. Christiansen \/ VG\" class=\"_image_qp4xg_65 layout-component layout-left\" data-fullscreen- data-track-element-type=\"Article image fullscreen\" data-track-name=\"ImageFullscreen\" decoding=\"async\" loading=\"lazy\" height=\"4849\" itemprop=\"image\"  src=\"https:\/\/www.europesays.com\/no\/wp-content\/uploads\/2026\/01\/e7b97545-d2b3-4b64-b550-cad8fea2df69.jpeg\"  style=\"object-position:0% 0%\" width=\"4284\"\/>Foto: Anders K. Christiansen \/ VG<img alt=\"Foto: Anders K. Christiansen \/ VG\" class=\"_image_qp4xg_65 layout-component layout-left\" data-fullscreen- data-track-element-type=\"Article image fullscreen\" data-track-name=\"ImageFullscreen\" decoding=\"async\" loading=\"lazy\" height=\"4849\" itemprop=\"image\"  src=\"https:\/\/www.europesays.com\/no\/wp-content\/uploads\/2026\/01\/e7b97545-d2b3-4b64-b550-cad8fea2df69.jpeg\"  style=\"object-position:0% 0%\" width=\"4284\"\/>Foto: Anders K. Christiansen \/ VG<img alt=\"Foto: Anders K. Christiansen \/ VG\" class=\"_image_qp4xg_65 layout-component layout-right\" data-fullscreen- data-track-element-type=\"Article image fullscreen\" data-track-name=\"ImageFullscreen\" decoding=\"async\" loading=\"lazy\" height=\"4284\" itemprop=\"image\"  src=\"https:\/\/www.europesays.com\/no\/wp-content\/uploads\/2026\/01\/f49d7665-b6e6-45e9-8b27-713bccafdcdf.jpeg\"  style=\"object-position:0% 0%\" width=\"3213\"\/>Foto: Anders K. Christiansen \/ VG<img alt=\"Foto: Anders K. Christiansen \/ VG\" class=\"_image_qp4xg_65 layout-component layout-right\" data-fullscreen- data-track-element-type=\"Article image fullscreen\" data-track-name=\"ImageFullscreen\" decoding=\"async\" loading=\"lazy\" height=\"4284\" itemprop=\"image\"  src=\"https:\/\/www.europesays.com\/no\/wp-content\/uploads\/2026\/01\/c01e0e98-58f0-40b1-ba77-74e5e3b47e6e.jpeg\"  style=\"object-position:0% 0%\" width=\"5712\"\/>Foto: Anders K. Christiansen \/ VG<img alt=\"Foto: Anders K. Christiansen \/ VG\" class=\"_image_qp4xg_65 layout-component layout-right\" data-fullscreen- data-track-element-type=\"Article image fullscreen\" data-track-name=\"ImageFullscreen\" decoding=\"async\" loading=\"lazy\" height=\"4284\" itemprop=\"image\"  src=\"https:\/\/www.europesays.com\/no\/wp-content\/uploads\/2026\/01\/c01e0e98-58f0-40b1-ba77-74e5e3b47e6e.jpeg\"  style=\"object-position:0% 0%\" width=\"5712\"\/>Foto: Anders K. Christiansen \/ VG<\/p>\n<p class=\"_paragraph_o9xde_4 _paragraph_xtcu6_10 layout-component text-serif-m layout-normal text-serif-m layout-padded\">PS: Sadio Man\u00e9 og hans Senegal kan du se i <a href=\"https:\/\/tv.vg.no\/kategori\/3\/sport?popup_id=6926df88838b9a0012b578c0\" class=\"_link_o9xde_39\" rel=\"nofollow noopener\" target=\"_blank\">Afrikamesterskapet p\u00e5 VG+ Sport.<\/a><\/p>\n<p class=\"_paragraph_o9xde_4 _paragraph_xtcu6_10 layout-component text-serif-m layout-normal text-serif-m layout-padded\">Fotballstjernen Sadio Man\u00e9 (33) hadde tjent gode penger i Red Bull Salzburg, Southampton, Liverpool og Bayern M\u00fcnchen. S\u00e5 skrev han under for Al-Nassr i Saudi-Arabia. Da tok pengegaloppen fullstendig av.<\/p>\n<p class=\"_paragraph_o9xde_4 _paragraph_xtcu6_10 layout-component text-serif-m layout-normal text-serif-m layout-padded\">N\u00e5 tjener angrepsspilleren svimlende 560 millioner kroner i \u00e5ret, skal vi tro finansmagasinet Forbes.<\/p>\n<p class=\"_paragraph_o9xde_4 _paragraph_xtcu6_10 layout-component text-serif-m layout-normal text-serif-m layout-padded\"><strong class=\"_strong_o9xde_25\">Noen av millionene g\u00e5r tilbake dit alt startet. Til en liten landsby helt s\u00f8r i Senegal. <\/strong><\/p>\n<p class=\"_paragraph_o9xde_4 _paragraph_xtcu6_10 layout-component text-serif-m layout-normal text-serif-m layout-padded\">Veien til Bambali er farget i r\u00f8d sand. Solen steker p\u00e5 himmelen over Senegal. Det har g\u00e5tt ni timer siden VG forlot hovedstaden Dakar i bil.<\/p>\n<p class=\"_paragraph_o9xde_4 _paragraph_xtcu6_10 layout-component text-serif-m layout-normal text-serif-m layout-padded\">Vi har kj\u00f8rt tvers gjennom Gambia, v\u00e6rt innom fire politistasjoner p\u00e5 grensen og er tilbake i Senegal.<\/p>\n<p class=\"_paragraph_o9xde_4 _paragraph_xtcu6_10 layout-component text-serif-m layout-normal text-serif-m layout-padded\">Ikke langt fra grensen til Guinea-Bissau ligger landsbyen der Sadio Man\u00e9 vokste opp.<\/p>\n<p class=\"_paragraph_o9xde_4 _paragraph_xtcu6_10 layout-component text-serif-m layout-normal text-serif-m layout-padded\"><strong class=\"_strong_o9xde_25\">Og her, helt vest i Afrika, har fotballikonet endret alt.<\/strong><\/p>\n<p><img decoding=\"async\" alt=\"Bilde av \u2013 De har kulturen med \u00e5 dele i ryggmargen.\" class=\"_image_ygndg_42\" height=\"43\" itemprop=\"image\" loading=\"lazy\"  src=\"https:\/\/www.europesays.com\/no\/wp-content\/uploads\/2026\/01\/39fa3ee1-41d6-4f96-971f-691a7b92d53a.jpeg\"  width=\"40\"\/><strong class=\"_name_ygndg_51 title-serif-xs\">\u2013 De har kulturen med \u00e5 dele i ryggmargen.<\/strong><\/p>\n<p class=\"_paragraph_o9xde_4 _paragraph_xtcu6_10 layout-component text-serif-m layout-normal text-serif-m layout-padded\">Det sier norske Jon \u00abS\u00e5pa\u00bb Thorstensen, som bor i Senegal. Der driver han et fotballakademi i hovedstaden Dakar.<\/p>\n<p class=\"_paragraph_o9xde_4 _paragraph_xtcu6_10 layout-component text-serif-m layout-normal text-serif-m layout-padded\">\u2013 Du ser det p\u00e5 fattige barn p\u00e5 gaten eller stranden ogs\u00e5: Dersom de f\u00e5r litt mat, hiver de det ikke innp\u00e5 alene. Det blir delt med andre.<\/p>\n<p class=\"_paragraph_o9xde_4 _paragraph_xtcu6_10 layout-component text-serif-m layout-normal text-serif-m layout-padded\">Thorstensen har sett store stjerner komme og g\u00e5.<\/p>\n<p><img decoding=\"async\" alt=\"Bilde av En av spillerne \u00abhans\u00bb er El Hadji Malick Diouf. \" class=\"_image_ygndg_42\" height=\"42\" itemprop=\"image\" loading=\"lazy\"  src=\"https:\/\/www.europesays.com\/no\/wp-content\/uploads\/2026\/01\/15454bb5-bbe1-431a-b12c-bbf0b8aba4d1.jpeg\"  width=\"40\"\/><strong class=\"_name_ygndg_51 title-serif-xs\">En av spillerne \u00abhans\u00bb er El Hadji Malick Diouf. <\/strong><\/p>\n<p class=\"_paragraph_o9xde_4 _paragraph_xtcu6_10 layout-component text-serif-m layout-normal text-serif-m layout-padded\">Da 20-\u00e5ringen med en fortid i Troms\u00f8 signerte for West Ham, tikket det inn en tekstmelding fra Sadio Man\u00e9.<\/p>\n<p class=\"_paragraph_o9xde_4 _paragraph_xtcu6_10 layout-component text-serif-m layout-normal text-serif-m layout-padded\">\u2013 Han skrev at \u00abn\u00e5 som du f\u00e5r penger, b\u00f8r du vise hvor du kommer fra, og hvem du er\u00bb. Man\u00e9 m\u00e5tte jo ikke sende den meldingen, men han gjorde det. Og det likte El Hadji, sier Thorstensen til VG. <\/p>\n<p class=\"_paragraph_o9xde_4 _paragraph_xtcu6_10 layout-component text-serif-m layout-normal text-serif-m layout-padded\"><strong class=\"_strong_o9xde_25\">\u2013 Det viste at han ikke er alene \u2013 at du ikke skal gj\u00f8re ting bare for deg selv.<\/strong><\/p>\n<p> Video: Anders K. Christiansen \/ VG   Video: Anders K. Christiansen \/ VG   Video: Anders K. Christiansen \/ VG   I Bambali bor det bare 2200 innbyggere, if\u00f8lge et A4-ark.<\/p>\n<p class=\"_paragraph_o9xde_4 _paragraph_xtcu6_10 layout-component text-serif-m layout-normal text-serif-m layout-padded\">Det er klistret opp p\u00e5 veggen i foajeen p\u00e5 det lokale sykehuset.<\/p>\n<p class=\"_paragraph_o9xde_4 _paragraph_xtcu6_10 layout-component text-serif-m layout-normal text-serif-m layout-padded\">Bygningen fremst\u00e5r kanskje sliten etter norsk standard, men den ble bygget og betalt for s\u00e5 sent som i 2021. Sadio Man\u00e9 \u00e5pnet lommeboken. Beviset er en plakett ved inngangs\u00adpartiet.<\/p>\n<p class=\"_paragraph_o9xde_4 _paragraph_xtcu6_10 layout-component text-serif-m layout-normal text-serif-m layout-padded\">\u2013 Dette betyr enormt mye, og det utgj\u00f8r en forskjell for mange mennesker. F\u00f8r m\u00e5tte de reise langt for \u00e5 komme seg til sykehus. N\u00e5 skjer alt her i Bambali \u2013 takket v\u00e6re Sadio, sier den kvinnelige sykehussjefen.<\/p>\n<p class=\"_paragraph_o9xde_4 _paragraph_xtcu6_10 layout-component text-serif-m layout-normal text-serif-m layout-padded\">Hun b\u00e6rer tradisjonelle sykehuskl\u00e6r og en beige hijab, men vil ikke avbildes i VG.<\/p>\n<p class=\"_paragraph_o9xde_4 _paragraph_xtcu6_10 layout-component text-serif-m layout-normal text-serif-m layout-padded\">Men akkurat som alle andre VG m\u00f8ter i Bambali, bruker sykehussjefen store ord om han som kom seg opp og frem.<\/p>\n<p class=\"_paragraph_o9xde_4 _paragraph_xtcu6_10 layout-component text-serif-m layout-normal text-serif-m layout-padded\">For i Bambali har Sadio Man\u00e9 ikke bare bygget et sykehus &#8230;<\/p>\n<p> Video: Anders K. Christiansen \/ VG   Video: Anders K. Christiansen \/ VG   Video: Anders K. Christiansen \/ VG   Video: Anders K. Christiansen \/ VG   Video: Anders K. Christiansen \/ VG   Video: Anders K. Christiansen \/ VG  <\/p>\n<p class=\"_paragraph_o9xde_4 _paragraph_xtcu6_10 layout-component text-serif-m layout-normal text-serif-m layout-padded\">Like ved bes\u00f8ker VG ogs\u00e5 en skole med 22 klasserom. Den har en br\u00f8nn og en stor fotballbane.<\/p>\n<p class=\"_paragraph_o9xde_4 _paragraph_xtcu6_10 layout-component text-serif-m layout-normal text-serif-m layout-padded\">\u00d8glene klamrer seg til veggene i klasserommene. Utenfor flyter det av plast og s\u00f8ppel. Slik er det s\u00f8r i Senegal: Infrastrukturen er frav\u00e6rende. Ingen samler inn avfall.<\/p>\n<p class=\"_paragraph_o9xde_4 _paragraph_xtcu6_10 layout-component text-serif-m layout-normal text-serif-m layout-padded\">Ikke langt unna skinner en flunkende ny bensinstasjon i veikrysset. Og bare noen meter unna: Et nytt bakeri. <\/p>\n<p class=\"_paragraph_o9xde_4 _paragraph_xtcu6_10 layout-component text-serif-m layout-normal text-serif-m layout-padded\"><strong class=\"_strong_o9xde_25\">Derfra er ikke veien lang til en lokal fotballstadion, som skal opp\u00adgraderes. <\/strong><\/p>\n<p><img alt=\"Foto: Anders K. Christiansen \/ VG\" class=\"_image_qp4xg_65 layout-component layout-left\" data-fullscreen- data-track-element-type=\"Article image fullscreen\" data-track-name=\"ImageFullscreen\" decoding=\"async\" loading=\"lazy\" height=\"4284\" itemprop=\"image\"  src=\"https:\/\/www.europesays.com\/no\/wp-content\/uploads\/2026\/01\/44093803-aa28-4191-9e32-798ff4ce37ae.jpeg\"  style=\"object-position:0% 0%\" width=\"3213\"\/>Foto: Anders K. Christiansen \/ VG<img alt=\"Foto: Anders K. Christiansen \/ VG\" class=\"_image_qp4xg_65 layout-component layout-left\" data-fullscreen- data-track-element-type=\"Article image fullscreen\" data-track-name=\"ImageFullscreen\" decoding=\"async\" loading=\"lazy\" height=\"4264\" itemprop=\"image\"  src=\"https:\/\/www.europesays.com\/no\/wp-content\/uploads\/2026\/01\/50836945-8305-4c52-b0a9-751bda7a2dab.jpeg\"  style=\"object-position:0% 0%\" width=\"5686\"\/>Foto: Anders K. Christiansen \/ VG<img alt=\"Foto: Anders K. Christiansen \/ VG\" class=\"_image_qp4xg_65 layout-component layout-left\" data-fullscreen- data-track-element-type=\"Article image fullscreen\" data-track-name=\"ImageFullscreen\" decoding=\"async\" loading=\"lazy\" height=\"4264\" itemprop=\"image\"  src=\"https:\/\/www.europesays.com\/no\/wp-content\/uploads\/2026\/01\/50836945-8305-4c52-b0a9-751bda7a2dab.jpeg\"  style=\"object-position:0% 0%\" width=\"5686\"\/>Foto: Anders K. Christiansen \/ VG<img alt=\"Foto: Anders K. Christiansen \/ VG\" class=\"_image_qp4xg_65 layout-component layout-right\" data-fullscreen- data-track-element-type=\"Article image fullscreen\" data-track-name=\"ImageFullscreen\" decoding=\"async\" loading=\"lazy\" height=\"4284\" itemprop=\"image\"  src=\"https:\/\/www.europesays.com\/no\/wp-content\/uploads\/2026\/01\/4fb8d787-26b0-4837-9379-bb0de263b8ae.jpeg\"  style=\"object-position:0% 0%\" width=\"3213\"\/>Foto: Anders K. Christiansen \/ VG<img alt=\"Foto: Anders K. Christiansen \/ VG\" class=\"_image_qp4xg_65 layout-component layout-right\" data-fullscreen- data-track-element-type=\"Article image fullscreen\" data-track-name=\"ImageFullscreen\" decoding=\"async\" loading=\"lazy\" height=\"4284\" itemprop=\"image\"  src=\"https:\/\/www.europesays.com\/no\/wp-content\/uploads\/2026\/01\/690f869b-5ce8-4e9c-9905-5e7b88029dac.jpeg\"  style=\"object-position:0% 0%\" width=\"5712\"\/>Foto: Anders K. Christiansen \/ VG<img alt=\"Foto: Anders K. Christiansen \/ VG\" class=\"_image_qp4xg_65 layout-component layout-right\" data-fullscreen- data-track-element-type=\"Article image fullscreen\" data-track-name=\"ImageFullscreen\" decoding=\"async\" loading=\"lazy\" height=\"4284\" itemprop=\"image\"  src=\"https:\/\/www.europesays.com\/no\/wp-content\/uploads\/2026\/01\/690f869b-5ce8-4e9c-9905-5e7b88029dac.jpeg\"  style=\"object-position:0% 0%\" width=\"5712\"\/>Foto: Anders K. Christiansen \/ VG<\/p>\n<p class=\"_paragraph_o9xde_4 _paragraph_xtcu6_10 layout-component text-serif-m layout-normal text-serif-m layout-padded\">En arbeider lager litt te idet VG-dukker opp.<\/p>\n<p class=\"_paragraph_o9xde_4 _paragraph_xtcu6_10 layout-component text-serif-m layout-normal text-serif-m layout-padded\">\u2013 Sadio er et godt forbilde. Han er en god representant for Senegal. Han har forandret hele landsbyen, sier 45 \u00e5r gamle Karadjaj.<\/p>\n<p class=\"_paragraph_o9xde_4 _paragraph_xtcu6_10 layout-component text-serif-m layout-normal text-serif-m layout-padded\">Et par geiter rusler forbi. Like ved st\u00e5r det tre esler og stirrer ut i den glovarme luften.<\/p>\n<p class=\"_paragraph_o9xde_4 _paragraph_xtcu6_10 layout-component text-serif-m layout-normal text-serif-m layout-padded\">Noen mennesker vinker til VG fra taket p\u00e5 en minibuss som passerer. De har 4G-signal p\u00e5 mobilen, takket v\u00e6re telemasten som er satt opp i n\u00e6rheten.<\/p>\n<p class=\"_paragraph_o9xde_4 _paragraph_xtcu6_10 layout-component text-serif-m layout-normal text-serif-m layout-padded\"><strong class=\"_strong_o9xde_25\">Alt er betalt av Sadio Man\u00e9.<\/strong><\/p>\n<p><img alt=\"Foto: BackpagePix \/ Pa Photos \/ NTB\" class=\"_image_qp4xg_65 layout-component layout-fullscreen\" data-fullscreen- data-track-element-type=\"Article image fullscreen\" data-track-name=\"ImageFullscreen\" decoding=\"async\" loading=\"lazy\" height=\"3376\" itemprop=\"image\"  src=\"https:\/\/www.europesays.com\/no\/wp-content\/uploads\/2026\/01\/5cdfc04d-abaa-4134-9d6d-bd77f1e95fe5.jpeg\"  style=\"object-position:49.99012443215485% 55.50947867298578%\" width=\"5063\"\/>Foto: BackpagePix \/ Pa Photos \/ NTB \u2013 Hva skal jeg med ti Ferrari-er, 20 diamantklokker og to privatfly? Hva gj\u00f8r disse objektene med meg og verden?<\/p>\n<p class=\"_paragraph_o9xde_4 _paragraph_xtcu6_10 layout-component text-serif-m layout-normal text-serif-m layout-padded\">Sitatet er tillagt Sadio Man\u00e9. VG har ikke klart \u00e5 spore opp originalkilden, men det er senere gjengitt i blant annet The New York Times.<\/p>\n<p class=\"_paragraph_o9xde_4 _paragraph_xtcu6_10 layout-component text-serif-m layout-normal text-serif-m layout-padded\">\u2013 Jeg har v\u00e6rt sulten. Jeg m\u00e5tte jobbe p\u00e5 jordene ved landsbyen v\u00e5r. Jeg spilte fotball barbeint, har Man\u00e9 fortalt til franske Canal+.<\/p>\n<p class=\"_paragraph_o9xde_4 _paragraph_xtcu6_10 layout-component text-serif-m layout-normal text-serif-m layout-padded\">\u2013 Men i dag, gjennom hva jeg tjener av penger p\u00e5 fotballen, kan jeg hjelpe mitt eget folk. Jeg trenger ikke \u00e5 vise frem luksusbiler, luksuri\u00f8se hus, reiser eller privatfly. Jeg foretrekker at mitt eget folk f\u00e5r litt av det livet har gitt meg.<\/p>\n<p class=\"_paragraph_o9xde_4 _paragraph_xtcu6_10 layout-component text-serif-m layout-normal text-serif-m layout-padded\">Gjennom Right To PlayRight To PlayEn internasjonal humanit\u00e6r organisasjon, grunnlagt av den norske OL-vinneren Johann Olav Koss, som bruker lekbasert l\u00e6ring for \u00e5 hjelpe s\u00e5rbare barn i utsatte omr\u00e5der til \u00e5 mestre traumer, beskytte seg, utdanne seg, og utvikle ferdigheter for en bedre fremtid. har han ogs\u00e5 engasjert seg i to av naboregionene til Bambali \u2013 S\u00e9dhiou og Ziguinchor. Her skal s\u00e6rlig unge jenter styrkes til \u00e5 kunne skape endringer i sine lokalsamfunn.<\/p>\n<p><img alt=\"Foto: Right To Play\" class=\"_image_qp4xg_65 layout-component layout-left\" data-fullscreen- data-track-element-type=\"Article image fullscreen\" data-track-name=\"ImageFullscreen\" decoding=\"async\" loading=\"lazy\" height=\"540\" itemprop=\"image\"  src=\"https:\/\/www.europesays.com\/no\/wp-content\/uploads\/2026\/01\/7be41d01-429e-4cf7-a3ac-e67156610ef1.jpeg\"  style=\"object-position:0% 0%\" width=\"405\"\/>Foto: Right To Play<img alt=\"Foto: Right To Play\" class=\"_image_qp4xg_65 layout-component layout-left\" data-fullscreen- data-track-element-type=\"Article image fullscreen\" data-track-name=\"ImageFullscreen\" decoding=\"async\" loading=\"lazy\" height=\"540\" itemprop=\"image\"  src=\"https:\/\/www.europesays.com\/no\/wp-content\/uploads\/2026\/01\/f86575b3-5944-4451-b82c-8d570c47fd54.png\"  style=\"object-position:0% 0%\" width=\"720\"\/>Foto: Right To Play<img alt=\"Foto: Right To Play\" class=\"_image_qp4xg_65 layout-component layout-left\" data-fullscreen- data-track-element-type=\"Article image fullscreen\" data-track-name=\"ImageFullscreen\" decoding=\"async\" loading=\"lazy\" height=\"540\" itemprop=\"image\"  src=\"https:\/\/www.europesays.com\/no\/wp-content\/uploads\/2026\/01\/f86575b3-5944-4451-b82c-8d570c47fd54.png\"  style=\"object-position:0% 0%\" width=\"720\"\/>Foto: Right To Play<img alt=\"Foto: Right To Play\" class=\"_image_qp4xg_65 layout-component layout-right\" data-fullscreen- data-track-element-type=\"Article image fullscreen\" data-track-name=\"ImageFullscreen\" decoding=\"async\" loading=\"lazy\" height=\"1277\" itemprop=\"image\"  src=\"https:\/\/www.europesays.com\/no\/wp-content\/uploads\/2026\/01\/9e35f66c-bd1e-4c21-b923-33d267013664.jpeg\"  style=\"object-position:0% 0%\" width=\"958\"\/>Foto: Right To Play<img alt=\"Foto: Right To Play\" class=\"_image_qp4xg_65 layout-component layout-right\" data-fullscreen- data-track-element-type=\"Article image fullscreen\" data-track-name=\"ImageFullscreen\" decoding=\"async\" loading=\"lazy\" height=\"1268\" itemprop=\"image\"  src=\"https:\/\/www.europesays.com\/no\/wp-content\/uploads\/2026\/01\/e36b9950-19b0-429a-b2f7-a573194c6f51.png\"  style=\"object-position:0% 0%\" width=\"1692\"\/>Foto: Right To Play<img alt=\"Foto: Right To Play\" class=\"_image_qp4xg_65 layout-component layout-right\" data-fullscreen- data-track-element-type=\"Article image fullscreen\" data-track-name=\"ImageFullscreen\" decoding=\"async\" loading=\"lazy\" height=\"1268\" itemprop=\"image\"  src=\"https:\/\/www.europesays.com\/no\/wp-content\/uploads\/2026\/01\/e36b9950-19b0-429a-b2f7-a573194c6f51.png\"  style=\"object-position:0% 0%\" width=\"1692\"\/>Foto: Right To Play<\/p>\n<p class=\"_paragraph_o9xde_4 _paragraph_xtcu6_10 layout-component text-serif-m layout-normal text-serif-m layout-padded\">For tre uker siden gjestet 33-\u00e5ringen podkasten til tidligere England-midtstopper Rio Ferdinand. Der pratet Man\u00e9 blant annet om hvordan han aldri hadde v\u00e6rt utenfor Bambali f\u00f8r han var midt i ten\u00e5rene.<\/p>\n<p class=\"_paragraph_o9xde_4 _paragraph_xtcu6_10 layout-component text-serif-m layout-normal text-serif-m layout-padded\">En n\u00e6r venn i landsbyen ga ham penger til bussbillett. Man\u00e9 r\u00f8mte til hovedstaden Dakar for \u00e5 spille fotball. Familien hjemme i Bambali fikk derimot panikk og hentet ham hjem igjen etter \u00e9n uke.<\/p>\n<p class=\"_paragraph_o9xde_4 _paragraph_xtcu6_10 layout-component text-serif-m layout-normal text-serif-m layout-padded\">\u2013 Jeg snakket med moren min og sa: \u00abSkole er ikke for meg, men jeg skal studere ett \u00e5r til. St\u00f8tter du meg ikke i det, s\u00e5 reiser jeg\u00bb, fortalte Man\u00e9 i podkasten.<\/p>\n<p class=\"_paragraph_o9xde_4 _paragraph_xtcu6_10 layout-component text-serif-m layout-normal text-serif-m layout-padded\">Det gikk et \u00e5r. S\u00e5 satt familien samlet rundt bordet i Bambali. Sadio Man\u00e9 fikk reise nordover p\u00e5 nytt. Og etter bare seks m\u00e5neder i Dakar bet franske Metz p\u00e5 agnet.<\/p>\n<p class=\"_paragraph_o9xde_4 _paragraph_xtcu6_10 layout-component text-serif-m layout-normal text-serif-m layout-padded\"><strong class=\"_strong_o9xde_25\">Det ble starten p\u00e5 et profesjonelt fotballeventyr.<\/strong><\/p>\n<p><img alt=\"Foto: Dylan Martinez \/ Reuters \/ NTB\" class=\"_image_qp4xg_65 layout-component layout-left\" data-fullscreen- data-track-element-type=\"Article image fullscreen\" data-track-name=\"ImageFullscreen\" decoding=\"async\" loading=\"lazy\" height=\"1592\" itemprop=\"image\"  src=\"https:\/\/www.europesays.com\/no\/wp-content\/uploads\/2026\/01\/1ec919a6-7ffc-4bae-a129-d4bf8e93c190.png\"  style=\"object-position:0% 0%\" width=\"1194\"\/>Foto: Dylan Martinez \/ Reuters \/ NTB<img alt=\"Foto: Dylan Martinez \/ Reuters \/ NTB\" class=\"_image_qp4xg_65 layout-component layout-left\" data-fullscreen- data-track-element-type=\"Article image fullscreen\" data-track-name=\"ImageFullscreen\" decoding=\"async\" loading=\"lazy\" height=\"1592\" itemprop=\"image\"  src=\"https:\/\/www.europesays.com\/no\/wp-content\/uploads\/2026\/01\/6a745165-7ba0-45be-bd44-8c8b64e282d0.png\"  style=\"object-position:0% 0%\" width=\"2122\"\/>Foto: Dylan Martinez \/ Reuters \/ NTB<img alt=\"Foto: Dylan Martinez \/ Reuters \/ NTB\" class=\"_image_qp4xg_65 layout-component layout-left\" data-fullscreen- data-track-element-type=\"Article image fullscreen\" data-track-name=\"ImageFullscreen\" decoding=\"async\" loading=\"lazy\" height=\"1592\" itemprop=\"image\"  src=\"https:\/\/www.europesays.com\/no\/wp-content\/uploads\/2026\/01\/6a745165-7ba0-45be-bd44-8c8b64e282d0.png\"  style=\"object-position:0% 0%\" width=\"2122\"\/>Foto: Dylan Martinez \/ Reuters \/ NTB<img alt=\"Foto: Clemens Bilant \/ EPA \/ NTB\" class=\"_image_qp4xg_65 layout-component layout-right\" data-fullscreen- data-track-element-type=\"Article image fullscreen\" data-track-name=\"ImageFullscreen\" decoding=\"async\" loading=\"lazy\" height=\"2994\" itemprop=\"image\"  src=\"https:\/\/www.europesays.com\/no\/wp-content\/uploads\/2026\/01\/0823c475-7d8e-4f91-9941-774c5e9eb605.png\"  style=\"object-position:0% 0%\" width=\"2246\"\/>Foto: Clemens Bilant \/ EPA \/ NTB<img alt=\"Foto: Clemens Bilant \/ EPA \/ NTB\" class=\"_image_qp4xg_65 layout-component layout-right\" data-fullscreen- data-track-element-type=\"Article image fullscreen\" data-track-name=\"ImageFullscreen\" decoding=\"async\" loading=\"lazy\" height=\"2994\" itemprop=\"image\"  src=\"https:\/\/www.europesays.com\/no\/wp-content\/uploads\/2026\/01\/1c257854-4211-4c7c-a004-62e77636934f.png\"  style=\"object-position:0% 0%\" width=\"3992\"\/>Foto: Clemens Bilant \/ EPA \/ NTB<img alt=\"Foto: Clemens Bilant \/ EPA \/ NTB\" class=\"_image_qp4xg_65 layout-component layout-right\" data-fullscreen- data-track-element-type=\"Article image fullscreen\" data-track-name=\"ImageFullscreen\" decoding=\"async\" loading=\"lazy\" height=\"2994\" itemprop=\"image\"  src=\"https:\/\/www.europesays.com\/no\/wp-content\/uploads\/2026\/01\/1c257854-4211-4c7c-a004-62e77636934f.png\"  style=\"object-position:0% 0%\" width=\"3992\"\/>Foto: Clemens Bilant \/ EPA \/ NTB<\/p>\n<p class=\"_paragraph_o9xde_4 _paragraph_xtcu6_10 layout-component text-serif-m layout-normal text-serif-m layout-padded\">\u2013 \u00c5 bare v\u00e6re fotballspiller holder ikke. Jeg vil utgj\u00f8re en forskjell, b\u00e5de p\u00e5 og utenfor banen, sa Man\u00e9 i det ferske m\u00f8tet med Rio Ferdinand.<\/p>\n<p class=\"_paragraph_o9xde_4 _paragraph_xtcu6_10 layout-component text-serif-m layout-normal text-serif-m layout-padded\">\u2013 Om du hadde opplevd det samme, hadde du nok gjort det samme.<\/p>\n<p><img alt=\"Foto: Anders K. Christiansen \/ VG\" class=\"_image_qp4xg_65 layout-component layout-fullscreen\" data-fullscreen- data-track-element-type=\"Article image fullscreen\" data-track-name=\"ImageFullscreen\" decoding=\"async\" loading=\"lazy\" height=\"4284\" itemprop=\"image\"  src=\"https:\/\/www.europesays.com\/no\/wp-content\/uploads\/2026\/01\/256e23b3-8f30-49db-982b-feb9b747693b.jpeg\"  style=\"object-position:58.94607843137255% 50.79365079365079%\" width=\"5712\"\/>Foto: Anders K. Christiansen \/ VG Fetteren hans kommer g\u00e5ende mot oss.<\/p>\n<p class=\"_paragraph_o9xde_4 _paragraph_xtcu6_10 layout-component text-serif-m layout-normal text-serif-m layout-padded\">Nouha Man\u00e9 er pent kledd sammenlignet med mange andre i landsbyen.<\/p>\n<p class=\"_paragraph_o9xde_4 _paragraph_xtcu6_10 layout-component text-serif-m layout-normal text-serif-m layout-padded\">I ti minutter har VGs journalist og en lokal \u00abfikser\u00bb \u2013 alts\u00e5 en hjelper som kan det lokale spr\u00e5ket og skikkene i omr\u00e5det \u2013 sittet p\u00e5 en plaststol foran huset til familien Man\u00e9. I p\u00e5vente av at noen skulle komme ut.<\/p>\n<p class=\"_paragraph_o9xde_4 _paragraph_xtcu6_10 layout-component text-serif-m layout-normal text-serif-m layout-padded\">H\u00f8ye murer omkranser den flotte villaen. P\u00e5 veggene kan vi telle fem parabolantenner. <\/p>\n<p class=\"_paragraph_o9xde_4 _paragraph_xtcu6_10 layout-component text-serif-m layout-normal text-serif-m layout-padded\">40 familiemedlemmer bor her. De har f\u00e5tt huset donert av Sadio Man\u00e9.<\/p>\n<p class=\"_paragraph_o9xde_4 _paragraph_xtcu6_10 layout-component text-serif-m layout-normal text-serif-m layout-padded\">Kontrasten til de andre hjemmene i Bambali er enorm.<\/p>\n<p><img alt=\"Foto: Anders K. Christiansen \/ VG\" class=\"_image_qp4xg_65 layout-component layout-right\" data-fullscreen- data-track-element-type=\"Article image fullscreen\" data-track-name=\"ImageFullscreen\" decoding=\"async\" loading=\"lazy\" height=\"4261\" itemprop=\"image\"  src=\"https:\/\/www.europesays.com\/no\/wp-content\/uploads\/2026\/01\/e2faaa41-6e41-42dc-8616-2991464b0e52.jpeg\"  style=\"object-position:0% 0%\" width=\"3196\"\/>Foto: Anders K. Christiansen \/ VG<img alt=\"Foto: Anders K. Christiansen \/ VG\" class=\"_image_qp4xg_65 layout-component layout-right\" data-fullscreen- data-track-element-type=\"Article image fullscreen\" data-track-name=\"ImageFullscreen\" decoding=\"async\" loading=\"lazy\" height=\"3800\" itemprop=\"image\"  src=\"https:\/\/www.europesays.com\/no\/wp-content\/uploads\/2026\/01\/8d4b976c-37ea-4278-bdd7-9817d49ace8c.png\"  style=\"object-position:0% 0%\" width=\"5066\"\/>Foto: Anders K. Christiansen \/ VG<img alt=\"Foto: Anders K. Christiansen \/ VG\" class=\"_image_qp4xg_65 layout-component layout-right\" data-fullscreen- data-track-element-type=\"Article image fullscreen\" data-track-name=\"ImageFullscreen\" decoding=\"async\" loading=\"lazy\" height=\"3800\" itemprop=\"image\"  src=\"https:\/\/www.europesays.com\/no\/wp-content\/uploads\/2026\/01\/8d4b976c-37ea-4278-bdd7-9817d49ace8c.png\"  style=\"object-position:0% 0%\" width=\"5066\"\/>Foto: Anders K. Christiansen \/ VG<\/p>\n<p class=\"_paragraph_o9xde_4 _paragraph_xtcu6_10 layout-component text-serif-m layout-normal text-serif-m layout-padded\">VGs hjelper gir et r\u00e5d om \u00e5 unng\u00e5 filming. Br\u00e5tt kan fetteren forsvinne i frykt for at situasjonen vil medf\u00f8re problemer, spekulerer han. <\/p>\n<p class=\"_paragraph_o9xde_4 _paragraph_xtcu6_10 layout-component text-serif-m layout-normal text-serif-m layout-padded\">Men etter et kvarters prat om Erling Braut Haaland, Alexander S\u00f8rloth og den kommende VM-kampen mellom Senegal og Norge i USA, \u00e5pner Nouha opp.<\/p>\n<p class=\"_paragraph_o9xde_4 _paragraph_xtcu6_10 layout-component text-serif-m layout-normal text-serif-m layout-padded\"><strong class=\"_strong_o9xde_25\">Som de fleste andre i dette landet er han lidenskapelig opptatt av fotball.<\/strong><\/p>\n<p class=\"_paragraph_o9xde_4 _paragraph_xtcu6_10 layout-component text-serif-m layout-normal text-serif-m layout-padded\">\u2013 F\u00f8r hadde vi virkelig ingenting. Sadio ga oss mye av det du ser rundt deg her lenge f\u00f8r han ble verdens\u00adkjent. Og det gjelder ikke bare dette stedet, men ogs\u00e5 landsbyer i omr\u00e5det rundt Bambali. Vi kommer aldri til \u00e5 slutte \u00e5 takke Sadio, sier Nouha.<\/p>\n<p class=\"_paragraph_o9xde_4 _paragraph_xtcu6_10 layout-component text-serif-m layout-normal text-serif-m layout-padded\">Sadio Man\u00e9s kusine p\u00e5 \u00e5tte\u2013ni \u00e5r dukker opp. Hun hilser h\u00f8flig med et l\u00f8st h\u00e5ndtrykk og sp\u00f8r om vi vil holde lillebroren hun b\u00e6rer p\u00e5.<\/p>\n<p class=\"_paragraph_o9xde_4 _paragraph_xtcu6_10 layout-component text-serif-m layout-normal text-serif-m layout-padded\">Nouah snakker om hvordan de unge i landsbyen tidligere ikke hadde noe \u00e5 gj\u00f8re. I dag er det helt omvendt.<\/p>\n<p><img alt=\"Foto: Anders K. Christiansen \/ VG\" class=\"_image_qp4xg_65 layout-component layout-left\" data-fullscreen- data-track-element-type=\"Article image fullscreen\" data-track-name=\"ImageFullscreen\" decoding=\"async\" loading=\"lazy\" height=\"4284\" itemprop=\"image\"  src=\"https:\/\/www.europesays.com\/no\/wp-content\/uploads\/2026\/01\/4ab18277-a75e-4384-b5a4-f1a8887f4dba.jpeg\"  style=\"object-position:0% 0%\" width=\"3213\"\/>Foto: Anders K. Christiansen \/ VG<img alt=\"Foto: Anders K. Christiansen \/ VG\" class=\"_image_qp4xg_65 layout-component layout-left\" data-fullscreen- data-track-element-type=\"Article image fullscreen\" data-track-name=\"ImageFullscreen\" decoding=\"async\" loading=\"lazy\" height=\"4284\" itemprop=\"image\"  src=\"https:\/\/www.europesays.com\/no\/wp-content\/uploads\/2026\/01\/855e9056-adc3-43f6-96e2-c575a53244bf.jpeg\"  style=\"object-position:0% 0%\" width=\"5712\"\/>Foto: Anders K. Christiansen \/ VG<img alt=\"Foto: Anders K. Christiansen \/ VG\" class=\"_image_qp4xg_65 layout-component layout-left\" data-fullscreen- data-track-element-type=\"Article image fullscreen\" data-track-name=\"ImageFullscreen\" decoding=\"async\" loading=\"lazy\" height=\"4284\" itemprop=\"image\"  src=\"https:\/\/www.europesays.com\/no\/wp-content\/uploads\/2026\/01\/855e9056-adc3-43f6-96e2-c575a53244bf.jpeg\"  style=\"object-position:0% 0%\" width=\"5712\"\/>Foto: Anders K. Christiansen \/ VG<img alt=\"Foto: Anders K. Christiansen \/ VG\" class=\"_image_qp4xg_65 layout-component layout-right\" data-fullscreen- data-track-element-type=\"Article image fullscreen\" data-track-name=\"ImageFullscreen\" decoding=\"async\" loading=\"lazy\" height=\"4272\" itemprop=\"image\"  src=\"https:\/\/www.europesays.com\/no\/wp-content\/uploads\/2026\/01\/6d336479-0666-47dd-8b03-7ecd4a07b3df.png\"  style=\"object-position:0% 0%\" width=\"3204\"\/>Foto: Anders K. Christiansen \/ VG<img alt=\"Foto: Anders K. Christiansen \/ VG\" class=\"_image_qp4xg_65 layout-component layout-right\" data-fullscreen- data-track-element-type=\"Article image fullscreen\" data-track-name=\"ImageFullscreen\" decoding=\"async\" loading=\"lazy\" height=\"4272\" itemprop=\"image\"  src=\"https:\/\/www.europesays.com\/no\/wp-content\/uploads\/2026\/01\/dc73a3e6-9490-48c9-a18b-639e7f418fc6.jpeg\"  style=\"object-position:0% 0%\" width=\"5696\"\/>Foto: Anders K. Christiansen \/ VG<img alt=\"Foto: Anders K. Christiansen \/ VG\" class=\"_image_qp4xg_65 layout-component layout-right\" data-fullscreen- data-track-element-type=\"Article image fullscreen\" data-track-name=\"ImageFullscreen\" decoding=\"async\" loading=\"lazy\" height=\"4272\" itemprop=\"image\"  src=\"https:\/\/www.europesays.com\/no\/wp-content\/uploads\/2026\/01\/dc73a3e6-9490-48c9-a18b-639e7f418fc6.jpeg\"  style=\"object-position:0% 0%\" width=\"5696\"\/>Foto: Anders K. Christiansen \/ VG<\/p>\n<p class=\"_paragraph_o9xde_4 _paragraph_xtcu6_10 layout-component text-serif-m layout-normal text-serif-m layout-padded\">\u2013 N\u00e5 jobber det folk p\u00e5 bensin\u00adstasjonen. Folk tjener penger p\u00e5 bakeriet. Sadio skaper arbeids\u00adplasser \u2013 og jeg er virkelig stolt av ham, fortsetter fetteren.<\/p>\n<p class=\"_paragraph_o9xde_4 _paragraph_xtcu6_10 layout-component text-serif-m layout-normal text-serif-m layout-padded\">Nouah gjentar det flere andre kilder i Bambali har fortalt VG: Hver m\u00e5ned f\u00e5r mellom 100 og 200 lokale familier rundt 135 dollar \u2013 1400 kroner \u2013 av Sadio Man\u00e9.<\/p>\n<p class=\"_paragraph_o9xde_4 _paragraph_xtcu6_10 layout-component text-serif-m layout-normal text-serif-m layout-padded\">Bel\u00f8pet er betydelig og utgj\u00f8r en forskjell i det lutfattige Senegal.<\/p>\n<p class=\"_paragraph_o9xde_4 _paragraph_xtcu6_10 layout-component text-serif-m layout-normal text-serif-m layout-padded\">Om et halvt \u00e5r skal de m\u00f8te oljerike Norge i VM.<\/p>\n<p class=\"_paragraph_o9xde_4 _paragraph_xtcu6_10 layout-component text-serif-m layout-normal text-serif-m layout-padded\"><strong class=\"_strong_o9xde_25\">23. juni 2026. Klokken 02 p\u00e5 natten, norsk tid.<\/strong><\/p>\n<p><img alt=\"Foto:  Ian Kington \/ AFP \/ NTB\" class=\"_image_qp4xg_65 layout-component layout-left\" data-fullscreen- data-track-element-type=\"Article image fullscreen\" data-track-name=\"ImageFullscreen\" decoding=\"async\" loading=\"lazy\" height=\"3042\" itemprop=\"image\"  src=\"https:\/\/www.europesays.com\/no\/wp-content\/uploads\/2026\/01\/004f2b69-00b3-40ac-9902-d622751be147.jpeg\"  style=\"object-position:0% 0%\" width=\"2281\"\/>Foto:  Ian Kington \/ AFP \/ NTB<img alt=\"Foto:  Ian Kington \/ AFP \/ NTB\" class=\"_image_qp4xg_65 layout-component layout-left\" data-fullscreen- data-track-element-type=\"Article image fullscreen\" data-track-name=\"ImageFullscreen\" decoding=\"async\" loading=\"lazy\" height=\"3042\" itemprop=\"image\"  src=\"https:\/\/www.europesays.com\/no\/wp-content\/uploads\/2026\/01\/a4d3726f-be98-413b-874a-7421deb055a8.png\"  style=\"object-position:0% 0%\" width=\"4057\"\/>Foto:  Ian Kington \/ AFP \/ NTB<img alt=\"Foto:  Ian Kington \/ AFP \/ NTB\" class=\"_image_qp4xg_65 layout-component layout-left\" data-fullscreen- data-track-element-type=\"Article image fullscreen\" data-track-name=\"ImageFullscreen\" decoding=\"async\" loading=\"lazy\" height=\"3042\" itemprop=\"image\"  src=\"https:\/\/www.europesays.com\/no\/wp-content\/uploads\/2026\/01\/a4d3726f-be98-413b-874a-7421deb055a8.png\"  style=\"object-position:0% 0%\" width=\"4057\"\/>Foto:  Ian Kington \/ AFP \/ NTB<img alt=\"Foto: Cornelius Poppe \/ NTB\" class=\"_image_qp4xg_65 layout-component layout-right\" data-fullscreen- data-track-element-type=\"Article image fullscreen\" data-track-name=\"ImageFullscreen\" decoding=\"async\" loading=\"lazy\" height=\"5065\" itemprop=\"image\"  src=\"https:\/\/www.europesays.com\/no\/wp-content\/uploads\/2026\/01\/4352592b-baf2-4efe-bfa9-cbc8096e05ed.jpeg\"  style=\"object-position:0% 0%\" width=\"3799\"\/>Foto: Cornelius Poppe \/ NTB<img alt=\"Foto: Cornelius Poppe \/ NTB\" class=\"_image_qp4xg_65 layout-component layout-right\" data-fullscreen- data-track-element-type=\"Article image fullscreen\" data-track-name=\"ImageFullscreen\" decoding=\"async\" loading=\"lazy\" height=\"5624\" itemprop=\"image\"  src=\"https:\/\/www.europesays.com\/no\/wp-content\/uploads\/2026\/01\/76df8779-3e36-4fa0-a014-d0ff9554e4f2.jpeg\"  style=\"object-position:0% 0%\" width=\"7498\"\/>Foto: Cornelius Poppe \/ NTB<img alt=\"Foto: Cornelius Poppe \/ NTB\" class=\"_image_qp4xg_65 layout-component layout-right\" data-fullscreen- data-track-element-type=\"Article image fullscreen\" data-track-name=\"ImageFullscreen\" decoding=\"async\" loading=\"lazy\" height=\"5624\" itemprop=\"image\"  src=\"https:\/\/www.europesays.com\/no\/wp-content\/uploads\/2026\/01\/76df8779-3e36-4fa0-a014-d0ff9554e4f2.jpeg\"  style=\"object-position:0% 0%\" width=\"7498\"\/>Foto: Cornelius Poppe \/ NTB<\/p>\n<p class=\"_paragraph_o9xde_4 _paragraph_xtcu6_10 layout-component text-serif-m layout-normal text-serif-m layout-padded\">\u2013 Jeg er fra Senegal og st\u00f8tter \u00abL\u00f8vene\u00bb\u00abL\u00f8vene\u00bbSenegals herrelandslag i fotball med kallenavnet \u00abLes Lions de la Teranga\u00bb., sier Nouha Man\u00e9. <\/p>\n<p class=\"_paragraph_o9xde_4 _paragraph_xtcu6_10 layout-component text-serif-m layout-normal text-serif-m layout-padded\">Han snakker om sitt eget landslag. Men som mange andre VG m\u00f8ter i Senegal, utviser han ogs\u00e5 en enorm kunnskap om fotball utenfor landets grenser. Erling Braut Haaland \u2013 eller \u00abAaa-land\u00bb, som han kalles \u2013 har alle h\u00f8rt om.<\/p>\n<p class=\"_paragraph_o9xde_4 _paragraph_xtcu6_10 layout-component text-serif-m layout-normal text-serif-m layout-padded\">Alexander S\u00f8rloth er en god nummer to, like f\u00f8r Martin \u00d8degaard.<\/p>\n<p class=\"_paragraph_o9xde_4 _paragraph_xtcu6_10 layout-component text-serif-m layout-normal text-serif-m layout-padded\">\u2013 Sadio begynner \u00e5 bli eldre, men han er fortsatt v\u00e5r mann. Haaland er derimot ung. Han elsker \u00e5 score og \u00e5 hjelpe lagkameratene med \u00e5 score, sier Nouah Man\u00e9.<\/p>\n<p class=\"_paragraph_o9xde_4 _paragraph_xtcu6_10 layout-component text-serif-m layout-normal text-serif-m layout-padded\"><strong class=\"_strong_o9xde_25\">\u2013 Det er to store fotballnasjoner som m\u00f8tes.<\/strong><\/p>\n<p> Anders K. Christiansen<\/p>\n<p class=\"text-sans-s\">Journalist<\/p>\n<p><img decoding=\"async\" alt=\"Anders K. Christiansen\" class=\"_image_uv074_179\" src=\"https:\/\/www.europesays.com\/no\/wp-content\/uploads\/2026\/01\/1768053619_868_1e24f0d3-a31a-453a-9ee3-069339de2f03.jpeg\" width=\"480\"\/>Kontakt Anders K. Christiansen     <\/p>\n","protected":false},"excerpt":{"rendered":"Sadio Man\u00e9 forbereder seg p\u00e5 \u00e5 m\u00f8te Erling Braut Haaland n\u00e5r Senegal spiller mot Norge under VM til&hellip;\n","protected":false},"author":2,"featured_media":133873,"comment_status":"","ping_status":"","sticky":false,"template":"","format":"standard","meta":{"footnotes":""},"categories":[59],"tags":[30,28,29,15424,13331,83,82,2920,785,11971],"class_list":{"0":"post-133872","1":"post","2":"type-post","3":"status-publish","4":"format-standard","5":"has-post-thumbnail","7":"category-sport","8":"tag-no","9":"tag-norge","10":"tag-norway","11":"tag-sadio-mane","12":"tag-senegal","13":"tag-sport","14":"tag-sports","15":"tag-vg-eksklusiv","16":"tag-vghubben","17":"tag-vm-i-fotball"},"share_on_mastodon":{"url":"https:\/\/pubeurope.com\/@no\/115871169123311867","error":""},"_links":{"self":[{"href":"https:\/\/www.europesays.com\/no\/wp-json\/wp\/v2\/posts\/133872","targetHints":{"allow":["GET"]}}],"collection":[{"href":"https:\/\/www.europesays.com\/no\/wp-json\/wp\/v2\/posts"}],"about":[{"href":"https:\/\/www.europesays.com\/no\/wp-json\/wp\/v2\/types\/post"}],"author":[{"embeddable":true,"href":"https:\/\/www.europesays.com\/no\/wp-json\/wp\/v2\/users\/2"}],"replies":[{"embeddable":true,"href":"https:\/\/www.europesays.com\/no\/wp-json\/wp\/v2\/comments?post=133872"}],"version-history":[{"count":0,"href":"https:\/\/www.europesays.com\/no\/wp-json\/wp\/v2\/posts\/133872\/revisions"}],"wp:featuredmedia":[{"embeddable":true,"href":"https:\/\/www.europesays.com\/no\/wp-json\/wp\/v2\/media\/133873"}],"wp:attachment":[{"href":"https:\/\/www.europesays.com\/no\/wp-json\/wp\/v2\/media?parent=133872"}],"wp:term":[{"taxonomy":"category","embeddable":true,"href":"https:\/\/www.europesays.com\/no\/wp-json\/wp\/v2\/categories?post=133872"},{"taxonomy":"post_tag","embeddable":true,"href":"https:\/\/www.europesays.com\/no\/wp-json\/wp\/v2\/tags?post=133872"}],"curies":[{"name":"wp","href":"https:\/\/api.w.org\/{rel}","templated":true}]}}