{"id":133890,"date":"2026-01-10T14:30:17","date_gmt":"2026-01-10T14:30:17","guid":{"rendered":"https:\/\/www.europesays.com\/no\/133890\/"},"modified":"2026-01-10T14:30:17","modified_gmt":"2026-01-10T14:30:17","slug":"ciara-janson-bryter-tausheten-om-skilsmissen-fra-mans-zelmerlow","status":"publish","type":"post","link":"https:\/\/www.europesays.com\/no\/133890\/","title":{"rendered":"Ciara Janson bryter tausheten om skilsmissen fra M\u00e5ns Zelmerl\u00f6w"},"content":{"rendered":"<p class=\"kicker \" style=\"\">Bitter skilsmisse<\/p>\n<p>    Letter p\u00e5 sl\u00f8ret\u00a0om bruddet fra sangstjernen.<\/p>\n<p>\n    SJOKKBRUDD: Ciara Janson og M\u00e5ns Zelmerl\u00f6w st\u00e5r for tiden midt i en skilsmisse. Foto: Skjermbilde \/ Instagram\n  <\/p>\n<p>Dramatikken rundt ekteskapet til Ciara Janson (38) og M\u00e5ns Zelmerl\u00f6w (39) ville tilsynelatende ingen ende ta i fjor.\u00a0<\/p>\n<p>    <a itemprop=\"url\" href=\"https:\/\/www.seher.no\/kjendis\/bekrefter-forholdet\/84070882\" rel=\"nofollow noopener\" target=\"_blank\"><\/p>\n<p>        <img loading=\"lazy\" decoding=\"async\" src=\"https:\/\/www.europesays.com\/no\/wp-content\/uploads\/2026\/01\/1768055411_157_84071006.webp.webp\" width=\"147\" height=\"98\" title=\"Bekrefter forholdet\" alt=\"\" class=\"lazyload\" style=\"--aspect-ratio-image: 1.50; \"\/><\/p>\n<p>        Bekrefter forholdet<\/p>\n<p>    <\/a><\/p>\n<p>I mars 2025, bare dager etter at M\u00e5ns konkurrerte i Melodifestivalen, kom sjokknyheten om at ekteparet <a href=\"https:\/\/www.seher.no\/kjendis\/na-er-det-slutt\/82838140\" rel=\"nofollow noopener\" target=\"_blank\">hadde s\u00f8kt om \u00e5 ta ut skilsmisse.<\/a><\/p>\n<p>P\u00e5 dav\u00e6rende tidspunkt hadde de holdt sammen i over ni \u00e5r. Eksparet har barna Albert og Ossian sammen.\u00a0<\/p>\n<p>        <img loading=\"lazy\" decoding=\"async\" src=\"https:\/\/www.europesays.com\/no\/wp-content\/uploads\/2026\/01\/81915169.webp.webp\" width=\"667\" height=\"948\" title=\"HYLLEST: M\u00e5ns hyllet Ciara p\u00e5 bryllupsdagen. Lite visste de begge hva slags vending livet skulle ta. Foto: Skjermbilde: @Manszelmerlow \/ Instagram\" alt=\"\" class=\"\" style=\"--aspect-ratio-image: 0.70; \"\/><\/p>\n<p>\n        HYLLEST: M\u00e5ns hyllet Ciara p\u00e5 bryllupsdagen. Lite visste de begge hva slags vending livet skulle ta. Foto: Skjermbilde: @Manszelmerlow \/ Instagram\n    <\/p>\n<p>Siden den gang har det skjedd mye i livene til eksparet. Kort tid etter at nyheten om skilsmissen ble offentlig, <a href=\"https:\/\/www.seher.no\/kjendis\/etterforskes-for-vold\/83152168\" rel=\"nofollow noopener\" target=\"_blank\">kom Ciara med sv\u00e6rt alvorlige anklager mot eksen.\u00a0<\/a><\/p>\n<p>Hun hevdet i et innlegg p\u00e5 Instagram at M\u00e5ns hadde utsatt henne for\u00a0<a href=\"https:\/\/www.seher.no\/kjendis\/tatt-pa-fersken-av-kona\/83038004\" rel=\"nofollow noopener\" target=\"_blank\">fysisk og emosjonelt misbruk og gjentatte utroskap<\/a>. Innlegget ble raskt fjernet, men skapte sjokkb\u00f8lger b\u00e5de i Sverige og utlandet.\u00a0<\/p>\n<p>        \u00abFARMEN KJENDIS\u00bb: S\u00f8lje Bergmann forteller historien bak det ikoniske \u00f8yeblikket. Video: \u00abFarmen kjendis\u00bb\/TV 2, R\u00f8d L\u00f8per\/Nora Skavhaug<\/p>\n<p>M\u00e5ns svarte med \u00e5\u00a0<a href=\"https:\/\/www.seher.no\/kjendis\/den-verste-tiden-i-mitt-liv\/83033968?utm_source=chatgpt.com\" rel=\"nofollow noopener\" target=\"_blank\">avvise alt<\/a>\u00a0og ba om at saken ble holdt privat. I april kom neste slag: Ciara\u00a0<a href=\"https:\/\/www.seher.no\/kjendis\/anmeldt-av-ekskona\/83027213\" rel=\"nofollow noopener\" target=\"_blank\">politianmeldte ham for vold i n\u00e6re relasjoner<\/a>.\u00a0<\/p>\n<p>Selv nektet han skyld, men innr\u00f8mmet tidligere kokainbruk.<\/p>\n<p>        <img loading=\"lazy\" decoding=\"async\" src=\"https:\/\/www.europesays.com\/no\/wp-content\/uploads\/2026\/01\/81663394.webp.webp\" width=\"686\" height=\"858\" title=\"TURBULENT: B\u00e5de M\u00e5ns og Ciara legger et sv\u00e6rt turbulent 2025 bak seg. Foto: Skjermbilde \/ Instagram\" alt=\"\" class=\"\" style=\"--aspect-ratio-image: 0.80; \"\/><\/p>\n<p>\n        TURBULENT: B\u00e5de M\u00e5ns og Ciara legger et sv\u00e6rt turbulent 2025 bak seg. Foto: Skjermbilde \/ Instagram\n    <\/p>\n<p>I l\u00f8pet av v\u00e5ren ble det holdt en h\u00f8ring i Stockholms tingrett ang\u00e5ende barnas bosted. De kom frem til at barna til slutt skulle ha fast bostedsadresse i England, som er Ciaras hjemland.<\/p>\n<p>Siden h\u00f8ringen p\u00e5 v\u00e5rparten i fjor har Ciara og barna flyttet tilbake til England, noe hun stadig deler sm\u00e5 glimt av p\u00e5 Instagram.<\/p>\n<p>    <a itemprop=\"url\" href=\"https:\/\/www.seher.no\/kjendis\/legger-seg-flat-herregud-folkens\/84075532\" rel=\"nofollow noopener\" target=\"_blank\"><\/p>\n<p>        <img loading=\"lazy\" decoding=\"async\" src=\"https:\/\/www.europesays.com\/no\/wp-content\/uploads\/2026\/01\/84075662.webp.webp\" width=\"147\" height=\"98\" title=\"Legger seg flat: - Herregud folkens\" alt=\"\" class=\"lazyload\" style=\"--aspect-ratio-image: 1.50; \"\/><\/p>\n<p>        Legger seg flat: &#8211; Herregud folkens<\/p>\n<p>    <\/a><\/p>\n<p>&#8211; 2026 kommer til \u00e5 bli bedre\u00a0\t<\/p>\n<p>Denne uken publiserte hun derimot et innlegg som skilte seg litt fra det hun vanligvis legger ut.<\/p>\n<p>P\u00e5 Instagram Story \u00e5pnet hun seg om \u00e5ret hun n\u00e5 har lagt bak seg, samtidig som hun ga uttrykk for at hun m\u00f8ter det nye \u00e5ret med friskt mot.<\/p>\n<p>        <img loading=\"lazy\" decoding=\"async\" src=\"https:\/\/www.europesays.com\/no\/wp-content\/uploads\/2026\/01\/84066493.webp.webp\" width=\"667\" height=\"1128\" title=\"- TAKK: Ciara delte dette bildet p\u00e5 Instagram Story. Foto: Skjermbilde: @iamciara \/ Instagram\" alt=\"\" class=\"\" style=\"--aspect-ratio-image: 0.59; \"\/><\/p>\n<p>\n        &#8211; TAKK: Ciara delte dette bildet p\u00e5 Instagram Story. Foto: Skjermbilde: @iamciara \/ Instagram\n    <\/p>\n<p class=\"no_italic m-no_italic font-weight-bold m-font-weight-bold\" data-lab-italic=\"\" data-lab-font_weight=\"font-weight-bold\">\u00abEtter et skikkelig bedritent \u00e5r &#8211; takk til dere som har blitt v\u00e6rende her, i denne lille kroken av internett som vi deler. Jeg vet at jeg ikke har v\u00e6rt s\u00e5 til stede, verken i sosiale medier eller i livet generelt, men 2026 skal bli bedre. Det lover jeg\u00bb.\u00a0<\/p>\n","protected":false},"excerpt":{"rendered":"Bitter skilsmisse Letter p\u00e5 sl\u00f8ret\u00a0om bruddet fra sangstjernen. SJOKKBRUDD: Ciara Janson og M\u00e5ns Zelmerl\u00f6w st\u00e5r for tiden midt&hellip;\n","protected":false},"author":2,"featured_media":133891,"comment_status":"","ping_status":"","sticky":false,"template":"","format":"standard","meta":{"footnotes":""},"categories":[58],"tags":[15427,4104,71,479,1249,30,28,29,72],"class_list":{"0":"post-133890","1":"post","2":"type-post","3":"status-publish","4":"format-standard","5":"has-post-thumbnail","7":"category-underholdning","8":"tag-ciara-zelmerlow","9":"tag-eksklusivt","10":"tag-entertainment","11":"tag-kjendis","12":"tag-mans-zelmerlow","13":"tag-no","14":"tag-norge","15":"tag-norway","16":"tag-underholdning"},"share_on_mastodon":{"url":"https:\/\/pubeurope.com\/@no\/115871286807172755","error":""},"_links":{"self":[{"href":"https:\/\/www.europesays.com\/no\/wp-json\/wp\/v2\/posts\/133890","targetHints":{"allow":["GET"]}}],"collection":[{"href":"https:\/\/www.europesays.com\/no\/wp-json\/wp\/v2\/posts"}],"about":[{"href":"https:\/\/www.europesays.com\/no\/wp-json\/wp\/v2\/types\/post"}],"author":[{"embeddable":true,"href":"https:\/\/www.europesays.com\/no\/wp-json\/wp\/v2\/users\/2"}],"replies":[{"embeddable":true,"href":"https:\/\/www.europesays.com\/no\/wp-json\/wp\/v2\/comments?post=133890"}],"version-history":[{"count":0,"href":"https:\/\/www.europesays.com\/no\/wp-json\/wp\/v2\/posts\/133890\/revisions"}],"wp:featuredmedia":[{"embeddable":true,"href":"https:\/\/www.europesays.com\/no\/wp-json\/wp\/v2\/media\/133891"}],"wp:attachment":[{"href":"https:\/\/www.europesays.com\/no\/wp-json\/wp\/v2\/media?parent=133890"}],"wp:term":[{"taxonomy":"category","embeddable":true,"href":"https:\/\/www.europesays.com\/no\/wp-json\/wp\/v2\/categories?post=133890"},{"taxonomy":"post_tag","embeddable":true,"href":"https:\/\/www.europesays.com\/no\/wp-json\/wp\/v2\/tags?post=133890"}],"curies":[{"name":"wp","href":"https:\/\/api.w.org\/{rel}","templated":true}]}}