{"id":133892,"date":"2026-01-10T14:34:28","date_gmt":"2026-01-10T14:34:28","guid":{"rendered":"https:\/\/www.europesays.com\/no\/133892\/"},"modified":"2026-01-10T14:34:28","modified_gmt":"2026-01-10T14:34:28","slug":"ostlendingens-skiguide-alt-du-trenger-a-vite-om-loyper-og-bakker-i-hele-vart-dekningsomrade-ostlendingen","status":"publish","type":"post","link":"https:\/\/www.europesays.com\/no\/133892\/","title":{"rendered":"\u00d8stlendingens skiguide: Alt du trenger \u00e5 vite om l\u00f8yper og bakker i hele v\u00e5rt dekningsomr\u00e5de &#8211; \u00d8stlendingen"},"content":{"rendered":"<ol>\n<li><a href=\"https:\/\/news.google.com\/rss\/articles\/CBMizwFBVV95cUxPSjhqU1VsYlN2NkdpeUdmTW5QMzVoVmNVaXVnS0N4ZDVhMjl3ZkE3aUh5MnlSY0trNFZMWmREWkhpVDhobXNsdGhkY2d2aWF1aEU1R2d4ZmpNU3F0d1ZTLTlkLUo3Q2hhN0RXZGdDVW5Ib0dVVXcwUl9MV1ZIcXVVSEZUYXhKc05hZHpOYlRLODVkOTE3bGRpV09DSmZJVkswQnU2NURad0w4OXZnbDB1VXdHNnpfQ3lvdUJWcWxBWVpUNlVtTDhaMlJWY1BkWGc?oc=5\" target=\"_blank\" rel=\"nofollow noopener\">\u00d8stlendingens skiguide: Alt du trenger \u00e5 vite om l\u00f8yper og bakker i hele v\u00e5rt dekningsomr\u00e5de<\/a>&nbsp;&nbsp;\u00d8stlendingen<\/li>\n<li><a href=\"https:\/\/news.google.com\/rss\/articles\/CBMigwFBVV95cUxPLWN6cjdtdWJhWjZ0YkJJaWVwOGRPR3lHVXppQi1CRzdIbTJ0ZHg0SXdmSUY5ZWVMeTVaMFVMdXZVazduRFlGaV8xUi1yaTJXcXR4SjR2cDZOSTA4cDNJWVhuMFVoek1qSHF0RERpTWc0VzdyVEx1NVJmZU8tLXd4RHNGdw?oc=5\" target=\"_blank\" rel=\"nofollow noopener\">Vestmarka, Asker Skiklubb | Endelig ut p\u00e5 ski: \u2013 Jeg bobler av glede!<\/a>&nbsp;&nbsp;Budstikka<\/li>\n<li><a href=\"https:\/\/news.google.com\/rss\/articles\/CBMigAFBVV95cUxQczlZNXFZQ0JVaFdYMzNQcjFUNGVCLXVyaTJfTUx0QlJ6eWZvbEw3TUVpdjVPUWxxOWc0ZGpkZW9WMkJIWkEwaXBDdjM5bFhHel9oOXFQYUc3R3dJc2xrR2tVbTA1amhZX0diVGpzVDg0eVhXeUlwQzI4S2dJbk00bA?oc=5\" target=\"_blank\" rel=\"nofollow noopener\">Ski, Sport | N\u00e5 venter skil\u00f8ypene og sola p\u00e5 deg<\/a>&nbsp;&nbsp;Gl\u00e5mdalen<\/li>\n<li><a href=\"https:\/\/news.google.com\/rss\/articles\/CBMiiAFBVV95cUxQc0ZoaWxJUHpwMUNkMFdoSm1qYVBLUlZDNjl1Z0NhSFJiRDJZUzBxd2xvQmVReWxfTlpFeGszb1pwOFBoaWl6TDF6ZmZUbFp1SmtKLU9hQ0FaQ1E3R1p4Q3k2RXh4WnhFa2lMZHp4aURWVFJhcGFGaFRVRFVNcGdqOThNVUdYV2NS?oc=5\" target=\"_blank\" rel=\"nofollow noopener\">Nydelege forhold under sesongopninga<\/a>&nbsp;&nbsp;fjordabladet.no<\/li>\n<li><a href=\"https:\/\/news.google.com\/rss\/articles\/CBMikgFBVV95cUxOdkdvQ09UYzE0UF9VRHhISmt5WGlVU3NmQ1lPQWdBNUxxX0pyVjFKamtZTGF3aVFtOXlrY0p0OVA0NXpmWHVubVg2cVNmZFlLY0pEcHVHYmZpeERpU0ZCWVltMXhiUmJxREY1NDlRaWdZZE1rSk85RThaYlpmTDJDOXVJNnBRTDlqdUdtVFIta1cyZw?oc=5\" target=\"_blank\" rel=\"nofollow noopener\">N\u00e5 er skihyttene \u00e5pne: \u2013 Tar en ekstra vaffel<\/a>&nbsp;&nbsp;steinkjer24.no<\/li>\n<\/ol>\n","protected":false},"excerpt":{"rendered":"\u00d8stlendingens skiguide: Alt du trenger \u00e5 vite om l\u00f8yper og bakker i hele v\u00e5rt dekningsomr\u00e5de&nbsp;&nbsp;\u00d8stlendingen Vestmarka, Asker Skiklubb&hellip;\n","protected":false},"author":2,"featured_media":133893,"comment_status":"","ping_status":"","sticky":false,"template":"","format":"standard","meta":{"footnotes":""},"categories":[10],"tags":[20,21,24,25,15,22,23,13,30,28,29,14,16,26,27],"class_list":{"0":"post-133892","1":"post","2":"type-post","3":"status-publish","4":"format-standard","5":"has-post-thumbnail","7":"category-norge","8":"tag-breaking-news","9":"tag-breakingnews","10":"tag-featured-news","11":"tag-featurednews","12":"tag-headlines","13":"tag-latest-news","14":"tag-latestnews","15":"tag-news","16":"tag-no","17":"tag-norge","18":"tag-norway","19":"tag-nyheter","20":"tag-overskrifter","21":"tag-top-stories","22":"tag-topstories"},"share_on_mastodon":{"url":"https:\/\/pubeurope.com\/@no\/115871302698967749","error":""},"_links":{"self":[{"href":"https:\/\/www.europesays.com\/no\/wp-json\/wp\/v2\/posts\/133892","targetHints":{"allow":["GET"]}}],"collection":[{"href":"https:\/\/www.europesays.com\/no\/wp-json\/wp\/v2\/posts"}],"about":[{"href":"https:\/\/www.europesays.com\/no\/wp-json\/wp\/v2\/types\/post"}],"author":[{"embeddable":true,"href":"https:\/\/www.europesays.com\/no\/wp-json\/wp\/v2\/users\/2"}],"replies":[{"embeddable":true,"href":"https:\/\/www.europesays.com\/no\/wp-json\/wp\/v2\/comments?post=133892"}],"version-history":[{"count":0,"href":"https:\/\/www.europesays.com\/no\/wp-json\/wp\/v2\/posts\/133892\/revisions"}],"wp:featuredmedia":[{"embeddable":true,"href":"https:\/\/www.europesays.com\/no\/wp-json\/wp\/v2\/media\/133893"}],"wp:attachment":[{"href":"https:\/\/www.europesays.com\/no\/wp-json\/wp\/v2\/media?parent=133892"}],"wp:term":[{"taxonomy":"category","embeddable":true,"href":"https:\/\/www.europesays.com\/no\/wp-json\/wp\/v2\/categories?post=133892"},{"taxonomy":"post_tag","embeddable":true,"href":"https:\/\/www.europesays.com\/no\/wp-json\/wp\/v2\/tags?post=133892"}],"curies":[{"name":"wp","href":"https:\/\/api.w.org\/{rel}","templated":true}]}}