{"id":133894,"date":"2026-01-10T14:35:18","date_gmt":"2026-01-10T14:35:18","guid":{"rendered":"https:\/\/www.europesays.com\/no\/133894\/"},"modified":"2026-01-10T14:35:18","modified_gmt":"2026-01-10T14:35:18","slug":"sa-varmt-ma-du-ha-det-for-a-unnga-frostskader","status":"publish","type":"post","link":"https:\/\/www.europesays.com\/no\/133894\/","title":{"rendered":"S\u00e5 varmt m\u00e5 du ha det for \u00e5 unng\u00e5 frostskader"},"content":{"rendered":"<p>    Kort fortalt<\/p>\n<p lang=\"nb-NO\">N\u00e5r kulda kommer, er mange nordmenn d\u00e5rlig forberedt p\u00e5 \u00e5 beskytte vannr\u00f8rene sine.<\/p>\n<p lang=\"nb-NO\">Are Skaar Nielsen fra R\u00f8rentrepren\u00f8rene Norge anbefaler minst fem til ti grader i rom med vannr\u00f8r for \u00e5 unng\u00e5 frostskader.<\/p>\n<p lang=\"nb-NO\">Forsikringsselskaper som If og Gjensidige rapporterer om \u00f8kning i frostskader, som kan koste opp til en million kroner.<\/p>\n<p lang=\"nb-NO\">Forsikringen dekker ikke skader hvis man har v\u00e6rt uforsiktig, og det er viktig \u00e5 holde tilstrekkelig varme og t\u00f8mme r\u00f8rene ved frav\u00e6r.<\/p>\n<p class=\"italic ai-disclaimer\" data-lab-italic=\"italic\">Sammendraget er laget av ChatGPT og godkjent av DinSide.<\/p>\n<p>      Vis mer<br \/>\n      Vis mindre<\/p>\n<p>N\u00e5r kulda sl\u00e5r til, er det mange nordmenn som ikke har gjort nok for \u00e5 beskytte vannr\u00f8rene sine.\u00a0<\/p>\n<p>Are Skaar Nielsen, fagsjef i\u00a0R\u00f8rentrepren\u00f8rene Norge, kjenner m\u00f8nsteret godt.<\/p>\n<p>&#8211; Det er jo som hvert \u00e5r. N\u00e5r kulda sl\u00e5r inn, er de aller fleste huseiere d\u00e5rlig forberedt, sier han til DinSide.<\/p>\n<p>    <a itemprop=\"url\" href=\"https:\/\/dinside.dagbladet.no\/reise\/bare-a-beklage\/84066292\" rel=\"nofollow noopener\" target=\"_blank\"><\/p>\n<p>        <img loading=\"lazy\" decoding=\"async\" src=\"https:\/\/www.europesays.com\/no\/wp-content\/uploads\/2026\/01\/84068000.webp.webp\" width=\"980\" height=\"441\" title=\"- Bare \u00e5 beklage\" alt=\"\" class=\"lazyload\" style=\"--aspect-ratio-image: 2.22; \"\/><\/p>\n<p>        &#8211; Bare \u00e5 beklage<\/p>\n<p>    <\/a><\/p>\n<p>Minst fem til ti grader\t<\/p>\n<p>Nielsen sier at det viktigste du kan gj\u00f8re for \u00e5 unng\u00e5 frostskader, er \u00e5 holde jevn varme i rom med vannr\u00f8r.<\/p>\n<p>&#8211; Vi anbefaler minst fem til ti grader.\u00a0Det er ikke mye sirkulasjon som skal til for \u00e5 unng\u00e5 skader. Har du varme og litt bevegelse i lufta, er sjansen liten for at r\u00f8rene fryser. <\/p>\n<p>    <a itemprop=\"url\" href=\"https:\/\/dinside.dagbladet.no\/video\/snokaos-dette-har-du-krav-pa\/9XvbcVhZ\" rel=\"nofollow noopener\" target=\"_blank\"><\/p>\n<p>        <img loading=\"lazy\" decoding=\"async\" src=\"https:\/\/www.europesays.com\/no\/wp-content\/uploads\/2026\/01\/84073157.webp.webp\" width=\"980\" height=\"441\" title=\"Sn\u00f8kaos: Dette har du krav p\u00e5\" alt=\"\" class=\"lazyload\" style=\"--aspect-ratio-image: 2.22; \"\/><\/p>\n<p>        Sn\u00f8kaos: Dette har du krav p\u00e5<\/p>\n<p>    <\/a><\/p>\n<p>&#8211; N\u00e5r temperaturen i rommet faller under fem grader, \u00f8ker risikoen for at vannet i r\u00f8rene fryser, advarer han.<\/p>\n<p>        <img loading=\"lazy\" decoding=\"async\" src=\"https:\/\/www.europesays.com\/no\/wp-content\/uploads\/2026\/01\/84073070.webp.webp\" width=\"980\" height=\"559\" title=\"GJENGANGERE: Are\u202fSkaar\u202fNielsen i R\u00f8rentrepren\u00f8rene\u202fNorge sier at mange ikke l\u00e6rer av tidligere frostskader, og at de samme kundene ofte rammes flere ganger fordi de ikke gj\u00f8r n\u00f8dvendige utbedringer. Foto: R\u00f8rentrepren\u00f8rene Norge\" alt=\"\" class=\"\" style=\"--aspect-ratio-image: 1.75; \"\/><\/p>\n<p>\n        GJENGANGERE: Are\u202fSkaar\u202fNielsen i R\u00f8rentrepren\u00f8rene\u202fNorge sier at mange ikke l\u00e6rer av tidligere frostskader, og at de samme kundene ofte rammes flere ganger fordi de ikke gj\u00f8r n\u00f8dvendige utbedringer. Foto: R\u00f8rentrepren\u00f8rene Norge\n    <\/p>\n<p>    <a itemprop=\"url\" href=\"https:\/\/dinside.dagbladet.no\/video\/snokaos-dette-har-du-krav-pa\/9XvbcVhZ\" rel=\"nofollow noopener\" target=\"_blank\"><\/p>\n<p>        <img loading=\"lazy\" decoding=\"async\" src=\"https:\/\/www.europesays.com\/no\/wp-content\/uploads\/2026\/01\/84073157.webp.webp\" width=\"980\" height=\"441\" title=\"Sn\u00f8kaos: Dette har du krav p\u00e5\" alt=\"\" class=\"lazyload\" style=\"--aspect-ratio-image: 2.22; \"\/><\/p>\n<p>        Sn\u00f8kaos: Dette har du krav p\u00e5<\/p>\n<p>    <\/a><\/p>\n<p>Kan koste hundretusener\t<\/p>\n<p>If\u00f8lge fagsjefen er de vanligste \u00e5rsakene til frostskader enkle \u00e5 unng\u00e5.<\/p>\n<p>&#8211; Ofte st\u00e5r vinduer \u00e5pne i kjelleren, eller det er for lite varme i rom med vannr\u00f8r. Det er gjentagende \u00e5r etter \u00e5r.<\/p>\n<p>Spesielt utsatt er eldre borettslag med luftventiler i fasaden og vannr\u00f8r som g\u00e5r gjennom der.<\/p>\n<p>DinSide har ogs\u00e5 v\u00e6rt i kontakt med forsikringsselskapene, som merker stor p\u00e5gang p\u00e5 grunn av kulden.<\/p>\n<p>If har s\u00e5 langt f\u00e5tt inn mellom 50 og 60 meldinger om frostskader.\u00a0<\/p>\n<p>        <img loading=\"lazy\" decoding=\"async\" src=\"https:\/\/www.europesays.com\/no\/wp-content\/uploads\/2026\/01\/84073115.webp.webp\" width=\"686\" height=\"460\" title=\"FROSSET FAST: N\u00e5r temperaturen faller for lavt, kan vannet i r\u00f8rene fryse og f\u00f8re til store skader. Her har en vask i en hytte blitt helt nedfrosset.&#10;Foto: Frende Forsikring\" alt=\"\" class=\"\" style=\"--aspect-ratio-image: 1.49; \"\/><\/p>\n<p>\n        FROSSET FAST: N\u00e5r temperaturen faller for lavt, kan vannet i r\u00f8rene fryse og f\u00f8re til store skader. Her har en vask i en hytte blitt helt nedfrosset.<br \/>\nFoto: Frende Forsikring\n    <\/p>\n<p>    <a itemprop=\"url\" href=\"https:\/\/dinside.dagbladet.no\/motor\/forventer-grep-umiddelbart\/84071453\" rel=\"nofollow noopener\" target=\"_blank\"><\/p>\n<p>        <img loading=\"lazy\" decoding=\"async\" src=\"https:\/\/www.europesays.com\/no\/wp-content\/uploads\/2026\/01\/84070663.webp.webp\" width=\"980\" height=\"441\" title=\"- Forventer grep umiddelbart\" alt=\"\" class=\"lazyload\" style=\"--aspect-ratio-image: 2.22; \"\/><\/p>\n<p>        &#8211; Forventer grep umiddelbart<\/p>\n<p>    <\/a><\/p>\n<p>&#8211; Hvis r\u00f8ret faktisk sprekker og vannspruten st\u00e5r, kan skaden komme opp i flere hundre tusen kroner med riving, t\u00f8rking og reparasjon, sier Heidi Tofter\u00e5 Slettemoen, kommunikasjonssjef i Frende Forsikring, til DinSide.<\/p>\n<p>Ogs\u00e5 Gjensidige melder om \u00f8kning.<\/p>\n<p>&#8211; Vi har allerede registrert n\u00e6rmere 50 frostskader i \u00e5r, og kostnadene kan bli store, sier Arne Voll, kommunikasjonssjef i Gjensidige.<\/p>\n<p>    <a itemprop=\"url\" href=\"https:\/\/dinside.dagbladet.no\/bolig\/na-bor-du-sjokklufte\/84049005\" rel=\"nofollow noopener\" target=\"_blank\"><\/p>\n<p>        <img loading=\"lazy\" decoding=\"async\" src=\"https:\/\/www.europesays.com\/no\/wp-content\/uploads\/2026\/01\/84049381.webp.webp\" width=\"980\" height=\"441\" title=\"- Viktig\" alt=\"\" class=\"lazyload\" style=\"--aspect-ratio-image: 2.22; \"\/><\/p>\n<p>        &#8211; Viktig<\/p>\n<p>    <\/a><\/p>\n<p>Han forteller om en sak der en kunde i en boligblokk merket at det begynte \u00e5 dryppe fra taket. Eieren i etasjen over hadde reist til sydligere breddegrader og sl\u00e5tt av all str\u00f8mmen. Da fr\u00f8s r\u00f8rene, og vannet lekket s\u00e5 mye at det trengte gjennom flere etasjer.<\/p>\n<p>&#8211; Det er lett \u00e5 tenke at man er trygg i ei blokk, men er det 20 minusgrader ute og ingen varme inne, fryser det meste til slutt, sier Voll.<\/p>\n<p>Dette dekker ikke forsikringen\t<\/p>\n<p>Forsikringen dekker plutselige og uventede frostskader, men ikke hvis du har v\u00e6rt uforsiktig.<\/p>\n<p>&#8211; Forsikringen dekker frostskader og f\u00f8lgeskader s\u00e5 lenge du overholder sikkerhetsforskriftene, som \u00e5 holde tilstrekkelig varme, stenge for vann ved lengre frav\u00e6r og t\u00f8mme r\u00f8rene, sier Arne\u202fVoll, kommunikasjonssjef i Gjensidige.<\/p>\n<p>        <img loading=\"lazy\" decoding=\"async\" src=\"https:\/\/www.europesays.com\/no\/wp-content\/uploads\/2026\/01\/84073144.webp.webp\" width=\"686\" height=\"440\" title=\"IS-KAOS: Hele kjelleren ble til en isgrotte etter at vannr\u00f8rene sprakk. Foto: Gjensidige\" alt=\"\" class=\"\" style=\"--aspect-ratio-image: 1.56; \"\/><\/p>\n<p>\n        IS-KAOS: Hele kjelleren ble til en isgrotte etter at vannr\u00f8rene sprakk. Foto: Gjensidige\n    <\/p>\n<p>Han minner om at stoppekranen m\u00e5 stenges og r\u00f8rene t\u00f8mmes for vann hvis huset eller hytta st\u00e5r tomt.<\/p>\n<p>&#8211; Det er et krav fra forsikringsselskapet. Det er ogs\u00e5 en d\u00e5rlig id\u00e9 \u00e5 la vannkraner st\u00e5 og dryppe, for avl\u00f8pet kan ogs\u00e5 fryse, sier Voll.<\/p>\n<p>Kommunikasjonssjef Sigmund\u202fClementz i If understreker at forsikringen ikke alltid dekker hele skaden.<\/p>\n<p>&#8211; Dersom du har opptr\u00e5dt grovt uaktsomt, for eksempel ved \u00e5 reise bort uten \u00e5 stenge vanntilf\u00f8rselen eller ha varme p\u00e5, kan erstatningen bli redusert eller falle helt bort, sier han.<\/p>\n<p>    <a itemprop=\"url\" href=\"https:\/\/dinside.dagbladet.no\/bolig\/tatt-helt-av\/84057699\" rel=\"nofollow noopener\" target=\"_blank\"><\/p>\n<p>        <img loading=\"lazy\" decoding=\"async\" src=\"https:\/\/www.europesays.com\/no\/wp-content\/uploads\/2026\/01\/1768055716_576_84058495.webp.webp\" width=\"980\" height=\"441\" title=\"- Tatt helt av\" alt=\"\" class=\"lazyload\" style=\"--aspect-ratio-image: 2.22; \"\/><\/p>\n<p>        &#8211; Tatt helt av<\/p>\n<p>    <\/a><\/p>\n<p>Han legger til at d\u00e5rlig isolasjon og for lav temperatur ofte er \u00e5rsaken til frostskader.<\/p>\n<p>&#8211; Det kan v\u00e6re en bygningsteknisk svakhet ved huset, for eksempel d\u00e5rlig isolasjon i yttervegg. Dersom man f\u00e5r dette flere ganger, m\u00e5 man tenke alvorlig p\u00e5 \u00e5 gj\u00f8re utbedringer, sier Clementz til DinSide.<\/p>\n<p>&#8211; Pass p\u00e5\t<\/p>\n<p>Seksjonssjef\u00a0Maren Aschehoug Esmark\u00a0i\u00a0NVE\u00a0minner om at det g\u00e5r an \u00e5 spare str\u00f8m uten \u00e5 risikere frostskader.<\/p>\n<p>&#8211; Reduser oppvarmingen i rom som ikke er i bruk, men pass p\u00e5 \u00e5 ha nok varme der det g\u00e5r vannr\u00f8r. Nok varme betyr 6\u20138 grader, sier Esmark.<\/p>\n<p>&#8211; Har du vannr\u00f8r i ytterveggen, m\u00e5 rommet innenfor ha varme, ellers kan r\u00f8rene fryse.<\/p>\n<p>    <a itemprop=\"url\" href=\"https:\/\/dinside.dagbladet.no\/okonomi\/tilbudsfesten-er-over\/84056766\" rel=\"nofollow noopener\" target=\"_blank\"><\/p>\n<p>        <img loading=\"lazy\" decoding=\"async\" src=\"https:\/\/www.europesays.com\/no\/wp-content\/uploads\/2026\/01\/1768055718_944_84056789.webp.webp\" width=\"980\" height=\"441\" title=\"- Dessverre\" alt=\"\" class=\"lazyload\" style=\"--aspect-ratio-image: 2.22; \"\/><\/p>\n<p>        &#8211; Dessverre<\/p>\n<p>    <\/a><\/p>\n<p>Hun anbefaler \u00e5 styre oppvarmingen slik at du varmer opp bare n\u00e5r du trenger det, og peker p\u00e5 at etterisolering og energieffektivisering gir de st\u00f8rste besparelsene.<\/p>\n<p>&#8211; Det er mye \u00e5 spare p\u00e5 \u00e5 etterisolere loft, skifte vinduer og d\u00f8rer, og isolere vegger. Enova gir n\u00e5 st\u00f8tte til husholdninger som vil energieffektivisere, sier Esmark.<\/p>\n<p> Med litt varme og god isolasjon slipper du b\u00e5de frostskader og un\u00f8dvendige str\u00f8mregninger. <\/p>\n","protected":false},"excerpt":{"rendered":"Kort fortalt N\u00e5r kulda kommer, er mange nordmenn d\u00e5rlig forberedt p\u00e5 \u00e5 beskytte vannr\u00f8rene sine. Are Skaar Nielsen&hellip;\n","protected":false},"author":2,"featured_media":133895,"comment_status":"","ping_status":"","sticky":false,"template":"","format":"standard","meta":{"footnotes":""},"categories":[5],"tags":[20,21,24,25,2147,728,15,19,14920,22,23,17,18,13,30,28,29,14,16,15428,14392,26,27],"class_list":{"0":"post-133894","1":"post","2":"type-post","3":"status-publish","4":"format-standard","5":"has-post-thumbnail","7":"category-overskrifter","8":"tag-breaking-news","9":"tag-breakingnews","10":"tag-featured-news","11":"tag-featurednews","12":"tag-forsikring","13":"tag-fritid","14":"tag-headlines","15":"tag-hovedoppslag","16":"tag-kuldegrader","17":"tag-latest-news","18":"tag-latestnews","19":"tag-main-news","20":"tag-mainnews","21":"tag-news","22":"tag-no","23":"tag-norge","24":"tag-norway","25":"tag-nyheter","26":"tag-overskrifter","27":"tag-ror","28":"tag-rorlegger","29":"tag-top-stories","30":"tag-topstories"},"share_on_mastodon":{"url":"https:\/\/pubeurope.com\/@no\/115871306492709483","error":""},"_links":{"self":[{"href":"https:\/\/www.europesays.com\/no\/wp-json\/wp\/v2\/posts\/133894","targetHints":{"allow":["GET"]}}],"collection":[{"href":"https:\/\/www.europesays.com\/no\/wp-json\/wp\/v2\/posts"}],"about":[{"href":"https:\/\/www.europesays.com\/no\/wp-json\/wp\/v2\/types\/post"}],"author":[{"embeddable":true,"href":"https:\/\/www.europesays.com\/no\/wp-json\/wp\/v2\/users\/2"}],"replies":[{"embeddable":true,"href":"https:\/\/www.europesays.com\/no\/wp-json\/wp\/v2\/comments?post=133894"}],"version-history":[{"count":0,"href":"https:\/\/www.europesays.com\/no\/wp-json\/wp\/v2\/posts\/133894\/revisions"}],"wp:featuredmedia":[{"embeddable":true,"href":"https:\/\/www.europesays.com\/no\/wp-json\/wp\/v2\/media\/133895"}],"wp:attachment":[{"href":"https:\/\/www.europesays.com\/no\/wp-json\/wp\/v2\/media?parent=133894"}],"wp:term":[{"taxonomy":"category","embeddable":true,"href":"https:\/\/www.europesays.com\/no\/wp-json\/wp\/v2\/categories?post=133894"},{"taxonomy":"post_tag","embeddable":true,"href":"https:\/\/www.europesays.com\/no\/wp-json\/wp\/v2\/tags?post=133894"}],"curies":[{"name":"wp","href":"https:\/\/api.w.org\/{rel}","templated":true}]}}