{"id":133896,"date":"2026-01-10T14:37:14","date_gmt":"2026-01-10T14:37:14","guid":{"rendered":"https:\/\/www.europesays.com\/no\/133896\/"},"modified":"2026-01-10T14:37:14","modified_gmt":"2026-01-10T14:37:14","slug":"viggo-venn-levde-under-fattigdomsgrensen","status":"publish","type":"post","link":"https:\/\/www.europesays.com\/no\/133896\/","title":{"rendered":"Viggo Venn levde under fattigdomsgrensen"},"content":{"rendered":"<p class=\"kicker \" style=\"\">\u00abSkal vi danse\u00bb-Viggo satset alt p\u00e5 klovnedr\u00f8mmen<\/p>\n<p>    Han tok verden med storm i \u00abBritain\u2019s Got Talent\u00bb, men Viggo Venn brukte mange \u00e5r p\u00e5 \u00e5 finne sin plass som klovn.<\/p>\n<p>\n    EN LANG REISE: Viggo Venn har g\u00e5tt fra \u00e5 leve som omreisende klovn til \u00e5 bli en internasjonal publikums-yndling \u2013 men veien dit har ikke bare v\u00e6rt enkel. Foto: John T. Pedersen\/Dagbladet\n  <\/p>\n<p>Med humor, varme og en helt egen sjarm har <a href=\"https:\/\/www.seher.no\/kjendis\/har-hort-litt-rykter\/83979162\" rel=\"nofollow noopener\" target=\"_blank\">Viggo Venn<\/a> (36) tatt Norge med storm. Mange fikk sansen for den sprudlende komikeren gjennom \u00abSkal vi danse\u00bb, men ber\u00f8mt ble han da han vant \u00abBritain\u2019s Got Talent\u00bb i 2023.<\/p>\n<p>    <a itemprop=\"url\" href=\"https:\/\/www.seher.no\/kjendis\/deler-nye-bilder-av-sonnen\/84060269\" rel=\"nofollow noopener\" target=\"_blank\"><\/p>\n<p>        <img loading=\"lazy\" decoding=\"async\" src=\"https:\/\/www.europesays.com\/no\/wp-content\/uploads\/2026\/01\/1768055828_344_84060573.webp.webp\" width=\"147\" height=\"98\" title=\"Deler nye bilder av s\u00f8nnen\" alt=\"\" class=\"lazyload\" style=\"--aspect-ratio-image: 1.50; \"\/><\/p>\n<p>        Deler nye bilder av s\u00f8nnen<\/p>\n<p>    <\/a><\/p>\n<p class=\"font-weight-bold m-font-weight-bold\" data-lab-font_weight=\"font-weight-bold\">&#8211; Mange i Norge tror at jeg ble kjent over natten, men f\u00f8r seieren hadde jeg jobbet som klovn i ti \u00e5r, forteller Viggo til Se og H\u00f8r.<\/p>\n<p>        <img loading=\"lazy\" decoding=\"async\" src=\"https:\/\/www.europesays.com\/no\/wp-content\/uploads\/2026\/01\/84007700.webp.webp\" width=\"686\" height=\"460\" title=\"SKAPTE SHOW: Med sine lag p\u00e5 lag av refleksvester vant Viggo \u00abBritain\u2019s Got Talent\u00bb i 2023, og ble superstjerne. Her med programlederne Anthony McPartlin (50) og Declan Donnelly (50) \u2013 ogs\u00e5 kjent som Ant &amp; Dec. Foto: NTB\" alt=\"\" class=\"\" style=\"--aspect-ratio-image: 1.49; \"\/><\/p>\n<p>\n        SKAPTE SHOW: Med sine lag p\u00e5 lag av refleksvester vant Viggo \u00abBritain\u2019s Got Talent\u00bb i 2023, og ble superstjerne. Her med programlederne Anthony McPartlin (50) og Declan Donnelly (50) \u2013 ogs\u00e5 kjent som Ant &amp; Dec. Foto: NTB\n    <\/p>\n<p>Isolerte seg\t<\/p>\n<p>Veien til klovneyrket var alt annet enn rett.\u00a0<\/p>\n<p>Et mislykket \u00f8konomistudium f\u00f8rte til en tung periode for Kongsberg-mannen, som verken trivdes faglig eller sosialt.<\/p>\n<p class=\"font-weight-bold m-font-weight-bold\" data-lab-font_weight=\"font-weight-bold\">\u2013 Jeg f\u00f8lte meg helt \u00ablost\u00bb, og kjente p\u00e5 skam og ensomhet. Jeg isolerte meg fra omverdenen, minnes han.<\/p>\n<p>        ANGSTANFALL: Det ble en dramatisk start p\u00e5 \u00abFarmen kjendis\u00bb-oppholdet for komiker Jonas Lihaug Fredriksen. Reporter: Nora Skavhaug. Video: Sanne Holt\/ TV 2\/ R\u00f8d L\u00f8per<\/p>\n<p>Vendepunktet kom da han tilfeldigvis s\u00e5 et klovneshow i Skottland. Forestillingen fikk ham til \u00e5 le for f\u00f8rste gang p\u00e5 lenge, og han bestemte seg for \u00e5 finne ut hvilken skole klovnen p\u00e5 scenen hadde g\u00e5tt p\u00e5. <\/p>\n<p>Det f\u00f8rte ham til den anerkjente \u00c9cole Philippe Gaulier i Paris, der han fullf\u00f8rte en to\u00e5rig utdanning som klovn. Deretter fulgte flere \u00e5r p\u00e5reisefot sammen med andre klovnekunstnere.<\/p>\n<p>        <img loading=\"lazy\" decoding=\"async\" src=\"https:\/\/www.europesays.com\/no\/wp-content\/uploads\/2026\/01\/84007707.webp.webp\" width=\"667\" height=\"801\" title=\"STRENG L\u00c6RER: Klovnel\u00e6rer Philippe Gaulier i Paris hjalp med \u00e5 forme Viggo til klovnen han er i dag. Foto: Privat\" alt=\"\" class=\"\" style=\"--aspect-ratio-image: 0.83; \"\/><\/p>\n<p>\n        STRENG L\u00c6RER: Klovnel\u00e6rer Philippe Gaulier i Paris hjalp med \u00e5 forme Viggo til klovnen han er i dag. Foto: Privat\n    <\/p>\n<p class=\"font-weight-bold m-font-weight-bold\" data-lab-font_weight=\"font-weight-bold\">&#8211; Vi bodde p\u00e5 sofaer rundt omkring i Australia og USA i flere \u00e5r. Pengene vi tjente p\u00e5 billetter brukte vi p\u00e5 neste reise. Det var et skikkelig sirkusliv, h\u00e5nd til munn, og jeg levde under den norske fattigdomsgrensen, sier han.<\/p>\n<p>Det store gjennombruddet kom i \u00abBritain\u2019s Got Talent\u00bb, der Viggo forvirret, begeistret og utfordret dommerne med sine lag p\u00e5 lag av refleksvester.\u00a0<\/p>\n<p>    <a itemprop=\"url\" href=\"https:\/\/www.seher.no\/kjendis\/veldig-rart-a-vaere-foreldrelos\/84037256\" rel=\"nofollow noopener\" target=\"_blank\"><\/p>\n<p>        <img loading=\"lazy\" decoding=\"async\" src=\"https:\/\/www.europesays.com\/no\/wp-content\/uploads\/2026\/01\/1768055832_954_84037271.webp.webp\" width=\"147\" height=\"98\" title=\"- Veldig rart \u00e5 v\u00e6re foreldrel\u00f8s\" alt=\"\" class=\"lazyload\" style=\"--aspect-ratio-image: 1.50; \"\/><\/p>\n<p>        &#8211; Veldig rart \u00e5 v\u00e6re foreldrel\u00f8s<\/p>\n<p>    <\/a><\/p>\n<p>Jobber med nytt prosjekt\u00a0\t<\/p>\n<p>De absurde opptredenene endte med seier &#8211; og en premiesum p\u00e5 3,4 millioner kroner! Likevel var pengene det siste han tenkte p\u00e5.<\/p>\n<p class=\"font-weight-bold m-font-weight-bold\" data-lab-font_weight=\"font-weight-bold\">\u2013 Jeg tenkte ikke p\u00e5 premien, og svarte ikke p\u00e5 hvor jeg ville ha pengene utbetalt p\u00e5 nesten fire m\u00e5neder, sier han lattermildt. <\/p>\n<p>Etter hvert tok han grep \u2013 og fikk pengene inn p\u00e5 konto.<\/p>\n<p>        <img loading=\"lazy\" decoding=\"async\" src=\"https:\/\/www.europesays.com\/no\/wp-content\/uploads\/2026\/01\/84007712.webp.webp\" width=\"667\" height=\"667\" title=\"DANSEFAVORITT: P\u00e5 parketten i \u00abSkal vi danse\u00bb imponerte Viggo stort med sin enorme utvikling og smittende energi sammen med dansepartner Rikke Lund. Foto: NTB\" alt=\"\" class=\"\" style=\"--aspect-ratio-image: 1.00; \"\/><\/p>\n<p>\n        DANSEFAVORITT: P\u00e5 parketten i \u00abSkal vi danse\u00bb imponerte Viggo stort med sin enorme utvikling og smittende energi sammen med dansepartner Rikke Lund. Foto: NTB\n    <\/p>\n<p>I h\u00f8st har han begeistret publikumet her hjemme gjennom \u00abSkal vi danse\u00bb, hvor han hadde en enorme utvikling p\u00e5 parketten.\u00a0<\/p>\n<p>Samtidig har han jobbet med sitt neste store prosjekt: Turn\u00e9forestillingen \u00abViggo Vennel\u00f8s\u00bb, som blir noe helt annet enn refleksvest-showet han er kjent for.<\/p>\n<p>        REALITY-FORTID: \u00abFlukten fra Bolivia\u00bb-skuespilleren r\u00f8per hvordan deltakelsen i det popul\u00e6re realityprogrammet landet henne dr\u00f8mmerollen. Reporter: Sanne Holt. Video: \u00abFlukten fra Bolivia\u00bb\/ TV 2\/ Celine N\u00e6ss Andreassen\/ R\u00f8d L\u00f8per<\/p>\n<p>\u2013 Det jeg har gjort f\u00f8r er bare tull, mens dette blir mer teatralsk. Temaet er ensomhet, noe jeg selv f\u00f8lte p\u00e5 under studiene. Det blir en forestilling helt uten ord, men det blir musikk \u2013 og selvf\u00f8lgelig dans, sier han til Se og H\u00f8r<\/p>\n","protected":false},"excerpt":{"rendered":"\u00abSkal vi danse\u00bb-Viggo satset alt p\u00e5 klovnedr\u00f8mmen Han tok verden med storm i \u00abBritain\u2019s Got Talent\u00bb, men Viggo&hellip;\n","protected":false},"author":2,"featured_media":133897,"comment_status":"","ping_status":"","sticky":false,"template":"","format":"standard","meta":{"footnotes":""},"categories":[58],"tags":[4104,71,479,30,28,29,2280,72,2290],"class_list":{"0":"post-133896","1":"post","2":"type-post","3":"status-publish","4":"format-standard","5":"has-post-thumbnail","7":"category-underholdning","8":"tag-eksklusivt","9":"tag-entertainment","10":"tag-kjendis","11":"tag-no","12":"tag-norge","13":"tag-norway","14":"tag-skal-vi-danse","15":"tag-underholdning","16":"tag-viggo-venn"},"share_on_mastodon":{"url":"https:\/\/pubeurope.com\/@no\/115871314314713281","error":""},"_links":{"self":[{"href":"https:\/\/www.europesays.com\/no\/wp-json\/wp\/v2\/posts\/133896","targetHints":{"allow":["GET"]}}],"collection":[{"href":"https:\/\/www.europesays.com\/no\/wp-json\/wp\/v2\/posts"}],"about":[{"href":"https:\/\/www.europesays.com\/no\/wp-json\/wp\/v2\/types\/post"}],"author":[{"embeddable":true,"href":"https:\/\/www.europesays.com\/no\/wp-json\/wp\/v2\/users\/2"}],"replies":[{"embeddable":true,"href":"https:\/\/www.europesays.com\/no\/wp-json\/wp\/v2\/comments?post=133896"}],"version-history":[{"count":0,"href":"https:\/\/www.europesays.com\/no\/wp-json\/wp\/v2\/posts\/133896\/revisions"}],"wp:featuredmedia":[{"embeddable":true,"href":"https:\/\/www.europesays.com\/no\/wp-json\/wp\/v2\/media\/133897"}],"wp:attachment":[{"href":"https:\/\/www.europesays.com\/no\/wp-json\/wp\/v2\/media?parent=133896"}],"wp:term":[{"taxonomy":"category","embeddable":true,"href":"https:\/\/www.europesays.com\/no\/wp-json\/wp\/v2\/categories?post=133896"},{"taxonomy":"post_tag","embeddable":true,"href":"https:\/\/www.europesays.com\/no\/wp-json\/wp\/v2\/tags?post=133896"}],"curies":[{"name":"wp","href":"https:\/\/api.w.org\/{rel}","templated":true}]}}