{"id":133900,"date":"2026-01-10T14:41:09","date_gmt":"2026-01-10T14:41:09","guid":{"rendered":"https:\/\/www.europesays.com\/no\/133900\/"},"modified":"2026-01-10T14:41:09","modified_gmt":"2026-01-10T14:41:09","slug":"handball-em-2026-unity-arena-skandale-for-em-i-norge","status":"publish","type":"post","link":"https:\/\/www.europesays.com\/no\/133900\/","title":{"rendered":"H\u00e5ndball-EM 2026, Unity arena | Skandale f\u00f8r EM i Norge"},"content":{"rendered":"\n<p>De neste ukene ruller h\u00e5ndball-EM for herrer i Unity Arena p\u00e5 Fornebu, der blant andre Norge skal spille tre kamper.<\/p>\n<p>Det er andre \u00e5r p\u00e5 rad at et stort herremesterskap i h\u00e5ndball spilles p\u00e5 norsk jord.<\/p>\n<p>Oppsiktsvekkende pressemelding<\/p>\n<p>N\u00e5 kommer det imidlertid <a href=\"https:\/\/www.eurohandball.com\/en\/news\/en\/men-s-ehf-euro-2026-refereeing-update\/\" rel=\"Follow nofollow noopener\" target=\"_blank\">oppsiktsvekkende nyheter<\/a> fra Det europeiske h\u00e5ndballforbundet (EHF).<\/p>\n<p>I en pressemelding l\u00f8rdag opplyser forbundet at et dommerpar fra Nord-Makedonia fjernes fra mesterskapet.<\/p>\n<p><b>Les ogs\u00e5: <a href=\"https:\/\/www.nettavisen.no\/sport\/henrik-larsson-med-ny-avsloring-noe-ingen-vet\/s\/5-95-2818400\" rel=\"Follow nofollow noopener\" target=\"_blank\">Fotballhelt med avsl\u00f8ring: \u2013 Noe ingen vet <\/a><\/b><\/p>\n<p>Slave Nikolov and Gjorgji Nachevski skulle i utgangspunktet d\u00f8mme kamper under det kommende mesterskapet, men n\u00e5 opplyser EHF at dommerparet ikke kommer til \u00e5 dukke opp.<\/p>\n<p>Innstillingen om at de to skal v\u00e6re en del av oppsettet under EM er trukket tilbake, st\u00e5r det i pressemeldingen.<\/p>\n<p>Den danske h\u00e5ndballeksperten Rasmus Boysen, med en fortid i Elverum, skriver p\u00e5 X at nord-makedonerne n\u00e5 er under granskning.<\/p>\n<p>Bakgrunnen skal v\u00e6re at en video av dommernes fysiske tester mest sannsynlig skal v\u00e6re manipulert.<\/p>\n<p>Det f\u00e5r den danske h\u00e5ndballeksperten Bent Nyegaard til \u00e5 b\u00e5de reagere og stusse.<\/p>\n<p>\u2013 Det er meget overraskende for meg at EHF griper inn her. Jeg har ikke sett denne testen, men n\u00e5r jeg ser dem d\u00f8mme, er det ganske klart at de ville st\u00e5tt overfor en utfordring i en l\u00f8petest. S\u00e5 hvorfor EHF f\u00f8rst griper inn n\u00e5, vet jeg ikke, sier han til <a href=\"https:\/\/sport.tv2.dk\/live\/haandbold\/2025-09-14-seneste-nyt-dansk-og-international-haandbold\" rel=\"Follow nofollow noopener\" target=\"_blank\">dansk TV 2<\/a>.<\/p>\n<p>\u2013 Men det er gledelig at man p\u00e5 et tidspunkt bestemmer seg for at nok er nok, sier han videre.<\/p>\n<p>Den tidligere danske h\u00e5ndballstjernen Lasse Svan reagerer ogs\u00e5 p\u00e5 nyheten.<\/p>\n<p>\u2013 Det er tull fra deres side. Det er pinlig, de kaller seg selv verdens beste dommerpar, men klarer ikke \u00e5 best\u00e5 en fysisk test, sier han til dansk TV 2.<\/p>\n<p>Analyse oppdaget uregelmessigheter<\/p>\n<p>If\u00f8lge Boysen har videoen blitt analysert og et er oppdaget stor sannsynlighet for uregelmessigheter ved det som er sendt inn fra dommerparet.<\/p>\n<p><b>Les ogs\u00e5: <a href=\"https:\/\/www.nettavisen.no\/sport\/tidligere-chelsea-spiller-har-bare-noen-fa-dager-igjen-a-leve\/s\/5-95-2817927\" rel=\"Follow nofollow noopener\" target=\"_blank\">Tidligere Chelsea-spiller: \u2013 Har bare noen f\u00e5 dager igjen \u00e5 leve<\/a><\/b><\/p>\n<p>Saken unders\u00f8kes n\u00e5 n\u00e6rmere av det europeiske forbundet. Den \u00f8vrige planen for hvem som skal lede de ulike kampene som arrangeres i Norge, Danmark og Sverige blir ikke p\u00e5virket av denne saken, skriver den danske eksperten videre.<\/p>\n<p>Den danske eksperten Nyegaard understreker at det aktuelle dommerparet har v\u00e6rt omstridt.<\/p>\n<p>\u2013 De har ved mange tilfeller v\u00e6rt gode til \u00e5 styre kampene, men de har v\u00e6rt utskjelt. De nektet blant annet \u00e5 se video fra Elohim Paradis&#8217; frikast mot Sverige under EM i 2024, noe som kostet svenskene en finaleplass, sier Nyegaard.<\/p>\n<p>\u2013 Deres arroganse har v\u00e6rt et varemerke. Men det skal ikke glemmes at det er et dommerpar som har hatt respekt, fordi de har v\u00e6rt gode til \u00e5 d\u00f8mme, sier han videre.<\/p>\n<p>Unity Arena skal alts\u00e5 huse det innledende gruppespillet i perioden 15\u201320. januar.<\/p>\n<p>Jonas Willes Norge skal m\u00f8te Tsjekkia, Ukraina og Frankrike p\u00e5 norsk jord.<\/p>\n","protected":false},"excerpt":{"rendered":"De neste ukene ruller h\u00e5ndball-EM for herrer i Unity Arena p\u00e5 Fornebu, der blant andre Norge skal spille&hellip;\n","protected":false},"author":2,"featured_media":133901,"comment_status":"","ping_status":"","sticky":false,"template":"","format":"standard","meta":{"footnotes":""},"categories":[10],"tags":[20,21,24,25,15,22,23,13,30,28,29,14,16,26,27],"class_list":{"0":"post-133900","1":"post","2":"type-post","3":"status-publish","4":"format-standard","5":"has-post-thumbnail","7":"category-norge","8":"tag-breaking-news","9":"tag-breakingnews","10":"tag-featured-news","11":"tag-featurednews","12":"tag-headlines","13":"tag-latest-news","14":"tag-latestnews","15":"tag-news","16":"tag-no","17":"tag-norge","18":"tag-norway","19":"tag-nyheter","20":"tag-overskrifter","21":"tag-top-stories","22":"tag-topstories"},"share_on_mastodon":{"url":"https:\/\/pubeurope.com\/@no\/115871330097765204","error":""},"_links":{"self":[{"href":"https:\/\/www.europesays.com\/no\/wp-json\/wp\/v2\/posts\/133900","targetHints":{"allow":["GET"]}}],"collection":[{"href":"https:\/\/www.europesays.com\/no\/wp-json\/wp\/v2\/posts"}],"about":[{"href":"https:\/\/www.europesays.com\/no\/wp-json\/wp\/v2\/types\/post"}],"author":[{"embeddable":true,"href":"https:\/\/www.europesays.com\/no\/wp-json\/wp\/v2\/users\/2"}],"replies":[{"embeddable":true,"href":"https:\/\/www.europesays.com\/no\/wp-json\/wp\/v2\/comments?post=133900"}],"version-history":[{"count":0,"href":"https:\/\/www.europesays.com\/no\/wp-json\/wp\/v2\/posts\/133900\/revisions"}],"wp:featuredmedia":[{"embeddable":true,"href":"https:\/\/www.europesays.com\/no\/wp-json\/wp\/v2\/media\/133901"}],"wp:attachment":[{"href":"https:\/\/www.europesays.com\/no\/wp-json\/wp\/v2\/media?parent=133900"}],"wp:term":[{"taxonomy":"category","embeddable":true,"href":"https:\/\/www.europesays.com\/no\/wp-json\/wp\/v2\/categories?post=133900"},{"taxonomy":"post_tag","embeddable":true,"href":"https:\/\/www.europesays.com\/no\/wp-json\/wp\/v2\/tags?post=133900"}],"curies":[{"name":"wp","href":"https:\/\/api.w.org\/{rel}","templated":true}]}}