{"id":133910,"date":"2026-01-10T14:58:08","date_gmt":"2026-01-10T14:58:08","guid":{"rendered":"https:\/\/www.europesays.com\/no\/133910\/"},"modified":"2026-01-10T14:58:08","modified_gmt":"2026-01-10T14:58:08","slug":"sprengt-oljetanker-har-hatt-norsk-falsk-forsikring-nrk-rogaland-lokale-nyheter-tv-og-radio","status":"publish","type":"post","link":"https:\/\/www.europesays.com\/no\/133910\/","title":{"rendered":"Sprengt oljetanker har hatt norsk, falsk forsikring \u2013 NRK Rogaland \u2013 Lokale nyheter, TV og radio"},"content":{"rendered":"<p>Et v\u00e5pensikte finner m\u00e5let sitt. S\u00e5 kommer eksplosjonen. Det ukrainske forsvaret har delt en video p\u00e5 Instagram som viser angrepet p\u00e5 tankskipet \u00abQuendil\u00bb den 19. desember.<\/p>\n<p>For f\u00f8rste gang hadde Ukraina angrepet et skip som frakter russisk olje i Middelhavet. Skipet ble hardt skadet. Det ble meldt om to d\u00f8de og flere skadde, men dette er fortsatt ikke offisielt bekreftet.<\/p>\n<p>\u00abQuendil\u00bb er en del av den russiske skyggefl\u00e5ten og mistenkes \u00e5 frakte olje i strid med sanksjonene. Skipet st\u00e5r p\u00e5 sanksjonslistene til EU og flere vestlige land. \u00abQuendil\u00bb var ikke lastet med olje det da ble angrepet.<\/p>\n<p><strong>NRK kan n\u00e5 fortelle at det norske selskapet Ro Marine har koblinger til det angrepne skipet. <\/strong><\/p>\n<p>Ro Marine har tilbudt forsikring til mange skip i den russiske skyggefl\u00e5ten selv om de ikke har tillatelse til \u00e5 forsikre noe som helst.<\/p>\n<p>NRK og Danwatch avsl\u00f8rte i fjor at<a href=\"https:\/\/www.nrk.no\/vestland\/xl\/falske-dokument-fra-norsk-selskap-brukt-til-a-lure-nato-land-i-skyggeflate-kontroller-1.17354948\" ec-id=\"pp:article:1.17354948\" ec-name=\"forsikringspapir fra selskapet ble brukt til \u00e5 lure Nato-kontroll\u00f8rer.\" rel=\"nofollow noopener\" target=\"_blank\"> forsikringspapir fra selskapet ble brukt til \u00e5 lure Nato-kontroll\u00f8rer.<\/a><\/p>\n<p>Da fant vi \u00abQuendil\u00bb oppf\u00f8rt som kunde p\u00e5 selskapets nettsider. Kort tid etter ble nettsiden til selskapet lagt ned.<\/p>\n<p>NRK har fra sikre kilder f\u00e5tt bekreftet at Ro Marine har utstedt forsikringspoliser for \u00abQuendil\u00bb. I tillegg skriver nyhetsbyr\u00e5et <a href=\"https:\/\/www.reuters.com\/business\/energy\/firm-issued-fake-insurance-russian-oil-tankers-norways-fsa-says-2025-04-02\/\" ec-id=\"https:\/\/www.reuters.com\/business\/energy\/firm-issued-fake-insurance-russian-oil-tankers-norways-fsa-says-2025-04-02\/\" ec-name=\"Reuters\" rel=\"nofollow noopener\" target=\"_blank\">Reuters<\/a> at de har sett forsikringspapirer skipet har brukt i anl\u00f8p i russiske havner der det norske selskapet er oppgitt som deres forsikringsselskap.<\/p>\n<p>Det har ikke lyktes NRK \u00e5 f\u00e5 kommentar fra Ro Marine eller selskapet som drifter \u00abQuendil\u00bb.\n<\/p>\n<p>Dette er skyggefl\u00e5ten<\/p>\n<p>Skyggefl\u00e5ten best\u00e5r av skip som mistenkes for \u00e5 omg\u00e5 vestlige sanksjoner.<\/p>\n<p>Skipene er som regel eldre enn 15 \u00e5r og uten vestlig forsikring.<\/p>\n<p>Skipene bytter ofte flagg og det er ofte vanskelig \u00e5 spore reelt eierskap.<\/p>\n<p>Ofte er skipene eid av og\/eller driftet av selskap registrert i land som ikke har sluttet seg til de \u00f8konomiske sanksjonene som ble innf\u00f8rt etter Russlands fullskala invasjon i Ukraina i 2022.<\/p>\n<p>Var det spioner om bord?<\/p>\n<p>NRK har tidligere omtalt hvordan Ro Marines eier, russiske Andrey Mochalin, narret vesten med falske dokumenter og solgte forsikring til over 100 skip i skyggefl\u00e5ten.<\/p>\n<p>Ved \u00e5 tilby forsikring til skyggefl\u00e5ten, handler Ro Marine i russiske myndigheters interesse.<\/p>\n<p><strong>I samarbeid med russiske journalister i Dossier Center har NRK n\u00e5 f\u00e5tt tilgang til mannskapslistene til \u00abQuendil\u00bb. Listene viser at to russere var om bord i september. En av disse kan kobles til en adresse som tilh\u00f8rer den russiske etterretningstjenesten GRU. <\/strong><\/p>\n<p><strong>Ogs\u00e5 den andre har koblinger til det russiske milit\u00e6ret. Han har v\u00e6rt i Ukraina s\u00e5 sent som i 2024, og har tidligere v\u00e6rt medlem av den berykta Wagnergruppen. <\/strong><\/p>\n<p>Kanalen <a href=\"http:\/\/edition.cnn.com\/2025\/12\/18\/europe\/russia-oil-tankers-spying-europe-intelligence-sources-intl-invs\" ec-id=\"http:\/\/edition.cnn.com\/2025\/12\/18\/europe\/russia-oil-tankers-spying-europe-intelligence-sources-intl-invs\" ec-name=\"CNN\" rel=\"nofollow noopener\" target=\"_blank\">CNN<\/a> skriver at flere russiske tankskip har folk om bord med b\u00e5nd til det russiske milit\u00e6ret. En kilde i vestlig etterretning sier til CNN at russere p\u00e5 et slikt skip tidligere har tatt bilder av milit\u00e6re anlegg i Europa.<\/p>\n<p>Tror skipene brukes til etterretning<\/p>\n<p>If\u00f8lge professor i russisk historie ved UiT Norges arktiske universitet, Kari Aga Myklebost, har den russiske staten og det milit\u00e6re blitt mer eksponert etter krigen i Ukraina. Dette har gjort dem utsatt for vestlige mottiltak. Det er derfor viktig for Russland \u00e5 bruke sivile fart\u00f8y til milit\u00e6re form\u00e5l.\n<\/p>\n<p><img decoding=\"async\"   src=\"data:image\/gif;base64,R0lGODlhAQABAIAAAAAAAP\/\/\/yH5BAEAAAAALAAAAAABAAEAAAIBRAA7\" loading=\"eager\" alt=\"Kari Aga Myklebost\" title=\"Foto: Eirik Hind Sveen\"\/><\/p>\n<p class=\"\">Kari Aga Myklebost<\/p>\n<p>Foto: Eirik Hind Sveen<\/p>\n<p>\u2013 Det er alts\u00e5 n\u00e6rliggende \u00e5 anta at Russland bruker skyggefl\u00e5ten ikke bare til \u00e5 omg\u00e5 vestlige sanksjoner og utf\u00f8re sabotasje mot undersj\u00f8iske kabler, slik vi har sett mange eksempler p\u00e5 de siste par \u00e5rene, men ogs\u00e5 til etterretning. Den russiske maritime doktrinen som ble oppdatert i 2022, peker i samme retning, ved at den eksplisitt \u00e5pner for \u00e5 bruke sivile fart\u00f8y til milit\u00e6re form\u00e5l, sier hun.<\/p>\n<p>De to russerne om bord p\u00e5 \u00abQuendil\u00bb st\u00e5r oppf\u00f8rt som sikkerhetsfolk i mannskapslista. Seileruten til skipet forbi blant annet Jemen og Somalia gj\u00f8r det logisk \u00e5 ha sikkerhetsfolk om bord. Myklebost mener dette er bevisst for \u00e5 gi russerne mulighet til \u00e5 benekte spionasje.<\/p>\n<p>Dr\u00f8ye to uker etter angrepet \u2013 om morgenen 4. januar \u2013 grunnst\u00f8tte \u00abQuendil\u00bb n\u00e6r \u00f8ya Bozcaada i Tyrkia<\/p>\n<p>Flere angrep p\u00e5 oljetankere<\/p>\n<p>Angrepet p\u00e5 \u00abQuendil\u00bb var det f\u00f8rste i Middelhavet, men ikke p\u00e5 russiske tankskip generelt. Flere skip som mistenkes \u00e5 v\u00e6re en del av den russiske skyggefl\u00e5ten, har blitt rammet den siste tiden.<\/p>\n<p>\u00c9n uke f\u00f8r angrepet i Middelhavet, ble \u00abDashan\u00bb <a href=\"https:\/\/www.nrk.no\/urix\/ukraina-angriper-russlands-skyggeflate_-_-ulovlig-krigforing-1.17687777\" ec-id=\"pp:article:1.17687777\" ec-name=\"angrepet\" rel=\"nofollow noopener\" target=\"_blank\">angrepet<\/a> av sj\u00f8droner.\n<\/p>\n<p>    <img decoding=\"async\" class=\"dh-video-videoLoop__fallbackImage\" src=\"https:\/\/www.europesays.com\/no\/wp-content\/uploads\/2026\/01\/37f08ee8-31d8-435c-b08e-e831d8d35c4f_360.jpg\" alt=\"\"\/><video preload=\"none\" muted=\"\" poster=\"https:\/\/www.europesays.com\/no\/wp-content\/uploads\/2026\/01\/37f08ee8-31d8-435c-b08e-e831d8d35c4f_360.jpg\" style=\"--poster:url(https:\/\/www.europesays.com\/no\/wp-content\/uploads\/2026\/01\/37f08ee8-31d8-435c-b08e-e831d8d35c4f_360.jpg);\"><\/video><img decoding=\"async\" class=\"dh-video-videoLoop__fallbackImage\" src=\"https:\/\/www.europesays.com\/no\/wp-content\/uploads\/2026\/01\/37f08ee8-31d8-435c-b08e-e831d8d35c4f_720.jpg\" alt=\"\"\/><video preload=\"none\" muted=\"\" poster=\"https:\/\/www.europesays.com\/no\/wp-content\/uploads\/2026\/01\/37f08ee8-31d8-435c-b08e-e831d8d35c4f_720.jpg\" style=\"--poster:url(https:\/\/www.europesays.com\/no\/wp-content\/uploads\/2026\/01\/37f08ee8-31d8-435c-b08e-e831d8d35c4f_720.jpg);\"><\/video><img decoding=\"async\" class=\"dh-video-videoLoop__fallbackImage\" src=\"https:\/\/www.europesays.com\/no\/wp-content\/uploads\/2026\/01\/37f08ee8-31d8-435c-b08e-e831d8d35c4f_1080.jpg\" alt=\"\"\/><video preload=\"none\" muted=\"\" poster=\"https:\/\/www.europesays.com\/no\/wp-content\/uploads\/2026\/01\/37f08ee8-31d8-435c-b08e-e831d8d35c4f_1080.jpg\" style=\"--poster:url(https:\/\/www.europesays.com\/no\/wp-content\/uploads\/2026\/01\/37f08ee8-31d8-435c-b08e-e831d8d35c4f_1080.jpg);\"><\/video><\/p>\n<p>Ukraina delte en video som viste angrepet p\u00e5 oljetankeren \u00abDashan\u00bb i Svartehavet 10. desember.<\/p>\n<p>Ukrainske myndigheter \/ Reuters<\/p>\n<p><strong>Ogs\u00e5 \u00abDashan\u00bb kan kobles til Ro Marine. Skipet st\u00e5r p\u00e5 lista som NRK hentet fra Ro Marines hjemmeside i fjor vinter. <\/strong><strong>\u00abDashan\u00bb sin forsikring hadde en gyldighet til og med 24. april 2025.<\/strong><\/p>\n<p>Sj\u00f8krigsforsker Tor Ivar Str\u00f8mmen forklarer at Ukraina angriper disse skipene for \u00e5 svekke Russlands \u00f8konomi og landets evne til \u00e5 fortsette krigen. Samtidig mener han at metodene er problematiske.<\/p>\n<p>\u2013 Angrepene p\u00e5 de n\u00f8ytralt flaggede tankskipene er i strid med folkeretten. De faller inn under ulovlig krigf\u00f8ring og er et brudd p\u00e5 sj\u00f8krigens folkerett, sa Str\u00f8mmen i etterkant av angrepet p\u00e5 \u00abDashan\u00bb.<\/p>\n<p>Russlands president Vladimir Putin har tidligere truet med kraftige motangrep etter angrepene mot oljetankerne.<\/p>\n<p>\u2013 Vi kan utvide rekkevidden av angrep mot havner og skip som legger til havn i Ukraina, sa Putin til AFP tidligere i desember.<\/p>\n<p>\u2013 Vi vil ogs\u00e5 vurdere mottiltak mot skip som tilh\u00f8rer land som bist\u00e5r Ukraina, sa den russiske presidenten.<\/p>\n<p>Ro Marine ble oppl\u00f8st 4. juli i fjor. \u00d8kokrim etterforsker selskapets virksomhet og fire personer er siktet i saken. De to siktede nordmennene har svart NRK at de stiller seg uforst\u00e5ende til siktelsene. Via sin advokat, Per Zimmer, benekter den siktede bulgareren noen kunnskap til ulovligheter i det halve \u00e5ret han hadde en rolle der. NRK har ikke klart \u00e5 f\u00e5 kontakt med den siktede russeren Andrey Mochalin.\n<\/p>\n<p>    Tips oss!<\/p>\n<p>Hei!<\/p>\n<p>NRK har i denne saken samarbeidet med unders\u00f8kende journalister i Dossier Center.<\/p>\n<p>Tidligere har NRK sammen\u00a0med Danwatch avsl\u00f8rt\u00a0hvordan <a href=\"https:\/\/www.nrk.no\/vestland\/xl\/falske-dokument-fra-norsk-selskap-brukt-til-a-lure-nato-land-i-skyggeflate-kontroller-1.17354948\" rel=\"nofollow noopener\" target=\"_blank\">falske dokument ble brukt til \u00e5 lure Nato-land i skyggefl\u00e5te-kontroller<\/a>.\u00a0<\/p>\n<p>I samarbeid med Follow The Money og gravejournalister i 11\u00a0andre redaksjoner\u00a0har NRK i <a href=\"https:\/\/www.ftm.eu\/files\/the-shadow-fleet-secrets\" rel=\"nofollow noopener\" target=\"_blank\">The Shadow Fleet Secrets<\/a>\u00a0kartlagt hvor mye av Putins skyggefl\u00e5te som stammer fra Europa og\u00a0<a href=\"https:\/\/www.nrk.no\/vestland\/xl\/falske-dokument-fra-norsk-selskap-brukt-til-a-lure-nato-land-i-skyggeflate-kontroller-1.17354948\" rel=\"nofollow noopener\" target=\"_blank\">fra norske hender<\/a>.<\/p>\n<p>Har du tips i\u00a0Ro Marine-saken\u00a0eller om\u00a0skyggefl\u00e5ten? Eller har du\u00a0opplysninger om andre saker vi b\u00f8r se n\u00e6rmere p\u00e5?<\/p>\n<p>Send oss en e-post eller kontakt oss kryptert via Signal eller WhatsApp p\u00e5\u00a0+47 920 26 425.<\/p>\n<p>Reportasjeleder: Jenny Duesund.\u00a0<\/p>\n<p>Redakt\u00f8r unders\u00f8kende vest: Anniken Hjertholm.\u00a0<\/p>\n<p>Publisert<\/p>\n<p>10.01.2026, kl. 15.35<\/p>\n","protected":false},"excerpt":{"rendered":"Et v\u00e5pensikte finner m\u00e5let sitt. S\u00e5 kommer eksplosjonen. Det ukrainske forsvaret har delt en video p\u00e5 Instagram som&hellip;\n","protected":false},"author":2,"featured_media":133911,"comment_status":"","ping_status":"","sticky":false,"template":"","format":"standard","meta":{"footnotes":""},"categories":[12],"tags":[20,21,24,25,15,22,23,13,30,28,29,14,16,26,27,42,43,44,45],"class_list":{"0":"post-133910","1":"post","2":"type-post","3":"status-publish","4":"format-standard","5":"has-post-thumbnail","7":"category-verden","8":"tag-breaking-news","9":"tag-breakingnews","10":"tag-featured-news","11":"tag-featurednews","12":"tag-headlines","13":"tag-latest-news","14":"tag-latestnews","15":"tag-news","16":"tag-no","17":"tag-norge","18":"tag-norway","19":"tag-nyheter","20":"tag-overskrifter","21":"tag-top-stories","22":"tag-topstories","23":"tag-verden","24":"tag-world","25":"tag-world-news","26":"tag-worldnews"},"share_on_mastodon":{"url":"https:\/\/pubeurope.com\/@no\/115871396883037724","error":""},"_links":{"self":[{"href":"https:\/\/www.europesays.com\/no\/wp-json\/wp\/v2\/posts\/133910","targetHints":{"allow":["GET"]}}],"collection":[{"href":"https:\/\/www.europesays.com\/no\/wp-json\/wp\/v2\/posts"}],"about":[{"href":"https:\/\/www.europesays.com\/no\/wp-json\/wp\/v2\/types\/post"}],"author":[{"embeddable":true,"href":"https:\/\/www.europesays.com\/no\/wp-json\/wp\/v2\/users\/2"}],"replies":[{"embeddable":true,"href":"https:\/\/www.europesays.com\/no\/wp-json\/wp\/v2\/comments?post=133910"}],"version-history":[{"count":0,"href":"https:\/\/www.europesays.com\/no\/wp-json\/wp\/v2\/posts\/133910\/revisions"}],"wp:featuredmedia":[{"embeddable":true,"href":"https:\/\/www.europesays.com\/no\/wp-json\/wp\/v2\/media\/133911"}],"wp:attachment":[{"href":"https:\/\/www.europesays.com\/no\/wp-json\/wp\/v2\/media?parent=133910"}],"wp:term":[{"taxonomy":"category","embeddable":true,"href":"https:\/\/www.europesays.com\/no\/wp-json\/wp\/v2\/categories?post=133910"},{"taxonomy":"post_tag","embeddable":true,"href":"https:\/\/www.europesays.com\/no\/wp-json\/wp\/v2\/tags?post=133910"}],"curies":[{"name":"wp","href":"https:\/\/api.w.org\/{rel}","templated":true}]}}