{"id":133912,"date":"2026-01-10T15:05:15","date_gmt":"2026-01-10T15:05:15","guid":{"rendered":"https:\/\/www.europesays.com\/no\/133912\/"},"modified":"2026-01-10T15:05:15","modified_gmt":"2026-01-10T15:05:15","slug":"drepte-helsetopp-risikerer-dodsstraff","status":"publish","type":"post","link":"https:\/\/www.europesays.com\/no\/133912\/","title":{"rendered":"Drepte helsetopp \u2013 risikerer d\u00f8dsstraff"},"content":{"rendered":"<p class=\"kicker text-red color_mobile_text-red\" style=\"\">USA:<\/p>\n<p>    Saken mot Luigi Mangione, som er tiltalt for \u00e5 ha drept sjefen for helseforsikringsselskapet UnitedHealthcare i USA, \u00e5pner trolig mot slutten av \u00e5ret.<\/p>\n<p>\n    27 \u00e5r gamle Luigi Mangione risikerer d\u00f8dsstraff dersom han blir funnet skyldig i \u00e5 ha drept sjefen for helseforsikringsselskapet UnitedHealthcare, Brian Thompson, utenfor et hotell p\u00e5 Manhattan i desember 2024. Foto: AP \/ NTB\n  <\/p>\n<p>UnitedHealthcare-sjefen Brian Thompson ble skutt og drept utenfor et hotell p\u00e5 Manhattan i New York 4. desember 2024.<\/p>\n<p>Overv\u00e5kingskameraer viser en maskert mann med v\u00e5pen som skyter ham bakfra, og fem dager senere ble 27 \u00e5r gamle Luigi Mangione p\u00e5grepet p\u00e5 et gatekj\u00f8kken i Pennsylvania og siktet for drapet.<\/p>\n<p>USAs f\u00f8derale p\u00e5talemyndighet har nedlagt p\u00e5stand om d\u00f8dsstraff.<\/p>\n<p>Under et rettsm\u00f8te fredag ble det besluttet at juryutvelgelsen i den f\u00f8derale saken mot Mangione begynner i september. Selve rettssaken \u00e5pner trolig i desember eller i januar 2027, opplyser dommer Margaret Garnett.<\/p>\n<p>Mangione er ogs\u00e5 tiltalt p\u00e5 delstatsniv\u00e5 og m\u00e5 dermed gjennom to rettssaker. P\u00e5 delstatsniv\u00e5 risikerer han livsvarig fengsel, men ikke d\u00f8dsstraff dersom han blir funnet skyldig i drapet p\u00e5 Thompson.<\/p>\n<p>Mangione har erkl\u00e6rt seg ikke skyldig i anklagene.<\/p>\n","protected":false},"excerpt":{"rendered":"USA: Saken mot Luigi Mangione, som er tiltalt for \u00e5 ha drept sjefen for helseforsikringsselskapet UnitedHealthcare i USA,&hellip;\n","protected":false},"author":2,"featured_media":133913,"comment_status":"","ping_status":"","sticky":false,"template":"","format":"standard","meta":{"footnotes":""},"categories":[12],"tags":[20,21,24,25,15,22,23,13,30,28,29,14,16,26,27,42,43,44,45],"class_list":{"0":"post-133912","1":"post","2":"type-post","3":"status-publish","4":"format-standard","5":"has-post-thumbnail","7":"category-verden","8":"tag-breaking-news","9":"tag-breakingnews","10":"tag-featured-news","11":"tag-featurednews","12":"tag-headlines","13":"tag-latest-news","14":"tag-latestnews","15":"tag-news","16":"tag-no","17":"tag-norge","18":"tag-norway","19":"tag-nyheter","20":"tag-overskrifter","21":"tag-top-stories","22":"tag-topstories","23":"tag-verden","24":"tag-world","25":"tag-world-news","26":"tag-worldnews"},"share_on_mastodon":{"url":"https:\/\/pubeurope.com\/@no\/115871424324860623","error":""},"_links":{"self":[{"href":"https:\/\/www.europesays.com\/no\/wp-json\/wp\/v2\/posts\/133912","targetHints":{"allow":["GET"]}}],"collection":[{"href":"https:\/\/www.europesays.com\/no\/wp-json\/wp\/v2\/posts"}],"about":[{"href":"https:\/\/www.europesays.com\/no\/wp-json\/wp\/v2\/types\/post"}],"author":[{"embeddable":true,"href":"https:\/\/www.europesays.com\/no\/wp-json\/wp\/v2\/users\/2"}],"replies":[{"embeddable":true,"href":"https:\/\/www.europesays.com\/no\/wp-json\/wp\/v2\/comments?post=133912"}],"version-history":[{"count":0,"href":"https:\/\/www.europesays.com\/no\/wp-json\/wp\/v2\/posts\/133912\/revisions"}],"wp:featuredmedia":[{"embeddable":true,"href":"https:\/\/www.europesays.com\/no\/wp-json\/wp\/v2\/media\/133913"}],"wp:attachment":[{"href":"https:\/\/www.europesays.com\/no\/wp-json\/wp\/v2\/media?parent=133912"}],"wp:term":[{"taxonomy":"category","embeddable":true,"href":"https:\/\/www.europesays.com\/no\/wp-json\/wp\/v2\/categories?post=133912"},{"taxonomy":"post_tag","embeddable":true,"href":"https:\/\/www.europesays.com\/no\/wp-json\/wp\/v2\/tags?post=133912"}],"curies":[{"name":"wp","href":"https:\/\/api.w.org\/{rel}","templated":true}]}}