{"id":133918,"date":"2026-01-10T15:29:15","date_gmt":"2026-01-10T15:29:15","guid":{"rendered":"https:\/\/www.europesays.com\/no\/133918\/"},"modified":"2026-01-10T15:29:15","modified_gmt":"2026-01-10T15:29:15","slug":"hagen-med-suveren-verdenscupseier-i-otepaa-late-sprakk","status":"publish","type":"post","link":"https:\/\/www.europesays.com\/no\/133918\/","title":{"rendered":"Hagen med suveren verdenscupseier i Otep\u00e4\u00e4 \u2013 L\u00e5te sprakk"},"content":{"rendered":"\n<p class=\"_lead_o9xde_2 _lead_xtcu6_50 layout-component text-serif-m layout-normal text-serif-l layout-component layout-wide layout-padded _wide_17hqh_1 layout-padded\">Ida Marie Hagen tok raskt igjen lagvenninnen Ingrid L\u00e5te og gikk inn til soloseier i l\u00f8rdagens verdenscuprenn i kombinert i estiske Otep\u00e4\u00e4.<\/p>\n<p><img alt=\"Ida Marie Hagen var overlegen i Otep\u00e4\u00e4-l\u00f8ypa.  Foto: Matthias Schrader \/ AP \/ NTB\" class=\"_image_qp4xg_65 layout-component layout-wide\" data-fullscreen- data-track-element-type=\"Article image fullscreen\" data-track-name=\"ImageFullscreen\" fetchpriority=\"high\" decoding=\"sync\" loading=\"eager\" height=\"2864\" itemprop=\"image\"  src=\"https:\/\/www.europesays.com\/no\/wp-content\/uploads\/2026\/01\/d8a63ba4-ff0d-4b04-89b6-421366081c73.png\"  style=\"object-position:0% 0%\" width=\"4296\"\/>Ida Marie Hagen var overlegen i Otep\u00e4\u00e4-l\u00f8ypa.  Foto: Matthias Schrader \/ AP \/ NTB<\/p>\n<ul aria-hidden=\"true\" class=\"_images_ntbth_112\">\n<li><a class=\"_link_ntbth_117\" href=\"https:\/\/www.vg.no\/forfatter\/ntb\" style=\"z-index:1\" title=\"NTB\" rel=\"nofollow noopener\" target=\"_blank\"><img alt=\"Bilde av NTB\" class=\"_image_ntbth_93\" fetchpriority=\"low\" loading=\"lazy\" decoding=\"async\" itemprop=\"image\"  src=\"https:\/\/www.europesays.com\/no\/wp-content\/uploads\/2026\/01\/1768058955_486_c33980b0-5d07-4027-84a1-813f90a7c8d6.png\"  width=\"480\"\/><\/a><\/li>\n<\/ul>\n<p> Oppdatert l\u00f8rdag 10. januar kl. 14:04     <\/p>\n<p class=\"_paragraph_o9xde_4 _paragraph_xtcu6_10 layout-component text-serif-m layout-normal text-serif-m layout-padded\">Hagen startet langrennsdelen som nummer to, men hadde ett minutt og tolv sekunder \u00e5 ta inn p\u00e5 L\u00e5te. Forspranget var spist inn etter vel to av seks kilometer, og derfra ble det parademarsj for Hagen inn til m\u00e5l.<\/p>\n<p class=\"_paragraph_o9xde_4 _paragraph_xtcu6_10 layout-component text-serif-m layout-normal text-serif-m layout-padded\">Hoppingen i Otep\u00e4\u00e4 bl\u00e5ste bort l\u00f8rdag, og dermed var det torsdagens provisoriske omgang som ble lagt til grunn for langrennet.<\/p>\n<p class=\"_paragraph_o9xde_4 _paragraph_xtcu6_10 layout-component text-serif-m layout-normal text-serif-m layout-padded\">\u2013 Jeg hadde et veldig godt hopp der, s\u00e5 jeg fikk en bra start i dag. Jeg f\u00f8lte meg virkelig sterk og hadde s\u00e5 bra ski, s\u00e5 det var en fantastisk dag, sa Hagen i seiersintervjuet med arrang\u00f8ren.<\/p>\n<p class=\"_paragraph_o9xde_4 _paragraph_xtcu6_10 layout-component text-serif-m layout-normal text-serif-m layout-padded\">Mens Hagen parkerte L\u00e5te enkelt, klarte den norske 18-\u00e5ringen \u00e5 holde bedre unna for de \u00f8vrige konkurrentene. Hun ble imidlertid tatt igjen av en forf\u00f8lgergruppe kort vei fra m\u00e5l, og L\u00e5te endte p\u00e5 5.-plass.<\/p>\n<p class=\"_paragraph_o9xde_4 _paragraph_xtcu6_10 layout-component text-serif-m layout-normal text-serif-m layout-padded\">Yuna Kasai ble toer, mens finske Minja Korhonen tok 3.-plass og Alexa Brabec 4.-plass.<\/p>\n<p class=\"_paragraph_o9xde_4 _paragraph_xtcu6_10 layout-component text-serif-m layout-normal text-serif-m layout-padded\">\u2013 Ingrid kjempet p\u00e5 hele veien, og jeg tror norsk kombinertsport har en lys framtid, kommenterte Hagen.<\/p>\n<p class=\"_paragraph_o9xde_4 _paragraph_xtcu6_10 layout-component text-serif-m layout-normal text-serif-m layout-padded\">Seieren gj\u00f8r at Hagen styrker sin sammenlagtledelse i verdenscupen. Hun har vunnet fem av seks renn s\u00e5 langt i sesongen. Brabec er n\u00e6rmest henne i totalen, og det skiller 120 poeng mellom dem.<\/p>\n<p class=\"_paragraph_o9xde_4 _paragraph_xtcu6_10 layout-component text-serif-m layout-normal text-serif-m layout-padded\">\u00d8vrige norske plasseringer l\u00f8rdag: 9) Marte Leinan Lund, 17) Mille Marie Hagen, 28) Hanna Midtsundstad.<\/p>\n","protected":false},"excerpt":{"rendered":"Ida Marie Hagen tok raskt igjen lagvenninnen Ingrid L\u00e5te og gikk inn til soloseier i l\u00f8rdagens verdenscuprenn i&hellip;\n","protected":false},"author":2,"featured_media":133919,"comment_status":"","ping_status":"","sticky":false,"template":"","format":"standard","meta":{"footnotes":""},"categories":[59],"tags":[30,28,29,83,82],"class_list":{"0":"post-133918","1":"post","2":"type-post","3":"status-publish","4":"format-standard","5":"has-post-thumbnail","7":"category-sport","8":"tag-no","9":"tag-norge","10":"tag-norway","11":"tag-sport","12":"tag-sports"},"share_on_mastodon":{"url":"https:\/\/pubeurope.com\/@no\/115871518920310894","error":""},"_links":{"self":[{"href":"https:\/\/www.europesays.com\/no\/wp-json\/wp\/v2\/posts\/133918","targetHints":{"allow":["GET"]}}],"collection":[{"href":"https:\/\/www.europesays.com\/no\/wp-json\/wp\/v2\/posts"}],"about":[{"href":"https:\/\/www.europesays.com\/no\/wp-json\/wp\/v2\/types\/post"}],"author":[{"embeddable":true,"href":"https:\/\/www.europesays.com\/no\/wp-json\/wp\/v2\/users\/2"}],"replies":[{"embeddable":true,"href":"https:\/\/www.europesays.com\/no\/wp-json\/wp\/v2\/comments?post=133918"}],"version-history":[{"count":0,"href":"https:\/\/www.europesays.com\/no\/wp-json\/wp\/v2\/posts\/133918\/revisions"}],"wp:featuredmedia":[{"embeddable":true,"href":"https:\/\/www.europesays.com\/no\/wp-json\/wp\/v2\/media\/133919"}],"wp:attachment":[{"href":"https:\/\/www.europesays.com\/no\/wp-json\/wp\/v2\/media?parent=133918"}],"wp:term":[{"taxonomy":"category","embeddable":true,"href":"https:\/\/www.europesays.com\/no\/wp-json\/wp\/v2\/categories?post=133918"},{"taxonomy":"post_tag","embeddable":true,"href":"https:\/\/www.europesays.com\/no\/wp-json\/wp\/v2\/tags?post=133918"}],"curies":[{"name":"wp","href":"https:\/\/api.w.org\/{rel}","templated":true}]}}