{"id":133920,"date":"2026-01-10T15:30:09","date_gmt":"2026-01-10T15:30:09","guid":{"rendered":"https:\/\/www.europesays.com\/no\/133920\/"},"modified":"2026-01-10T15:30:09","modified_gmt":"2026-01-10T15:30:09","slug":"kultur-underholdning-endometriose-kathrine-36-fra-fredrikstad-lager-sykemeldt-the-musical","status":"publish","type":"post","link":"https:\/\/www.europesays.com\/no\/133920\/","title":{"rendered":"Kultur &#038; underholdning, Endometriose | Kathrine (36) fra Fredrikstad lager \u00abSykemeldt \u2013 the Musical\u00bb"},"content":{"rendered":"\n<p>\u2013 Det er jo masse jeg kunne sagt om Nav, men det er g\u00f8yere om jeg synger det!<\/p>\n<p>Kathrine Grooss Tendal mener at \u00e5 v\u00e6re syk, sykmeldt og Nav-er nesten er en heltidsjobb i seg selv. Og hvis du i tillegg har en typisk kvinnesykdom, blir det enda vanskeligere.<\/p>\n<p>\u2013 Det er faktisk ganske mye arbeid \u00e5 v\u00e6re sykmeldt. For meg var det fullt opp med legetimer, skjemaer som var feilsendt, f\u00f8lge opp fysio og \u00f8velser jeg m\u00e5tte gj\u00f8re.<\/p>\n<p>   <img decoding=\"async\" width=\"1890\" height=\"1825\" fetchpriority=\"low\"  loading=\"lazy\"  src=\"https:\/\/www.europesays.com\/no\/wp-content\/uploads\/2026\/01\/19-scaled.png\" alt=\"\" class=\"brick-c-cFOWSL\" style=\"--brick-image-ratio: 1890 \/ 1825;\"\/><\/p>\n<p>      Kathrine Groos Tendal er musikkutdannet.<br \/>\n      Foto: Privat\n    <\/p>\n<p>36 \u00e5r gamle Kathrine Grooss Tendal opplevde det som mentalt stressende \u00e5 logge inn p\u00e5 Nav for \u00e5 lese og sende beskjeder og f\u00e5 oversikt over sykemeldinger, dialogm\u00f8ter og oppf\u00f8lgingsplaner.<\/p>\n<p>\u2013 Jeg har v\u00e6rt veldig redd for \u00e5 gj\u00f8re feil i systemet. For eksempel s\u00e5 tok det tid f\u00f8r jeg forsto all ordlyden de bruker i skjemaene. Det var overraskende at det skulle v\u00e6re s\u00e5 vanskelig, syntes jeg.<\/p>\n<p>Sang for \u00e5 gj\u00f8re innlogging lettere<\/p>\n<p>Fredriksstad Blad t\u00f8r vedde p\u00e5 at ingen tidligere har logget inn p\u00e5 nav.no og tenkt: \u00abHey, dette er faktisk en musikal\u00bb.<\/p>\n<p>Men n\u00e5 skal du h\u00f8re:<\/p>\n<p>\u2013 Det begynte vel egentlig med at jeg begynte \u00e5 synge p\u00e5 \u00abBeauty and the Beast\u00bb-melodien da jeg logget inn. Da var det mindre stressende, s\u00e5 jeg fortsatte \u00e5 synge hver gang jeg skulle logge inn.<\/p>\n<p>Hun s\u00e5 humoren i at hun m\u00e5tte synge for \u00e5 fylle ut offentlige skjemaer.<\/p>\n<p>\u2013 Jeg tenkte at her er det et eller annet som er veldig morsomt, som kan bli noe.<\/p>\n<p><b>P\u00e5 Instagram kaller hun seg \u00abMusikklekpedagogen\u00bb:<\/b><\/p>\n<p>Kathrine er oppvokst p\u00e5 Hassingen, men bor n\u00e5 i Oslo. Hun har alltid v\u00e6rt lidenskapelig opptatt av musikk, og gikk musikklinja p\u00e5 Gre\u00e5ker videreg\u00e5ende skole. Senere videreutdannet hun seg ogs\u00e5 i musikklek ved Barratt Due Musikkinstitutt.<\/p>\n<p>Hun forteller at kreativitet har v\u00e6rt en drivkraft i livet hennes. Det er ikke uten grunn at hun kaller seg \u00abtulleentusiast\u00bb p\u00e5 sine nettsider, <a rel=\"Follow nofollow noopener\" href=\"https:\/\/www.lekmedmusikk.no\/\" target=\"_blank\">Lek med musikk<\/a>.<\/p>\n<p>Snakket og sang for seg selv<\/p>\n<p>P\u00e5 grunn av  har hun v\u00e6rt sykmeldt i fire \u00e5r, men er n\u00e5 p\u00e5 vei tilbake til arbeidslivet.<\/p>\n<p>\u2013 Som sykmeldt mister man en slags \u00abhverdagsgang\u00bb. Man har ikke den faste rutinen med \u00e5 st\u00e5 opp for \u00e5 dra til et sted og man har ikke kollegaer. Jeg f\u00f8lte jeg meg veldig isolert. Veldig alene.<\/p>\n<p>S\u00e5 hun gikk mye rundt i leiligheten og snakket og sang for seg selv.<\/p>\n<p>   <img decoding=\"async\" width=\"3840\" height=\"2560\" fetchpriority=\"low\"  loading=\"lazy\"  src=\"https:\/\/www.europesays.com\/no\/wp-content\/uploads\/2026\/01\/Kathrine+Tendal%2C+FotoEva+Rosemarijn.JPG\" alt=\"\" class=\"brick-c-cFOWSL\" style=\"--brick-image-ratio: 3840 \/ 2560;\"\/><\/p>\n<p>      Kathrine Groos Tendal er musikkpedagog. Her er hun p\u00e5 en sangworkshop p\u00e5 Teater Leikhus sin \u00abendagsfestival\u00bb for ut\u00f8vende scenekunstnere<br \/>\n      Foto: Eva Rosemarijn\n    <\/p>\n<p>\u2013 Jeg h\u00f8rte en del p\u00e5 musikalmusikk, og etter hvert begynte jeg for moro skyld \u00e5 synge egne ting opp\u00e5 musikken. Jeg sang om ting jeg opplevde som sykmeldt. Jeg tok ogs\u00e5 opp lyden.<\/p>\n<p>Etter hvert tenkte hun at dette var g\u00f8y og hadde potensial til \u00e5 bli noe, uten at hun helt visste hva dette \u00abnoe\u00bb skulle bli. Hun satte seg ned med monologene sine for \u00e5 se om hun kunne lage dialoger ut av dem.<\/p>\n<p>\u2013 Og s\u00e5 fungerte det. Det var kjempeg\u00f8y. Og jeg ble litt s\u00e5nn, \u00abOk, n\u00e5 er det bare \u00e5 kj\u00f8re\u00bb.<\/p>\n<p>N\u00e5 er <a rel=\"Follow nofollow noopener\" href=\"https:\/\/www.lekmedmusikk.no\/sykemeldtmusical\/\" target=\"_blank\">\u00abSykemeldt the Musical!\u00bb<\/a> ferdig skrevet.<\/p>\n<p>            \u00abSykemeldt the Musical\u00bb<\/p>\n<p>Forestillingen spilles p\u00e5 Goldie Scene i Oslo 4. og 5. februar. <\/p>\n<p>\u00abSykemeldt the Musical\u00bb er en satirisk jukeboxmusikal om pasientreiser i en kropp som er syk, i et NAV-system som er uforst\u00e5elig, og et samfunn som ser p\u00e5 sykdom som latskap, og noe man kan motiveres ut av.<\/p>\n<p>Medvirkende:<\/p>\n<ul>\n<li>Kristine Gr\u00f8nn, ut\u00f8ver<\/li>\n<li>Ameline S\u00f8rgen, ut\u00f8ver<\/li>\n<li>Magnhild Konnestad, ut\u00f8ver<\/li>\n<li>Kathrine Grooss Tendal, ut\u00f8ver og dramatiker<\/li>\n<li>Julie Falkevik Tungev\u00e5g, musiker og sanger<\/li>\n<li>Martine Tufvesson Lundberg, sceneinstrukt\u00f8r <\/li>\n<li>Sandra Bringsjord Pape, sceneinstrukt\u00f8r <\/li>\n<li>Eva Rosemarijn, dramaturg<\/li>\n<\/ul>\n<p>  Nedprioritert kvinnehelse<\/p>\n<p>Musikalen tar oss med inn i et \u00abNav-univers\u00bb hvor tre sykemeldte karakterer m\u00f8tes, deler historier og synger ut b\u00e5de gleder og sorger.<\/p>\n<p>\u00abSykemeldt \u2013 the Musical!\u00bb handler ikke bare om Nav og sykemeldinger, men setter ogs\u00e5 fokus p\u00e5 kvinnehelse.<\/p>\n<p>Kathrine har levd med endometriose siden ungdoms\u00e5rene. Store deler av 20-\u00e5rene var preget av smerter og utmattelse, noe som tvang henne til \u00e5 legge om b\u00e5de studier og arbeidsliv. Hun var sykmeldt i fire \u00e5r, men er n\u00e5 p\u00e5 vei tilbake til arbeidslivet.<\/p>\n<p>Anerkjent forskning viser at kvinnehelse historisk har f\u00e5tt mindre finansiering og oppmerksomhet enn menns helse i medisinsk forskning.<\/p>\n<p>Har lav status<\/p>\n<p>Kvinnehelseutvalget (<a rel=\"Follow nofollow noopener\" href=\"https:\/\/www.regjeringen.no\/contentassets\/7e517da84ba045848eb57d4e3d89acc3\/no\/pdfs\/nou202320230005000dddpdfs.pdf\" target=\"_blank\">NOU 2023:5 \u00abDen store forskjellen\u00bb<\/a>) sl\u00e5r fast at kvinnehelse har lav status i helsevesenet. D\u00e5rlig samarbeid og manglende kunnskap gir kvinner d\u00e5rligere hjelp.<\/p>\n<p>\u2013 Hvis man har en sykdom som bare kvinner f\u00e5r, kommer man inn i en verden hvor det er mindre forskning, sier Kathrine Grooss Tendal.<\/p>\n<p>If\u00f8lge rapporten rammes trolig mellom 6 og 10 prosent av den kvinnelige befolkningen av endometriose.<\/p>\n<p>   <img decoding=\"async\" width=\"2316\" height=\"2090\" fetchpriority=\"low\"  loading=\"lazy\"  src=\"https:\/\/www.europesays.com\/no\/wp-content\/uploads\/2026\/01\/Kathrine+Tendal+.JPG\" alt=\"\" class=\"brick-c-cFOWSL\" style=\"--brick-image-ratio: 2316 \/ 2090;\"\/><\/p>\n<p>      Hun bruker musikk og sang til \u00e5 sette fokus p\u00e5 tunge og alvorlige ting.<br \/>\n      Foto: Privat\n    <\/p>\n<p>\u2013 Jeg har i hvert fall v\u00e6rt veeeeldig frustrert over behandlingen jeg har f\u00e5tt og den mangelfulle behandlingen som er for den sykdommen jeg har. Jeg har blitt m\u00f8tt med forklaringer som at \u00abkvinner menstruerer, og det er vanlig \u00e5 ha vondt n\u00e5r du har mensen\u00bb.<\/p>\n<p>Hun er i dag operert. Selv om hun fremdeles har smerter, er de h\u00e5ndterbare.<\/p>\n<p>Superinspirerende<\/p>\n<p>\u2013 Vi synes det er helt r\u00e5tt.<\/p>\n<p>Ane Undhjem L\u00f8vereide er kommunikasjonsansvarlig i <a href=\"https:\/\/endometriose.no\/\" rel=\"Follow nofollow noopener\" target=\"_blank\">Endometrioseforeningen<\/a>.<\/p>\n<p>Hun mener det er \u00absuperinspirerende\u00bb at Kathrine snur noe negativt til noe morsomt og positivt.<\/p>\n<p>Hun sier ogs\u00e5 at Kathrines opplevelser av \u00absystemet\u00bb er sv\u00e6rt vanlige.<\/p>\n<p>\u2013 Kvinnelidelser m\u00f8ter dessverre en del fordommer. Det blir spennende \u00e5 se om hun har med noe av dette i musikalen.<\/p>\n","protected":false},"excerpt":{"rendered":"\u2013 Det er jo masse jeg kunne sagt om Nav, men det er g\u00f8yere om jeg synger det!&hellip;\n","protected":false},"author":2,"featured_media":133921,"comment_status":"","ping_status":"","sticky":false,"template":"","format":"standard","meta":{"footnotes":""},"categories":[58],"tags":[36,2883,71,282,1181,221,30,28,29,1510,15429,15430,72],"class_list":{"0":"post-133920","1":"post","2":"type-post","3":"status-publish","4":"format-standard","5":"has-post-thumbnail","7":"category-underholdning","8":"tag-art","9":"tag-endometriose","10":"tag-entertainment","11":"tag-kultur-underholdning","12":"tag-musikal","13":"tag-musikk","14":"tag-no","15":"tag-norge","16":"tag-norway","17":"tag-story","18":"tag-sykmeldt","19":"tag-trara","20":"tag-underholdning"},"share_on_mastodon":{"url":"https:\/\/pubeurope.com\/@no\/115871522730653844","error":""},"_links":{"self":[{"href":"https:\/\/www.europesays.com\/no\/wp-json\/wp\/v2\/posts\/133920","targetHints":{"allow":["GET"]}}],"collection":[{"href":"https:\/\/www.europesays.com\/no\/wp-json\/wp\/v2\/posts"}],"about":[{"href":"https:\/\/www.europesays.com\/no\/wp-json\/wp\/v2\/types\/post"}],"author":[{"embeddable":true,"href":"https:\/\/www.europesays.com\/no\/wp-json\/wp\/v2\/users\/2"}],"replies":[{"embeddable":true,"href":"https:\/\/www.europesays.com\/no\/wp-json\/wp\/v2\/comments?post=133920"}],"version-history":[{"count":0,"href":"https:\/\/www.europesays.com\/no\/wp-json\/wp\/v2\/posts\/133920\/revisions"}],"wp:featuredmedia":[{"embeddable":true,"href":"https:\/\/www.europesays.com\/no\/wp-json\/wp\/v2\/media\/133921"}],"wp:attachment":[{"href":"https:\/\/www.europesays.com\/no\/wp-json\/wp\/v2\/media?parent=133920"}],"wp:term":[{"taxonomy":"category","embeddable":true,"href":"https:\/\/www.europesays.com\/no\/wp-json\/wp\/v2\/categories?post=133920"},{"taxonomy":"post_tag","embeddable":true,"href":"https:\/\/www.europesays.com\/no\/wp-json\/wp\/v2\/tags?post=133920"}],"curies":[{"name":"wp","href":"https:\/\/api.w.org\/{rel}","templated":true}]}}