{"id":133922,"date":"2026-01-10T15:36:13","date_gmt":"2026-01-10T15:36:13","guid":{"rendered":"https:\/\/www.europesays.com\/no\/133922\/"},"modified":"2026-01-10T15:36:13","modified_gmt":"2026-01-10T15:36:13","slug":"kirkeeide-stilnet-tyskerne-svensk-fiasko-i-oberhof","status":"publish","type":"post","link":"https:\/\/www.europesays.com\/no\/133922\/","title":{"rendered":"Kirkeeide stilnet tyskerne &#8211; svensk fiasko i Oberhof"},"content":{"rendered":"<p class=\"bold m-bold italic m-italic\" data-lab-font_weight=\"bold\" data-lab-italic=\"italic\">Saken oppdateres!<\/p>\n<p>Det var lite \u00e5 gj\u00f8re med de franske jentene under kvinnenes stafett, men Maren Kirkeeide s\u00f8rget for en knallsterk norsk andreplass og en solid opptur i de tyske l\u00f8ypene.<\/p>\n<p>P\u00e5 siste st\u00e5ende kom Kirkeeide inn p\u00e5 standplass sammen med hjemmeh\u00e5pet Franziska Preuss.<\/p>\n<p>Der l\u00f8snet stryningen det f\u00f8rste skuddet og med fullt hus ble det tyst blant det tyske publikummet.\u00a0<\/p>\n<p>\u2013 Jeg pr\u00f8vde henge med inn, og hadde da god tro p\u00e5 at jeg hadde muligheten, sier Kirkeeide til TV 2.<\/p>\n<p>\u2013 Hva er du laget av, utbr\u00f8t kommentator Marius Skjelb\u00e6k da Kirkeeide kj\u00f8rte ut fra standplass.<\/p>\n<p>        <img class=\"image__img lazyload\" itemprop=\"image\" title=\"Foto: TOBIAS SCHWARZ \/ AFP \/ NTB\" alt=\"SM\u00d8RBLIDE: Gleden var stor blant de norske jentene etter stafetten. Foto: TOBIAS SCHWARZ \/ AFP \/ NTB\" width=\"675\" height=\"379\" bad-src=\"https:\/\/www.europesays.com\/no\/wp-content\/uploads\/2026\/01\/18451151.webp.jpeg\" fetchpriority=\"auto\" \/><\/p>\n<p>      SM\u00d8RBLIDE: Gleden var stor blant de norske jentene etter stafetten.<br \/>\n         Foto: TOBIAS SCHWARZ \/ AFP \/ NTB<\/p>\n<p>Preuss m\u00e5tte bruke to ekstraskudd og dermed var hjemmeh\u00e5pet ute av kampen om plassen bak suverene Frankrike.\u00a0<\/p>\n<p>\u2013 Vi hadde st\u00e5ltro p\u00e5 Maren, og det hadde vi all grunn til. Jeg vet ikke hva man skal si,\u00a0sier lagvenninne Ingrid Landmark Tandrevold f\u00f8r hun fortsetter:<\/p>\n<p class=\"bold m-bold\" data-lab-font_weight=\"bold\">\u2013 Maren er bare helt klin kokos!<\/p>\n<p>Svensk marerittopplevelse<\/p>\n<p>Men for svenskene, som var blant favorittene f\u00f8r start, ble l\u00f8rdagens stafett en grusom opplevelse.<\/p>\n<p>P\u00e5 f\u00f8rste skyting skjedde noe man sjeldent ser p\u00e5 standplass.<\/p>\n<p>        <img class=\"image__img lazyload\" itemprop=\"image\" title=\"Foto: OLIVIER CHASSIGNOLE \/ AFP \/ NTB\" alt=\"FIASKO: Anna Magnusson fikk det t\u00f8ft allerede p\u00e5 f\u00f8rste skyting, Foto: OLIVIER CHASSIGNOLE \/ AFP \/ NTB\" width=\"978\" height=\"551\" bad-src=\"https:\/\/www.europesays.com\/no\/wp-content\/uploads\/2026\/01\/18451081.webp.jpeg\" fetchpriority=\"auto\" \/><\/p>\n<p>      FIASKO: Anna Magnusson fikk det t\u00f8ft allerede p\u00e5 f\u00f8rste skyting,<br \/>\n         Foto: OLIVIER CHASSIGNOLE \/ AFP \/ NTB<\/p>\n<p>Da svenskenes Anna Magnusson la seg ned p\u00e5 matta, r\u00f8k h\u00e5ndstopperen p\u00e5 gev\u00e6ret hennes.<\/p>\n<p>H\u00e5ndstopperen fungerer som et mekanisk stopp for st\u00f8tteh\u00e5nden, som skal gi bedre st\u00f8tte og presisjon under skytingen.<\/p>\n<p>Magnusson brukte flere sekunder med \u00e5 styre med gev\u00e6ret etter tabben, og m\u00e5tte etter hvert be om hjelp.<\/p>\n<p>\u2013 Det der er nesten h\u00e5pl\u00f8st. Katastrofe for Sverige, sa Ole Einar Bj\u00f8rndalen. <\/p>\n<p>Han fortsatte:<\/p>\n<p>\u2013 Det skal man sjekke f\u00f8r start eller p\u00e5 innskyting.<br \/>\nUrutinert, mente Bj\u00f8rndalen. <\/p>\n<p>Ekspertkollega Tiril Eckhoff var enig.<\/p>\n<p>Slett arbeid, konstaterte Eckhoff. <\/p>\n<p>Magnusson p\u00e5dro seg tre bom, men unngikk strafferunden ved \u00e5 treffe p\u00e5 sine tre ekstraskudd.\u00a0<\/p>\n<p>Likevel gikk svensken ut som nummer 16 \u2013 47 sekunder bak ledende\u00a0Lou Jeanmonnot.\u00a0<\/p>\n<p>Men selv etter en forferdelig start, leverte Sveriges ankerkvinne Elvira \u00d5berg en solid sisteetappe og kunne kj\u00f8re Sverige helt opp p\u00e5 femteplass.<\/p>\n<p>God norsk start \u2013 s\u00e5 kom bommene<\/p>\n<p>Marthe Kr\u00e5kstad Johansen startet ballet for Norge og leverte<br \/>\nvarene med prikkfri skyting p\u00e5 b\u00e5de liggende og st\u00e5ende.<\/p>\n<p>\u2013 Det<br \/>\nvar skikkelig deilig, sa Johansen etter veksling.<\/p>\n<p>Ingrid Landmark Tandrevold startet godt med fem treff p\u00e5<br \/>\nf\u00f8rste skyting, men m\u00e5tte bruke alle ekstraskuddene og fikk \u00e9n strafferunde p\u00e5 den andre. <\/p>\n<p>        <img class=\"image__img lazyload\" itemprop=\"image\" title=\"Foto: Hendrik Schmidt \/ AP \/ NTB\" alt=\"M\u00c5TTE I STRAFFERUNDEN: Ingrid Landmark Tandrevold klarte ikke utnytte alle tre ekstraskuddene p\u00e5 sin st\u00e5ende skyting. Foto: Hendrik Schmidt \/ AP \/ NTB\" width=\"675\" height=\"379\" bad-src=\"https:\/\/www.europesays.com\/no\/wp-content\/uploads\/2026\/01\/18451178.webp.jpeg\" fetchpriority=\"auto\" \/><\/p>\n<p>      M\u00c5TTE I STRAFFERUNDEN: Ingrid Landmark Tandrevold klarte ikke utnytte alle tre ekstraskuddene p\u00e5 sin st\u00e5ende skyting.<br \/>\n         Foto: Hendrik Schmidt \/ AP \/ NTB<\/p>\n<p>\u2013 Jeg holdt pusten litt lenge f\u00f8r f\u00f8rste skuddet p\u00e5 st\u00e5ende skyting, og da blir man veldig straffet p\u00e5 en stadion som denne, var dommen til Tandrevold etter sin etappe.<\/p>\n<p>Karoline Knotten kunne notere seg for fire bom, men med null strafferunder og solid fart i l\u00f8ypa kunne hun sende Kirkeeide ut som nummer tre \u2013 like bak Preuss.<\/p>\n<p>\u2013 Jeg pr\u00f8vde \u00e5 skyte bra og fort, og det klarte jeg i dag, sier Kirkeeide.<\/p>\n<p>I morgen venter 10 kilometer jaktstart for jentene. Den ser du fra klokken 14.30 p\u00e5 TV 2 Direkte og Play!<\/p>\n","protected":false},"excerpt":{"rendered":"Saken oppdateres! Det var lite \u00e5 gj\u00f8re med de franske jentene under kvinnenes stafett, men Maren Kirkeeide s\u00f8rget&hellip;\n","protected":false},"author":2,"featured_media":133923,"comment_status":"","ping_status":"","sticky":false,"template":"","format":"standard","meta":{"footnotes":""},"categories":[59],"tags":[30,28,29,83,82],"class_list":{"0":"post-133922","1":"post","2":"type-post","3":"status-publish","4":"format-standard","5":"has-post-thumbnail","7":"category-sport","8":"tag-no","9":"tag-norge","10":"tag-norway","11":"tag-sport","12":"tag-sports"},"share_on_mastodon":{"url":"https:\/\/pubeurope.com\/@no\/115871546215486587","error":""},"_links":{"self":[{"href":"https:\/\/www.europesays.com\/no\/wp-json\/wp\/v2\/posts\/133922","targetHints":{"allow":["GET"]}}],"collection":[{"href":"https:\/\/www.europesays.com\/no\/wp-json\/wp\/v2\/posts"}],"about":[{"href":"https:\/\/www.europesays.com\/no\/wp-json\/wp\/v2\/types\/post"}],"author":[{"embeddable":true,"href":"https:\/\/www.europesays.com\/no\/wp-json\/wp\/v2\/users\/2"}],"replies":[{"embeddable":true,"href":"https:\/\/www.europesays.com\/no\/wp-json\/wp\/v2\/comments?post=133922"}],"version-history":[{"count":0,"href":"https:\/\/www.europesays.com\/no\/wp-json\/wp\/v2\/posts\/133922\/revisions"}],"wp:featuredmedia":[{"embeddable":true,"href":"https:\/\/www.europesays.com\/no\/wp-json\/wp\/v2\/media\/133923"}],"wp:attachment":[{"href":"https:\/\/www.europesays.com\/no\/wp-json\/wp\/v2\/media?parent=133922"}],"wp:term":[{"taxonomy":"category","embeddable":true,"href":"https:\/\/www.europesays.com\/no\/wp-json\/wp\/v2\/categories?post=133922"},{"taxonomy":"post_tag","embeddable":true,"href":"https:\/\/www.europesays.com\/no\/wp-json\/wp\/v2\/tags?post=133922"}],"curies":[{"name":"wp","href":"https:\/\/api.w.org\/{rel}","templated":true}]}}