{"id":133928,"date":"2026-01-10T15:51:08","date_gmt":"2026-01-10T15:51:08","guid":{"rendered":"https:\/\/www.europesays.com\/no\/133928\/"},"modified":"2026-01-10T15:51:08","modified_gmt":"2026-01-10T15:51:08","slug":"enorm-respons-til-drommedagen-i-vikingskipet-fantastisk-hamar-arbeiderblad","status":"publish","type":"post","link":"https:\/\/www.europesays.com\/no\/133928\/","title":{"rendered":"Enorm respons til dr\u00f8mmedagen i Vikingskipet: \u2013 Fantastisk &#8211; Hamar Arbeiderblad"},"content":{"rendered":"<ol>\n<li><a href=\"https:\/\/news.google.com\/rss\/articles\/CBMilAFBVV95cUxPcGxobUpNMUlNUkRaODJ5eVVfZWVVZWI5WjhLRFJZeWQtRUJLN1lHSUV1YkVrZ2Rwb1pWNjVKQXpock9wOHY1aHRSRDhoSVh1WV9jemRsWmxQVnF4ZEVmQ0hkczh6VjhPcTMxajVEa3Z5bDJadnFxNUFPSHhwQzVEZl9feE5tT2VFMDRWeW9HTWd2aFZi?oc=5\" target=\"_blank\" rel=\"nofollow noopener\">Enorm respons til dr\u00f8mmedagen i Vikingskipet: \u2013 Fantastisk<\/a>&nbsp;&nbsp;Hamar Arbeiderblad<\/li>\n<li><a href=\"https:\/\/news.google.com\/rss\/articles\/CBMif0FVX3lxTE9QMkl1Yml0NHNsN083THRqcnVwTzc3UEJKU1JsZk5ZNU5DdjZxVERheXFDSWJITUhPTmNFYUlHSkVvSFhfbzVBbi03b0dMeW85cU9lNjdLT0o2WXhJdV9qdUg4V3c3d2VGUVRDcGlWQ25QSG9NWG5ucVBZeno4NjQ?oc=5\" target=\"_blank\" rel=\"nofollow noopener\">M\u00e5 endre Idrettsgallaen etter pengetr\u00f8bbel<\/a>&nbsp;&nbsp;VG<\/li>\n<li><a href=\"https:\/\/news.google.com\/rss\/articles\/CBMiiAFBVV95cUxPdk9oQy0ydW9mVG1lM2FST0owX1Bjd25HM0k4NFlqQVQ5RmxKWVFlVFRKZ2paWnZQNms0LWJOU2ZzWm5sMVVUNE9PQ1M4dVUyaUVMLVdIT0JnRFVhUS0zRDBzNG9ZQjRMcGxiRlJUMlktNFljX0ZYOGZqMkRSMEw5VDVVLWhnbXR2?oc=5\" target=\"_blank\" rel=\"nofollow noopener\">Fem fra \u00d8stfold kan vinne p\u00e5 Idrettsgallaen<\/a>&nbsp;&nbsp;NRK<\/li>\n<li><a href=\"https:\/\/news.google.com\/rss\/articles\/CBMinwFBVV95cUxOTUNDemFuLWl1emZnTDVXRVVTYzlBWDctRzVoS3NfT2dnS1liaTE4VElMeWlEUUFDVWM5V1lVU0l5Qml6VUN2Z29wX1Flcjl2eEVxVVN4el96UVpwcXpBN2NseWZ0dkxRZnJBa1hPaFZ1dkcxVnQ5TU9VVFBhMXdxbi1OcmIza0NTejctdzQ5dXB6ZWN5cFBhenk4MEpoNnc?oc=5\" target=\"_blank\" rel=\"nofollow noopener\">Mat og drikke, Hamar | Dette f\u00e5r idrettsstjernene servert under Idrettsgallaen<\/a>&nbsp;&nbsp;\u00d8stlendingen<\/li>\n<li><a href=\"https:\/\/news.google.com\/rss\/articles\/CBMiiAFBVV95cUxNUGpQYWdwVi1YTjBnTThGY0g1b05FUjZrWEpoRExWYTdJYXkxUGZuZENtbnpRd21UY2U0UjZBUmtDNmpaU0JXSmg1Sy1mczNYcDd5bUNJX3lfQTlTeHN4djJoNzVuZzJMUkx1Ym8tbXplUzRtU1FhbE14UjdaY1pHMlFOVy1kV2ZO?oc=5\" target=\"_blank\" rel=\"nofollow noopener\">Denne har f\u00e5tt billett til Idrettsgallaen<\/a>&nbsp;&nbsp;Totens Blad<\/li>\n<\/ol>\n","protected":false},"excerpt":{"rendered":"Enorm respons til dr\u00f8mmedagen i Vikingskipet: \u2013 Fantastisk&nbsp;&nbsp;Hamar Arbeiderblad M\u00e5 endre Idrettsgallaen etter pengetr\u00f8bbel&nbsp;&nbsp;VG Fem fra \u00d8stfold kan&hellip;\n","protected":false},"author":2,"featured_media":133929,"comment_status":"","ping_status":"","sticky":false,"template":"","format":"standard","meta":{"footnotes":""},"categories":[59],"tags":[30,28,29,83,82],"class_list":{"0":"post-133928","1":"post","2":"type-post","3":"status-publish","4":"format-standard","5":"has-post-thumbnail","7":"category-sport","8":"tag-no","9":"tag-norge","10":"tag-norway","11":"tag-sport","12":"tag-sports"},"share_on_mastodon":{"url":"https:\/\/pubeurope.com\/@no\/115871605294535099","error":""},"_links":{"self":[{"href":"https:\/\/www.europesays.com\/no\/wp-json\/wp\/v2\/posts\/133928","targetHints":{"allow":["GET"]}}],"collection":[{"href":"https:\/\/www.europesays.com\/no\/wp-json\/wp\/v2\/posts"}],"about":[{"href":"https:\/\/www.europesays.com\/no\/wp-json\/wp\/v2\/types\/post"}],"author":[{"embeddable":true,"href":"https:\/\/www.europesays.com\/no\/wp-json\/wp\/v2\/users\/2"}],"replies":[{"embeddable":true,"href":"https:\/\/www.europesays.com\/no\/wp-json\/wp\/v2\/comments?post=133928"}],"version-history":[{"count":0,"href":"https:\/\/www.europesays.com\/no\/wp-json\/wp\/v2\/posts\/133928\/revisions"}],"wp:featuredmedia":[{"embeddable":true,"href":"https:\/\/www.europesays.com\/no\/wp-json\/wp\/v2\/media\/133929"}],"wp:attachment":[{"href":"https:\/\/www.europesays.com\/no\/wp-json\/wp\/v2\/media?parent=133928"}],"wp:term":[{"taxonomy":"category","embeddable":true,"href":"https:\/\/www.europesays.com\/no\/wp-json\/wp\/v2\/categories?post=133928"},{"taxonomy":"post_tag","embeddable":true,"href":"https:\/\/www.europesays.com\/no\/wp-json\/wp\/v2\/tags?post=133928"}],"curies":[{"name":"wp","href":"https:\/\/api.w.org\/{rel}","templated":true}]}}