{"id":133934,"date":"2026-01-10T16:04:09","date_gmt":"2026-01-10T16:04:09","guid":{"rendered":"https:\/\/www.europesays.com\/no\/133934\/"},"modified":"2026-01-10T16:04:09","modified_gmt":"2026-01-10T16:04:09","slug":"ragne-wiklund-tok-em-gull-pa-1500-meter","status":"publish","type":"post","link":"https:\/\/www.europesays.com\/no\/133934\/","title":{"rendered":"Ragne Wiklund tok EM-gull p\u00e5 1500 meter"},"content":{"rendered":"\n<p class=\"_lead_o9xde_2 _lead_xtcu6_50 layout-component text-serif-m layout-normal text-serif-l layout-component layout-wide layout-padded _wide_17hqh_1 layout-padded\">L\u00f8rdag sikret Ragne Wiklund sitt andre EM-gull p\u00e5 to dager. <\/p>\n<p> <img class=\"_image_qp4xg_65 layout-component layout-wide\" data-fullscreen- data-track-element-type=\"Article image fullscreen\" data-track-name=\"ImageFullscreen\" fetchpriority=\"high\" decoding=\"sync\" loading=\"eager\" height=\"102\" itemprop=\"image\"  src=\"https:\/\/www.europesays.com\/no\/wp-content\/uploads\/2026\/01\/e0ed216e646ddffd5394f357d067a884.jpg\"  style=\"object-position:50% 50%;aspect-ratio:1.75;height:auto;object-fit:cover;width:100%\" width=\"102\"\/>  <\/p>\n<ul aria-hidden=\"true\" class=\"_images_ntbth_112\">\n<li><a class=\"_link_ntbth_117\" href=\"https:\/\/www.vg.no\/forfatter\/sindre-espe\" style=\"z-index:1\" title=\"Sindre Espe\" rel=\"nofollow noopener\" target=\"_blank\"><img alt=\"Bilde av Sindre Espe\" class=\"_image_ntbth_93\" fetchpriority=\"low\" loading=\"lazy\" decoding=\"async\" itemprop=\"image\"  src=\"https:\/\/www.europesays.com\/no\/wp-content\/uploads\/2026\/01\/1768061049_772_5d41d29b-af5f-421d-80e6-42e6d80fe76e.png\"  width=\"480\"\/><\/a><\/li>\n<\/ul>\n<p> Oppdatert l\u00f8rdag 10. januar kl. 17:00     <\/p>\n<p class=\"_paragraph_o9xde_4 _paragraph_xtcu6_10 layout-component text-serif-m layout-normal text-serif-m layout-padded\">25-\u00e5ringen gikk i m\u00e5l til ledelse p\u00e5 tiden 1:56.24 i det sjette paret mot tsjekkiske Nikola Zdrahalova. Zdr\u00e1halova ble regnet som Wiklunds sterkeste konkurrent p\u00e5 forh\u00e5nd. <\/p>\n<p class=\"_paragraph_o9xde_4 _paragraph_xtcu6_10 layout-component text-serif-m layout-normal text-serif-m layout-padded\">\u2013 Jeg sitter med f\u00f8lelsen av at dette kan v\u00e6re vinnerl\u00f8pet, kommenterte Viaplay-ekspert Ida Nj\u00e5tun. <\/p>\n<p class=\"_paragraph_o9xde_4 _paragraph_xtcu6_10 layout-component text-serif-m layout-normal text-serif-m layout-padded\">Det skulle hun f\u00e5 rett i. <\/p>\n<p class=\"_paragraph_o9xde_4 _paragraph_xtcu6_10 layout-component text-serif-m layout-normal text-serif-m layout-padded\">Hverken Francesca Lollobrigida (Italia) og Natalia Czerwonka (Polen) i det nest siste paret, eller Isabelle van Elst (Belgia) og Zofia Braun (Polen) i det siste paret klarte \u00e5 gj\u00f8re noe med tiden. <\/p>\n<p class=\"_paragraph_o9xde_4 _paragraph_xtcu6_10 layout-component text-serif-m layout-normal text-serif-m layout-padded\"><strong class=\"_strong_o9xde_25\">Wiklund sikret dermed et nytt EM-gull. <\/strong><\/p>\n<p class=\"_paragraph_o9xde_4 _paragraph_xtcu6_10 layout-component text-serif-m layout-normal text-serif-m layout-padded\">\u2013 Jeg tror ikke jeg var fullt restituert. Det kostet mer i starten, og jeg hadde noen f\u00e5 feilskj\u00e6r, forteller en sliten Wiklund til Viaplay. <\/p>\n<p class=\"_paragraph_o9xde_4 _paragraph_xtcu6_10 layout-component text-serif-m layout-normal text-serif-m layout-padded\">Fredag ble historisk da hun ble den f\u00f8rste norske <a href=\"https:\/\/www.vg.no\/sport\/i\/3p99LP\/ragne-wiklunds-foerste-em-gull-kjempestort\" data-track-element-type=\"Link\" data-track-id=\"link:3p99LP\" class=\"_link_o9xde_39\" rel=\"nofollow noopener\" target=\"_blank\">kvinnelige europamesteren<\/a> p\u00e5 sk\u00f8yter. <\/p>\n<p class=\"_paragraph_o9xde_4 _paragraph_xtcu6_10 layout-component text-serif-m layout-normal text-serif-m layout-padded\">Zdr\u00e1halova tok s\u00f8lvet, 29 hundredeler bak. Chlo\u00e9 Hoggendoorn tok bronsen, 1.40 sekund bak.<\/p>\n<p class=\"_paragraph_o9xde_4 _paragraph_xtcu6_10 layout-component text-serif-m layout-normal text-serif-m layout-padded\">Wiklund var 24 hundredeler bak banerekorden. Wiklunds personlige bestenotering er 1:51.96, satt i Salt Lake City i november. <\/p>\n<p class=\"_paragraph_o9xde_4 _paragraph_xtcu6_10 layout-component text-serif-m layout-normal text-serif-m layout-padded\">Nederlandske Joy Beune har v\u00e6rt overlegen med fem seire i verdenscupen p\u00e5 Wiklunds distanser 1500, 3000 og 5000 meter, men hverken Beune eller Marijke Groenewoud\u00a0stiller i EM.<\/p>\n<p class=\"_paragraph_o9xde_4 _paragraph_xtcu6_10 layout-component text-serif-m layout-normal text-serif-m layout-padded\">\u2013 De skulle g\u00e5tt fort de andre som ikke er her hvis de skulle sl\u00e5tt henne, mener landslagstrener Jonas Bekken i et intervju med Viaplay. <\/p>\n<p><img alt=\"Foto: Geir Olsen \/ NTB\" class=\"_image_qp4xg_65 layout-component layout-normal\" data-fullscreen- data-track-element-type=\"Article image fullscreen\" data-track-name=\"ImageFullscreen\" decoding=\"async\" loading=\"lazy\" height=\"2464\" itemprop=\"image\"  src=\"https:\/\/www.europesays.com\/no\/wp-content\/uploads\/2026\/01\/b87fe1f7-235b-4017-ae9c-f7e0a26e0d97.jpeg\"  style=\"object-position:0% 0%\" width=\"3696\"\/>Foto: Geir Olsen \/ NTB<\/p>\n<p class=\"_paragraph_o9xde_4 _paragraph_xtcu6_10 layout-component text-serif-m layout-normal text-serif-m layout-padded\">Aurora Grinden L\u00f8v\u00e5s tok en sterk sjetteplass p\u00e5 3000 meter fredag. P\u00e5 1500-meteren ble hun nummer \u00e5tte med tiden 2:00.75. <\/p>\n<p class=\"_paragraph_o9xde_4 _paragraph_xtcu6_10 layout-component text-serif-m layout-normal text-serif-m layout-padded\">Wiklund vant 5000 meter i verdenscupen i Heerenveen i begynnelsen av desember. 25-\u00e5ringen har startet OL-sesongen sterkt med seks pallplasseringer i verdenscupen \u2013 og er en klar medaljekandidat p\u00e5 flere distanser under OL i Milano om en m\u00e5ned.<\/p>\n<p class=\"_paragraph_o9xde_4 _paragraph_xtcu6_10 layout-component text-serif-m layout-normal text-serif-m layout-padded\">\u2013 N\u00e5 er det bare \u00e5 senke skuldrene, trene og toppe formen, forteller hun om veien frem til sesongens h\u00f8ydepunkt. <\/p>\n<p class=\"_paragraph_o9xde_4 _paragraph_xtcu6_10 layout-component text-serif-m layout-normal layout-padded\"><strong class=\"_strong_o9xde_25\">Les ogs\u00e5:<\/strong> <a href=\"https:\/\/www.vg.no\/i\/GyoXol\" data-track-element-type=\"Link\" data-track-id=\"link:GyoXol\" class=\"_link_o9xde_39\" rel=\"nofollow noopener\" target=\"_blank\">Sendeskjema for vintersport: Dette skjer uke for uke <\/a><\/p>\n","protected":false},"excerpt":{"rendered":"L\u00f8rdag sikret Ragne Wiklund sitt andre EM-gull p\u00e5 to dager. Oppdatert l\u00f8rdag 10. januar kl. 17:00 25-\u00e5ringen gikk&hellip;\n","protected":false},"author":2,"featured_media":133935,"comment_status":"","ping_status":"","sticky":false,"template":"","format":"standard","meta":{"footnotes":""},"categories":[5],"tags":[15431,20,21,24,25,15,19,22,23,17,18,13,30,28,29,14,16,5488,5487,26,27],"class_list":{"0":"post-133934","1":"post","2":"type-post","3":"status-publish","4":"format-standard","5":"has-post-thumbnail","7":"category-overskrifter","8":"tag-aurora-grinden-lovas","9":"tag-breaking-news","10":"tag-breakingnews","11":"tag-featured-news","12":"tag-featurednews","13":"tag-headlines","14":"tag-hovedoppslag","15":"tag-latest-news","16":"tag-latestnews","17":"tag-main-news","18":"tag-mainnews","19":"tag-news","20":"tag-no","21":"tag-norge","22":"tag-norway","23":"tag-nyheter","24":"tag-overskrifter","25":"tag-ragne-wiklund","26":"tag-skoyter","27":"tag-top-stories","28":"tag-topstories"},"share_on_mastodon":{"url":"https:\/\/pubeurope.com\/@no\/115871656423977975","error":""},"_links":{"self":[{"href":"https:\/\/www.europesays.com\/no\/wp-json\/wp\/v2\/posts\/133934","targetHints":{"allow":["GET"]}}],"collection":[{"href":"https:\/\/www.europesays.com\/no\/wp-json\/wp\/v2\/posts"}],"about":[{"href":"https:\/\/www.europesays.com\/no\/wp-json\/wp\/v2\/types\/post"}],"author":[{"embeddable":true,"href":"https:\/\/www.europesays.com\/no\/wp-json\/wp\/v2\/users\/2"}],"replies":[{"embeddable":true,"href":"https:\/\/www.europesays.com\/no\/wp-json\/wp\/v2\/comments?post=133934"}],"version-history":[{"count":0,"href":"https:\/\/www.europesays.com\/no\/wp-json\/wp\/v2\/posts\/133934\/revisions"}],"wp:featuredmedia":[{"embeddable":true,"href":"https:\/\/www.europesays.com\/no\/wp-json\/wp\/v2\/media\/133935"}],"wp:attachment":[{"href":"https:\/\/www.europesays.com\/no\/wp-json\/wp\/v2\/media?parent=133934"}],"wp:term":[{"taxonomy":"category","embeddable":true,"href":"https:\/\/www.europesays.com\/no\/wp-json\/wp\/v2\/categories?post=133934"},{"taxonomy":"post_tag","embeddable":true,"href":"https:\/\/www.europesays.com\/no\/wp-json\/wp\/v2\/tags?post=133934"}],"curies":[{"name":"wp","href":"https:\/\/api.w.org\/{rel}","templated":true}]}}