{"id":133938,"date":"2026-01-10T16:10:10","date_gmt":"2026-01-10T16:10:10","guid":{"rendered":"https:\/\/www.europesays.com\/no\/133938\/"},"modified":"2026-01-10T16:10:10","modified_gmt":"2026-01-10T16:10:10","slug":"fjaler-brann-bustad-brann-ned-berga-garasje-og-sauefjos","status":"publish","type":"post","link":"https:\/\/www.europesays.com\/no\/133938\/","title":{"rendered":"Fjaler, Brann | Bustad brann ned. Berga garasje og sauefj\u00f8s"},"content":{"rendered":"\n<p>Ein bustad er fullstendig overtent og brenn ned til grunnen i Guddal i Fjaler kommune.<\/p>\n<p>Ogs\u00e5 garasjen brenn. I 16-tida er det meld om kontroll p\u00e5 garasjebrannen. Det var tidleg klart at det er spreiingsfare til andre bygg p\u00e5 gardstunet.<\/p>\n<p>   <img decoding=\"async\" width=\"1857\" height=\"1275\" fetchpriority=\"low\"  loading=\"lazy\"  src=\"https:\/\/www.europesays.com\/no\/wp-content\/uploads\/2026\/01\/20260110_160450.jpg\" alt=\"\" class=\"brick-c-cFOWSL\" style=\"--brick-image-ratio: 1857 \/ 1275;\"\/><\/p>\n<p>      Slik s\u00e5g det ut i 16-tida.<br \/>\n      Foto: Ole Johannes \u00d8vretveit\n    <\/p>\n<p><b>\u2013 Vi sender ut mannskap fr\u00e5 Sande stasjon og fr\u00e5 Dale. Det er mykje ressursar p\u00e5 veg. Bustadhuset er overtent, og det har begynt \u00e5 spreie seg til andre n\u00e6rliggande bygg, fortel operasjonsleiar i 110 Vest, Stian Kvam, til Firda like etter at alarmen gjekk.<\/b><\/p>\n<p>Ti minutt seinare, kl. 15.38, er brannvesenet framme p\u00e5 staden. Det skal vere om lag ein halvtime etter at meldinga kom til alarmsentralen. Dei begynte straks arbeidet med \u00e5 hindre spreiing til andre bygg p\u00e5 garden.<\/p>\n<p>   <img decoding=\"async\" width=\"4000\" height=\"3000\" fetchpriority=\"low\"  loading=\"lazy\"  src=\"https:\/\/www.europesays.com\/no\/wp-content\/uploads\/2026\/01\/20260110_161854.jpg\" alt=\"\" class=\"brick-c-cFOWSL\" style=\"--brick-image-ratio: 4000 \/ 3000;\"\/><\/p>\n<p>      Foto: Ole Johannes \u00d8vretveit\n    <\/p>\n<p>Det er ein fj\u00f8s med sauer p\u00e5 gardstunet, men fj\u00f8sen er s\u00e5 langt ikkje r\u00e5ka av brannen.<\/p>\n<p>\u2013 Brannvesen p\u00e5 staden ser god effekt av sl\u00f8kkearbeidet, melder Kvam kl. 16.09.<\/p>\n<p>   <img decoding=\"async\" width=\"2441\" height=\"1572\" fetchpriority=\"low\"  loading=\"lazy\"  src=\"https:\/\/www.europesays.com\/no\/wp-content\/uploads\/2026\/01\/20260110_160930.jpg\" alt=\"\" class=\"brick-c-cFOWSL\" style=\"--brick-image-ratio: 2441 \/ 1572;\"\/><\/p>\n<p>      Her, kl. 16.10, hadde brannvesenet t\u00f8md ein tankbil med 14.000 liter vatn. Ein til er p\u00e5 veg, f\u00e5r Firda opplyst.<br \/>\n      Foto: Ole Johannes \u00d8vretveit\n    <\/p>\n<p><b>Operasjonsleiar i Vest politidistrikt, Frode Kolltveit, opplyser at dei har vore i kontakt med huseigar. Det skal ikkje vere personar i bustaden.<\/b><\/p>\n<p>\u2013 Fj\u00f8sen er f\u00f8rebels ikkje i fare for \u00e5 bli ramma av brannen. Sauane er framleis i bygningen, melder Kolltveit kl. 15.50.<\/p>\n<p>   <img decoding=\"async\" width=\"4000\" height=\"3000\" fetchpriority=\"low\"  loading=\"lazy\"  src=\"https:\/\/www.europesays.com\/no\/wp-content\/uploads\/2026\/01\/20260110_161419+%281%29.jpg\" alt=\"\" class=\"brick-c-cFOWSL\" style=\"--brick-image-ratio: 4000 \/ 3000;\"\/><\/p>\n<p>      Mannskap fr\u00e5 Sande brannstasjon og Fjaler brannvesen arbeider med sl\u00f8kkinga. Bustaden var overtent d\u00e5 dei kom fram, men dei fekk sl\u00f8kt brannen i garasjen.<br \/>\n      Foto: Ole Johannes \u00d8vretveit\n    <\/p>\n<p>Det g\u00e5r f\u00f8re seg sl\u00f8kking av brannen i garasjen, der mellom anna bubil og traktor er.<\/p>\n<p>\u2013 Det vesle som er igjen av bustaden brenn kontrollert ned.<\/p>\n<p>Det skal vere eit familiemedlem til huseigar p\u00e5 staden.<\/p>\n<p>Det er ukjend kva som er \u00e5rsaka til hendinga s\u00e5 langt, melder Kolltveit.<\/p>\n<p><b>Det var folk i omr\u00e5det som melde ifr\u00e5 om brannen.<\/b><\/p>\n<p>  <a href=\"https:\/\/www.firda.no\/5-15-1999050\" class=\"related-teaser has-image default-story-teaser article--c-eRUmMG article--c-eRUmMG-jKCPdD-design-default\" rel=\"nofollow noopener\" target=\"_blank\"><\/p>\n<p>    <img decoding=\"async\" loading=\"lazy\"  src=\"https:\/\/www.europesays.com\/no\/wp-content\/uploads\/2026\/01\/20260110_162315.jpg\" alt=\"\" class=\"brick-c-cFOWSL\" style=\"\"\/><\/p>\n<p>\n            Les ogs\u00e5<\/p>\n<p>              Var f\u00f8rst p\u00e5 staden: Lukkast med slagplanen\n        <\/p>\n<p>  <\/a><\/p>\n","protected":false},"excerpt":{"rendered":"Ein bustad er fullstendig overtent og brenn ned til grunnen i Guddal i Fjaler kommune. Ogs\u00e5 garasjen brenn.&hellip;\n","protected":false},"author":2,"featured_media":133939,"comment_status":"","ping_status":"","sticky":false,"template":"","format":"standard","meta":{"footnotes":""},"categories":[10],"tags":[36,367,20,21,24,25,9091,6743,15,22,23,13,30,28,29,14,16,1510,26,27],"class_list":{"0":"post-133938","1":"post","2":"type-post","3":"status-publish","4":"format-standard","5":"has-post-thumbnail","7":"category-norge","8":"tag-art","9":"tag-brann","10":"tag-breaking-news","11":"tag-breakingnews","12":"tag-featured-news","13":"tag-featurednews","14":"tag-fjaler","15":"tag-guddal","16":"tag-headlines","17":"tag-latest-news","18":"tag-latestnews","19":"tag-news","20":"tag-no","21":"tag-norge","22":"tag-norway","23":"tag-nyheter","24":"tag-overskrifter","25":"tag-story","26":"tag-top-stories","27":"tag-topstories"},"share_on_mastodon":{"url":"https:\/\/pubeurope.com\/@no\/115871680188451740","error":""},"_links":{"self":[{"href":"https:\/\/www.europesays.com\/no\/wp-json\/wp\/v2\/posts\/133938","targetHints":{"allow":["GET"]}}],"collection":[{"href":"https:\/\/www.europesays.com\/no\/wp-json\/wp\/v2\/posts"}],"about":[{"href":"https:\/\/www.europesays.com\/no\/wp-json\/wp\/v2\/types\/post"}],"author":[{"embeddable":true,"href":"https:\/\/www.europesays.com\/no\/wp-json\/wp\/v2\/users\/2"}],"replies":[{"embeddable":true,"href":"https:\/\/www.europesays.com\/no\/wp-json\/wp\/v2\/comments?post=133938"}],"version-history":[{"count":0,"href":"https:\/\/www.europesays.com\/no\/wp-json\/wp\/v2\/posts\/133938\/revisions"}],"wp:featuredmedia":[{"embeddable":true,"href":"https:\/\/www.europesays.com\/no\/wp-json\/wp\/v2\/media\/133939"}],"wp:attachment":[{"href":"https:\/\/www.europesays.com\/no\/wp-json\/wp\/v2\/media?parent=133938"}],"wp:term":[{"taxonomy":"category","embeddable":true,"href":"https:\/\/www.europesays.com\/no\/wp-json\/wp\/v2\/categories?post=133938"},{"taxonomy":"post_tag","embeddable":true,"href":"https:\/\/www.europesays.com\/no\/wp-json\/wp\/v2\/tags?post=133938"}],"curies":[{"name":"wp","href":"https:\/\/api.w.org\/{rel}","templated":true}]}}