{"id":133944,"date":"2026-01-10T16:16:09","date_gmt":"2026-01-10T16:16:09","guid":{"rendered":"https:\/\/www.europesays.com\/no\/133944\/"},"modified":"2026-01-10T16:16:09","modified_gmt":"2026-01-10T16:16:09","slug":"donald-trump-gronland-donald-trump-varsku-overtakelsen-av-gronland-er-i-gang","status":"publish","type":"post","link":"https:\/\/www.europesays.com\/no\/133944\/","title":{"rendered":"Donald Trump, Gr\u00f8nland | Donald Trump-varsku: \u2013 Overtakelsen av Gr\u00f8nland er i gang"},"content":{"rendered":"\n<p>Samtidig som Donald Trump jobber p\u00e5 spreng med \u00e5 pr\u00f8ve \u00e5 ta over Gr\u00f8nland, gj\u00f8r Danmark alt i sin makt for \u00e5 beholde \u00f8ynasjonen.<\/p>\n<p>Det synes lederen for det gr\u00f8nlandske selvstendighetspartiet Naleraq, Pel\u00e9 Broberg, lite om.<\/p>\n<p>\u2013 Av en eller annen grunn er Danmark i ferd med \u00e5 f\u00e5 NATO-alliansen til \u00e5 g\u00e5 i oppl\u00f8sning i panikk over \u00e5 ville beholde Gr\u00f8nland, selv om Gr\u00f8nland ikke vil v\u00e6re en del av Danmark, sier han til <a href=\"https:\/\/nyheder.tv2.dk\/live\/2025-01-06-kampen-om-groenlands-fremtid\" rel=\"Follow nofollow noopener\" target=\"_blank\">danske TV 2.<\/a><\/p>\n<p>Han mener at det kun er gr\u00f8nlenderne selv som kan f\u00e5 ned temperaturen i den anstrengte situasjonen.<\/p>\n<p>Broberg kommer derfor med en klar oppfordring til Gr\u00f8nlands utenriksminister, Vivian Motzfeldt, om \u00e5 ta et m\u00f8te alene med den amerikanske utenriksministeren, Marco Rubio, i neste uke.<\/p>\n<p>\u2013 Det er opp til gr\u00f8nlenderne hva det gr\u00f8nlandske folk vil. Det har ingenting med Danmark \u00e5 gj\u00f8re, mener han.<\/p>\n<p>Ut mot Trump: \u2013 Det er pinlig<\/p>\n<p>Den tidligere \u00f8verstkommanderende generalen for de amerikanske styrkene i Europa, Ben Hodges, kommer p\u00e5 sin side med et r\u00e5d til Danmark for hvordan de burde h\u00e5ndtere situasjonen.<\/p>\n<p>Han mener at danskene burde g\u00e5 sammen med en rekke Nato-land og sende soldater, fly og skip til Gr\u00f8nland s\u00e5 rask som mulig.<\/p>\n<p>\u2013 Det er pinlig for oss alle n\u00e5r presidenten eller visepresidenten i USA sier at dere ikke har v\u00e6rt gode allierte. Vi som var i Afghanistan, husker tapene som de danske enhetene led, sier han til <a href=\"https:\/\/www.berlingske.dk\/internationalt\/han-var-amerikanernes-topgeneral-i-europa-her-er-hans-raad-til-danmark\" rel=\"Follow nofollow noopener\" target=\"_blank\">Berlingske<\/a>.<\/p>\n<p>Hodges f\u00e5r st\u00f8tte av en gruppe med tidligere amerikanske toppdiplomater, som omtaler Danmark som \u00abden beste allierte\u00bb.<\/p>\n<p>    Vil du se neste video?<\/p>\n<p>    <a href=\"https:\/\/www.nettavisen.no\/nyheter\/ukrainsk-jagerfly-odelegger-for-vladimir-putin-i-pokrovsk\/v\/5-95-2807927\" class=\"recommend-poster\" data-adp-clicklabel=\"video-recommend\" data-adp-clickvalue=\"poster\" rel=\"nofollow noopener\" target=\"_blank\"><br \/>\n      <img decoding=\"async\" width=\"200\" height=\"200\" loading=\"lazy\" src=\"https:\/\/www.europesays.com\/no\/wp-content\/uploads\/2026\/01\/JAGERFLY+BREDDE.jpg\" alt=\"\" class=\"brick-c-cFOWSL\" style=\"--brick-image-ratio: 200 \/ 200;\"\/><\/p>\n<p>Nye bilder: Rammer Putin hardt0:41<\/p>\n<p>    <\/a><\/p>\n<p>Knallhard Trump-kritikk<\/p>\n<p>Det gj\u00f8r de i et \u00e5pent brev der de kritiserer Trumps retorikk vedr\u00f8rende Gr\u00f8nland og Danmark.<\/p>\n<p>\u2013 Den n\u00e5v\u00e6rende presidentens trusler om \u00e5 bruke milit\u00e6r makt eller andre former for tvang for \u00e5 ta Gr\u00f8nland fra v\u00e5r allierte Danmark, er strategisk t\u00e5pelig b\u00e5de p\u00e5 kort og lang sikt, heter det i brevet.<\/p>\n<p><b>Diplomatene har ogs\u00e5 lagt med en liste over hvordan Danmark skal ha st\u00f8ttet USA siden andre verdenskrig:<\/b><\/p>\n<p>            Slik skal Danmark ha st\u00f8ttet USA:<\/p>\n<ul>\n<li>\n<p><b>NATO-grunnlegger:<\/b> Danmark var en av de tolv opprinnelige underskriverne av NATO-traktaten i 1949 og brakte Gr\u00f8nland inn i alliansen.<\/p>\n<\/li>\n<li>\n<p><b>Koreakrigen:<\/b> Danmark ga legehjelp til s\u00e5rede amerikanske soldater som kjempet i Koreakrigen, og gjennomf\u00f8rte medisinske evakueringer fra slagmarken for kritisk s\u00e5rede.<\/p>\n<\/li>\n<li>\n<p><b>Etter den kalde krigen:<\/b> Danmark deltok i oppbyggingen av et NATO-partnerskap med landene i det tidligere Sovjetunionen, inkludert trening av sentralasiatiske milit\u00e6re styrker til bruk i fredsoperasjoner.<\/p>\n<\/li>\n<li>\n<p><b>Balkan:<\/b> Danmark bidro til Natos luftangrep mot Serbia etter Jugoslavias sammenbrudd og satte inn kampstyrker som en del av Natos fredsbevarende misjoner i Bosnia og senere Kosovo.<\/p>\n<\/li>\n<li>\n<p><b>11. september:<\/b> Danmark var en av de aller f\u00f8rste allierte til \u00e5 st\u00f8tte den f\u00f8rste \u2013 og eneste \u2013 aktiveringen av Artikkel 5-klausulen (\u00abet angrep p\u00e5 \u00e9n er et angrep p\u00e5 alle\u00bb) umiddelbart etter 11. september 2001.<\/p>\n<\/li>\n<li>\n<p><b>Afghanistan:<\/b> Danmark deltok i den amerikanskledede milit\u00e6roperasjonen i Afghanistan. De satte inn tropper i de vanskeligste regionene, som Helmand-provinsen, uten forbehold. Danmark p\u00e5dro seg betydelige tap, med flere d\u00f8dsfall blant troppene per innbygger enn noe annet land bortsett fra USA.<\/p>\n<\/li>\n<li>\n<p><b>Irak:<\/b> Danmark deltok i den amerikanskledede milit\u00e6roperasjonen i Irak og bidro med landstyrker og treningsekspertise uten begrensninger p\u00e5 bruken av sine styrker.<\/p>\n<\/li>\n<li>\n<p><b>Kampen mot terror:<\/b> Danmark deltok i innsatsen mot ISIS i Irak, Syria og andre steder.<\/p>\n<\/li>\n<li>\n<p><b>Libya:<\/b> Danmark deltok i Natos luftangrep i Libya.<\/p>\n<\/li>\n<li>\n<p><b>Antipirat-operasjoner:<\/b> Danmark deltok i alle Natos operasjoner mot piratvirksomhet utenfor kysten av Somalia og hadde kommandoen over fl\u00e5testyrker.<\/p>\n<\/li>\n<li>\n<p><b>Kjemiske v\u00e5pen i Syria:<\/b> Danmark deltok i fjerningen av alle erkl\u00e6rte kjemiske v\u00e5pen fra Syria og utf\u00f8rte et n\u00f8kkeloppdrag som amerikanske styrker juridisk sett ikke kunne p\u00e5ta seg.<\/p>\n<\/li>\n<li>\n<p><b>Medisinsk beredskap:<\/b> Danmark har legemiddelselskaper som leverer vaksiner som for \u00f8yeblikket ikke produseres i USA, for \u00e5 beskytte det amerikanske folket mot nye patogene trusler.<\/p>\n<\/li>\n<li>\n<p><b>Arktis:<\/b> Danmark har arbeidet intensivt sammen med USA, b\u00e5de bilateralt og i Nato og Arktisk r\u00e5d, for \u00e5 motvirke russisk og kinesisk skadelig aktivitet i Arktis, inkludert med styrker p\u00e5 Gr\u00f8nland.<\/p>\n<\/li>\n<li>\n<p><b>Ukraina:<\/b> Danmark yter l\u00f8pende st\u00f8tte til Ukraina og er det ledende landet i leveringen av F-16-fly. Som prosentandel av BNP er Danmark den st\u00f8rste bidragsyteren av hjelp til Ukraina i verden, langt foran USA og andre store land.<\/p>\n<\/li>\n<li>\n<p><b>Sikkerhetssamarbeid:<\/b> Danmark samarbeider intensivt med flere amerikanske f\u00f8derale etater om \u00e5 bekjempe voldelige trusler mot hjemlandet, inkludert fra statlige akt\u00f8rer og terrorister.<\/p>\n<\/li>\n<li>\n<p><b>Kina og Indo-Stillehavet:<\/b> Danmark var et av de f\u00f8rste landene i Nato til \u00e5 anerkjenne viktigheten av \u00e5 diskutere Kina i Nato, og st\u00f8ttet sterkt alle amerikanske bestrebelser p\u00e5 \u00e5 fordype Natos relasjoner i Indo-Stillehavsregionen.<\/p>\n<\/li>\n<\/ul>\n<p>Italias Giorgia Meloni tok ogs\u00e5 til orde for en \u00f8kt Nato-tilstedev\u00e6relse i Arktis p\u00e5 fredag. De mener begge at det vil fjerne deler bekymringen.<\/p>\n<p>    Vil du se neste video?<\/p>\n<p>    <a href=\"https:\/\/www.nettavisen.no\/nyheter\/ukrainsk-jagerfly-odelegger-for-vladimir-putin-i-pokrovsk\/v\/5-95-2807927\" class=\"recommend-poster\" data-adp-clicklabel=\"video-recommend\" data-adp-clickvalue=\"poster\" rel=\"nofollow noopener\" target=\"_blank\"><br \/>\n      <img decoding=\"async\" width=\"200\" height=\"200\" loading=\"lazy\" src=\"https:\/\/www.europesays.com\/no\/wp-content\/uploads\/2026\/01\/JAGERFLY+BREDDE.jpg\" alt=\"\" class=\"brick-c-cFOWSL\" style=\"--brick-image-ratio: 200 \/ 200;\"\/><\/p>\n<p>Nye bilder: Rammer Putin hardt0:41<\/p>\n<p>    <\/a><\/p>\n<p>Vil kjempe mot Maga<\/p>\n<p>Forfatter og grunnlegger av det gr\u00f8nlandske partiet IA, Aqqaluk Lynge, mener at overtakelsen av Gr\u00f8nland allerede er i gang.<\/p>\n<p>\u2013 Uansett er overtakelsen av Gr\u00f8nland i gang, sier han til TV 2.<\/p>\n<p>Han er klar p\u00e5 at gr\u00f8nlenderne n\u00e5 m\u00e5 st\u00e5 sammen i kampen mot USA og Trump.<\/p>\n<p>\u2013 Gr\u00f8nlendingene m\u00e5 holde sammen og kjempe mot Maga (Make America Great Again) her oppe, fordi de sprer all slags usikkerhet blant oss.<\/p>\n<p>    Vil du se neste video?<\/p>\n<p>    <a href=\"https:\/\/www.nettavisen.no\/nyheter\/ukrainsk-jagerfly-odelegger-for-vladimir-putin-i-pokrovsk\/v\/5-95-2807927\" class=\"recommend-poster\" data-adp-clicklabel=\"video-recommend\" data-adp-clickvalue=\"poster\" rel=\"nofollow noopener\" target=\"_blank\"><br \/>\n      <img decoding=\"async\" width=\"200\" height=\"200\" loading=\"lazy\" src=\"https:\/\/www.europesays.com\/no\/wp-content\/uploads\/2026\/01\/JAGERFLY+BREDDE.jpg\" alt=\"\" class=\"brick-c-cFOWSL\" style=\"--brick-image-ratio: 200 \/ 200;\"\/><\/p>\n<p>Nye bilder: Rammer Putin hardt0:41<\/p>\n<p>    <\/a><\/p>\n","protected":false},"excerpt":{"rendered":"Samtidig som Donald Trump jobber p\u00e5 spreng med \u00e5 pr\u00f8ve \u00e5 ta over Gr\u00f8nland, gj\u00f8r Danmark alt i&hellip;\n","protected":false},"author":2,"featured_media":133945,"comment_status":"","ping_status":"","sticky":false,"template":"","format":"standard","meta":{"footnotes":""},"categories":[12],"tags":[20,21,24,25,15,22,23,13,30,28,29,14,16,26,27,42,43,44,45],"class_list":{"0":"post-133944","1":"post","2":"type-post","3":"status-publish","4":"format-standard","5":"has-post-thumbnail","7":"category-verden","8":"tag-breaking-news","9":"tag-breakingnews","10":"tag-featured-news","11":"tag-featurednews","12":"tag-headlines","13":"tag-latest-news","14":"tag-latestnews","15":"tag-news","16":"tag-no","17":"tag-norge","18":"tag-norway","19":"tag-nyheter","20":"tag-overskrifter","21":"tag-top-stories","22":"tag-topstories","23":"tag-verden","24":"tag-world","25":"tag-world-news","26":"tag-worldnews"},"share_on_mastodon":{"url":"https:\/\/pubeurope.com\/@no\/115871703622528769","error":""},"_links":{"self":[{"href":"https:\/\/www.europesays.com\/no\/wp-json\/wp\/v2\/posts\/133944","targetHints":{"allow":["GET"]}}],"collection":[{"href":"https:\/\/www.europesays.com\/no\/wp-json\/wp\/v2\/posts"}],"about":[{"href":"https:\/\/www.europesays.com\/no\/wp-json\/wp\/v2\/types\/post"}],"author":[{"embeddable":true,"href":"https:\/\/www.europesays.com\/no\/wp-json\/wp\/v2\/users\/2"}],"replies":[{"embeddable":true,"href":"https:\/\/www.europesays.com\/no\/wp-json\/wp\/v2\/comments?post=133944"}],"version-history":[{"count":0,"href":"https:\/\/www.europesays.com\/no\/wp-json\/wp\/v2\/posts\/133944\/revisions"}],"wp:featuredmedia":[{"embeddable":true,"href":"https:\/\/www.europesays.com\/no\/wp-json\/wp\/v2\/media\/133945"}],"wp:attachment":[{"href":"https:\/\/www.europesays.com\/no\/wp-json\/wp\/v2\/media?parent=133944"}],"wp:term":[{"taxonomy":"category","embeddable":true,"href":"https:\/\/www.europesays.com\/no\/wp-json\/wp\/v2\/categories?post=133944"},{"taxonomy":"post_tag","embeddable":true,"href":"https:\/\/www.europesays.com\/no\/wp-json\/wp\/v2\/tags?post=133944"}],"curies":[{"name":"wp","href":"https:\/\/api.w.org\/{rel}","templated":true}]}}