{"id":133946,"date":"2026-01-10T16:17:07","date_gmt":"2026-01-10T16:17:07","guid":{"rendered":"https:\/\/www.europesays.com\/no\/133946\/"},"modified":"2026-01-10T16:17:07","modified_gmt":"2026-01-10T16:17:07","slug":"mange-foler-de-kjenner-seg-igjen-nrk-buskerud-lokale-nyheter-tv-og-radio","status":"publish","type":"post","link":"https:\/\/www.europesays.com\/no\/133946\/","title":{"rendered":"\u2013 Mange f\u00f8ler de kjenner seg igjen \u2013 NRK Buskerud \u2013 Lokale nyheter, TV og radio"},"content":{"rendered":"<p>\u2013 Jeg har ikke telt, men jeg tipper det er i hvert fall 50 som har sendt meg en melding.<\/p>\n<p>Det forteller Anne Elisabeth S\u00f8rensen. Forrige helg var hun \u00e9n av fire som i aller beste line\u00e6re sendetid p\u00e5 L\u00f8rdagsrevyen snakket til folket. Fra folket.<\/p>\n<p>I historiens f\u00f8rste \u00abFolkets nytt\u00e5rstale\u00bb.<\/p>\n<p>\u2013 For meg handlet talen om \u00e5 vise at selv om man f\u00f8ler seg alene, s\u00e5 er man ikke det. Vanlige mennesker betyr s\u00e5 mye mer enn ordet vanlig, forteller hun.<\/p>\n<p>Og etter responsen \u00e5 d\u00f8mme, ser talen ut til \u00e5 ha truffet en nerve. Meldingene str\u00f8mmer inn.<\/p>\n<p><strong>\u2013 Mange er overrasket over at jeg som er s\u00e5 ung, har v\u00e6rt gjennom s\u00e5 mye vanskelig. <\/strong><\/p>\n<p>Det som kanskje varmer henne mest, er h\u00e5pet som beskrives fra de som t\u00f8r \u00e5 fortelle om egne erfaringer. Som \u00e5pner seg overfor henne.<\/p>\n<p>\u2013 Flere forteller at de endelig f\u00f8lte de kjente seg igjen i noe en annen person har opplevd. Andre som ogs\u00e5 har levd et dobbeltliv. N\u00e5r de t\u00f8r \u00e5 v\u00e6re \u00e5pne overfor meg, kanskje det er f\u00f8rste steg til at de kan t\u00f8rre \u00e5 v\u00e6re \u00e5pne ogs\u00e5 overfor andre. T\u00f8rre \u00e5 be om hjelp.<\/p>\n<p>PTSD, rus og tre \u00e5rs innleggelse p\u00e5 psykiatrisk<\/p>\n<p>F\u00f8r talen ble sendt, fikk seerne mulighet til \u00e5 bli kjent med Anne Elisabeth. Historien hennes er ikke for sarte sjeler.<\/p>\n<p>Som et resultat av barndommen, fikk hun diagnosen PTSD tidlig. Da hun var 13 begynte hun \u00e5 ruse seg. Da hun i ten\u00e5rene ikke trodde hun skulle klare seg ut av abstinensene og bli rusfri, s\u00e5 hun p\u00e5 d\u00f8den som eneste l\u00f8sning.<\/p>\n<p><strong>Hun var i rusbehandling som 18-\u00e5ring, og ble rusfri tre \u00e5r seinere. Da hun ble 21 utviklet hun spiseforstyrrelser.<\/strong><\/p>\n<p>Hun har opplevd hjertestans, kronisk angst og panikkanfall. Hennes vei ut av m\u00f8rket gikk gjennom andre. N\u00e5 h\u00e5per hun at hun kan v\u00e6re for andre, det andre har v\u00e6rt for henne.<\/p>\n<p>\u00c6rlighet er n\u00f8kkelen<\/p>\n<p>\u2013 Alt kommer fra \u00e6rlighet. \u00c6rlighet overfor seg selv, \u00e6rlighet overfor andre. Da jeg rusa meg, spilte jeg alltid en karakter. Jeg kunne v\u00e6re klovnen overfor noen, jeg kunne v\u00e6re perfeksjonisten eller den snille og uskyldige overfor noen andre. Jeg m\u00e5tte v\u00e6re den jeg trodde ble best likt. Men n\u00e5 klarer jeg \u00e5 v\u00e6re \u00e6rlig overfor meg selv. N\u00e5 er jeg bare meg selv. Og heldigvis liker folk den jeg er, ler hun.<\/p>\n<p>Og det hadde hun heller aldri klart \u00e5 v\u00e6re, uten andre rundt seg som ogs\u00e5 var \u00e6rlige og seg selv.<\/p>\n<p><strong>\u2013 For meg handler det om \u00e5 finne rom til \u00e5 puste. Det er n\u00e5r jeg f\u00f8ler jeg kan puste, at jeg klarer \u00e5 v\u00e6re meg selv. Og det er rundt ekte, \u00e6rlige og \u00e5pne folk jeg kan puste. Folk som t\u00f8r \u00e5 dele av seg selv, og ikke gjemmer seg bak en fasade.<\/strong><\/p>\n<p>Ved \u00e5 fortelle sin historie i m\u00f8te med andre som ogs\u00e5 er i krise, opplever hun at hun klarer \u00e5 bryte gjennom fasaden.<\/p>\n<p>\u2013 Med den bakgrunnen jeg har, ser jeg folk godt. Jeg kan gi plass til \u00e5 puste, jeg kan grave, sp\u00f8rre, gi rom til \u00e5 fortelle. P\u00e5 den m\u00e5ten kan vi bryte gjennom fasaden og hjelpe hverandre.<\/p>\n<p>Som hun sa i Folkets nytt\u00e5rstale:<\/p>\n<p><strong>\u00abIngen er bare det du ser\u00bb<\/strong>.<\/p>\n<p>Veien inn i samfunnet<\/p>\n<p>Talen ble spilt inn p\u00e5 Kirkens Bymisjon sin kaf\u00e9 i H\u00f8nefoss. Et sted med stor betydning for Anne Elisabeth.<\/p>\n<p>\u2013 Etter at jeg ble rusfri, hadde jeg s\u00e5 mye angst at jeg ikke klarte \u00e5 fungere. Men s\u00e5 ble jeg frivillig p\u00e5 kaf\u00e9en. Der kunne jeg jobbe n\u00e5r jeg ville og hadde kapasitet til det, jeg kunne ta meg pauser n\u00e5r jeg hadde panikkanfall. Det ble en slags vei inn i samfunnet, forteller hun.<\/p>\n<p><strong>Panikkanfallene og angsten kan fortsatt komme, men n\u00e5 vet hun hvordan hun skal h\u00e5ndtere dem. Hun er stolt, positiv, livsglad og har troen p\u00e5 seg selv. Ting hun aldri trodde hun skulle f\u00e5 kjenne p\u00e5.<\/strong><\/p>\n<p>\u2013 Da jeg s\u00f8kte sykepleierstudiet, bare satte jeg et sted p\u00e5 f\u00f8rsteplass for jeg trodde jo aldri jeg skulle komme inn. Men jeg gjorde jo det, s\u00e5 n\u00e5 m\u00e5 jeg pendle gjennom Oslo hver dag bare fordi jeg ikke hadde troen p\u00e5 meg selv, ler hun.<\/p>\n<p><strong>Om noen m\u00e5neder er hun ferdig utdannet. Sterkere, tror hun, enn hun hadde v\u00e6rt uten den bakgrunnen hun har.<\/strong><\/p>\n<p>\u2013 Jeg skulle selvf\u00f8lgelig v\u00e6rt foruten veldig mye av det som skjedde. Men jeg hadde aldri f\u00e5tt til s\u00e5 mye som jeg gj\u00f8r n\u00e5, uten den bakgrunnen jeg har, avslutter Anne Elisabeth.<\/p>\n<p>\u2013 Renner inn med meldinger<\/p>\n<p>Anne Elisabeth var ikke alene om \u00e5 holde talen. For Kai Svenskerud har dagene etter at talen ble sendt, best\u00e5tt av noe han aldri har opplevd f\u00f8r.<\/p>\n<p>\u2013 Han har opplevd veldig mye g\u00e6rent i livet, og har vanskelig for \u00e5 ta til seg ros. Men dette syns han er gjevt, forteller Jon Gulbrandsen, avdelingsleder ved Kirkens Bymisjon i H\u00f8nefoss.<\/p>\n<p>Svenskerud er ikke selv tilgjengelig for intervju, og lar derfor Gulbrandsen snakke med NRK p\u00e5 vegne av ham.<\/p>\n<p>Svenskeruds Facebook-konto har f\u00e5tt bein \u00e5 g\u00e5 p\u00e5. Over 50 venneforesp\u00f8rsler har han f\u00e5tt, i tillegg til en mengde reaksjoner.<\/p>\n<p>    \u2190<\/p>\n<ul data-scroll-container=\"\" role=\"list\" aria-label=\"Bildegalleri\">\n<li><img alt=\"Kai Svenskerud holder folkets nytt\u00e5rstale\"  width=\"3840\" height=\"3837\" loading=\"lazy\"\/>\n<p>Kai Svenskerud, Richard Gr\u00f8nlie og Line Gr\u00f8nlie har alle f\u00e5tt mye mye respons etter Folkets nytt\u00e5rstale.<\/p>\n<p> Foto: NRK <\/li>\n<li><img alt=\"Richard Gr\u00f8nlie holdt Folkets nytt\u00e5rstale\"  width=\"3840\" height=\"3841\" loading=\"lazy\"\/>\n<p>Kai Svenskerud, Richard Gr\u00f8nlie og Line Gr\u00f8nlie har alle f\u00e5tt mye mye respons etter Folkets nytt\u00e5rstale.<\/p>\n<p> Foto: NRK <\/li>\n<li><img alt=\"Line Gr\u00f8nlie holder folkets nytt\u00e5rstale\"  width=\"3840\" height=\"3829\" loading=\"lazy\"\/>\n<p>Kai Svenskerud, Richard Gr\u00f8nlie og Line Gr\u00f8nlie har alle f\u00e5tt mye mye respons etter Folkets nytt\u00e5rstale.<\/p>\n<p> Foto: NRK <\/li>\n<\/ul>\n<p>\u2192<\/p>\n<p><strong>\u2013 Meldingene renner inn. Akkurat hvor mange er vanskelig \u00e5 si, men det er ihvertfall langt over hundre han har f\u00e5tt. Og de er udelt positive. Ikke en eneste negativ melding, fortsetter Gulbrandsen.<\/strong><\/p>\n<p>Ekteparet Richard og Line Gr\u00f8nlie, de to siste i kvartetten som holdt Folkets nytt\u00e5rstale, dro rett til fjells etter at innslaget ble sendt. Men Richard forteller at ogs\u00e5 de opplever det han beskriver som masse respons.<\/p>\n<p><strong>\u2013 Det er nok ikke like mye, men for meg oppleves de titalls med meldingene jeg har f\u00e5tt som massivt. Og de er alle sammen kj\u00e6rlighet og positive tilbakemeldinger. <\/strong><\/p>\n<p>Publisert<\/p>\n<p>10.01.2026, kl. 16.41<\/p>\n","protected":false},"excerpt":{"rendered":"\u2013 Jeg har ikke telt, men jeg tipper det er i hvert fall 50 som har sendt meg&hellip;\n","protected":false},"author":2,"featured_media":133947,"comment_status":"","ping_status":"","sticky":false,"template":"","format":"standard","meta":{"footnotes":""},"categories":[10],"tags":[20,21,24,25,15,22,23,13,30,28,29,14,16,26,27],"class_list":{"0":"post-133946","1":"post","2":"type-post","3":"status-publish","4":"format-standard","5":"has-post-thumbnail","7":"category-norge","8":"tag-breaking-news","9":"tag-breakingnews","10":"tag-featured-news","11":"tag-featurednews","12":"tag-headlines","13":"tag-latest-news","14":"tag-latestnews","15":"tag-news","16":"tag-no","17":"tag-norge","18":"tag-norway","19":"tag-nyheter","20":"tag-overskrifter","21":"tag-top-stories","22":"tag-topstories"},"share_on_mastodon":{"url":"https:\/\/pubeurope.com\/@no\/115871707772536477","error":""},"_links":{"self":[{"href":"https:\/\/www.europesays.com\/no\/wp-json\/wp\/v2\/posts\/133946","targetHints":{"allow":["GET"]}}],"collection":[{"href":"https:\/\/www.europesays.com\/no\/wp-json\/wp\/v2\/posts"}],"about":[{"href":"https:\/\/www.europesays.com\/no\/wp-json\/wp\/v2\/types\/post"}],"author":[{"embeddable":true,"href":"https:\/\/www.europesays.com\/no\/wp-json\/wp\/v2\/users\/2"}],"replies":[{"embeddable":true,"href":"https:\/\/www.europesays.com\/no\/wp-json\/wp\/v2\/comments?post=133946"}],"version-history":[{"count":0,"href":"https:\/\/www.europesays.com\/no\/wp-json\/wp\/v2\/posts\/133946\/revisions"}],"wp:featuredmedia":[{"embeddable":true,"href":"https:\/\/www.europesays.com\/no\/wp-json\/wp\/v2\/media\/133947"}],"wp:attachment":[{"href":"https:\/\/www.europesays.com\/no\/wp-json\/wp\/v2\/media?parent=133946"}],"wp:term":[{"taxonomy":"category","embeddable":true,"href":"https:\/\/www.europesays.com\/no\/wp-json\/wp\/v2\/categories?post=133946"},{"taxonomy":"post_tag","embeddable":true,"href":"https:\/\/www.europesays.com\/no\/wp-json\/wp\/v2\/tags?post=133946"}],"curies":[{"name":"wp","href":"https:\/\/api.w.org\/{rel}","templated":true}]}}