{"id":133948,"date":"2026-01-10T16:18:11","date_gmt":"2026-01-10T16:18:11","guid":{"rendered":"https:\/\/www.europesays.com\/no\/133948\/"},"modified":"2026-01-10T16:18:11","modified_gmt":"2026-01-10T16:18:11","slug":"er-jo-helt-klin-kokos","status":"publish","type":"post","link":"https:\/\/www.europesays.com\/no\/133948\/","title":{"rendered":"\u2013 Er jo helt klin kokos"},"content":{"rendered":"\n<p class=\"_lead_o9xde_2 _lead_xtcu6_50 layout-component text-serif-m layout-normal text-serif-l layout-component layout-wide layout-padded _wide_17hqh_1 layout-padded\">Maren Hjelmeset Kirkeeide (22) sikret norsk annenplass etter en minneverdig duell mot Tysklands st\u00f8rste stjerne.<\/p>\n<p><img alt=\" Foto: TOBIAS SCHWARZ \/ AFP \/ NTB\" class=\"_image_qp4xg_65 layout-component layout-wide\" data-fullscreen- data-track-element-type=\"Article image fullscreen\" data-track-name=\"ImageFullscreen\" fetchpriority=\"high\" decoding=\"sync\" loading=\"eager\" height=\"4020\" itemprop=\"image\"  src=\"https:\/\/www.europesays.com\/no\/wp-content\/uploads\/2026\/01\/b64e8074-6682-4b16-8b9f-8a796ed026c8.png\"  style=\"object-position:0% 0%\" width=\"5580\"\/> Foto: TOBIAS SCHWARZ \/ AFP \/ NTB<\/p>\n<ul aria-hidden=\"true\" class=\"_images_ntbth_112\">\n<li><a class=\"_link_ntbth_117\" href=\"https:\/\/www.vg.no\/forfatter\/jens-friberg\" style=\"z-index:1\" title=\"Jens Friberg\" rel=\"nofollow noopener\" target=\"_blank\"><img alt=\"Bilde av Jens Friberg\" class=\"_image_ntbth_93\" fetchpriority=\"low\" loading=\"lazy\" decoding=\"async\" itemprop=\"image\"  src=\"https:\/\/www.europesays.com\/no\/wp-content\/uploads\/2026\/01\/1768061890_526_d5a4433c-4b68-4c86-a3bf-a19d98457272.jpeg\"  width=\"480\"\/><\/a><\/li>\n<\/ul>\n<p> Oppdatert l\u00f8rdag 10. januar kl. 16:07     <\/p>\n<p class=\"_paragraph_o9xde_4 _paragraph_xtcu6_10 layout-component text-serif-m layout-normal text-serif-m layout-padded\">Mot Franziska Preuss sto kampen p\u00e5 siste st\u00e5ende om annenplassen i kvinnenes stafett.<\/p>\n<p class=\"_paragraph_o9xde_4 _paragraph_xtcu6_10 layout-component text-serif-m layout-normal text-serif-m layout-padded\">Preuss hadde hjemmefansen, 20.000 av dem, i ryggen. Preuss er blant sirkusets beste skyttere. <\/p>\n<p class=\"_paragraph_o9xde_4 _paragraph_xtcu6_10 layout-component text-serif-m layout-normal text-serif-m layout-padded\">Det var imidlertid 22 \u00e5r gamle Maren Kirkeeide som satte den tyske stjernen p\u00e5 plass, skj\u00f8t fem rett ned og sikret annenplassen.<\/p>\n<p class=\"_paragraph_o9xde_4 _paragraph_xtcu6_10 layout-component text-serif-m layout-normal text-serif-m layout-padded\">\u2013 Jeg husker ikke hva jeg tenkte, sier Kirkeeide til TV 2.<\/p>\n<p class=\"_paragraph_o9xde_4 _paragraph_xtcu6_10 layout-component text-serif-m layout-normal text-serif-m layout-padded\">\u2013 Det er det villeste jeg har sett! utbr\u00f8t legenden Tiril Eckhoff.<\/p>\n<p class=\"_paragraph_o9xde_4 _paragraph_xtcu6_10 layout-component text-serif-m layout-normal text-serif-m layout-padded\">Marthe Kr\u00e5kstad Johansen, <a href=\"https:\/\/www.vg.no\/tag\/ingrid-landmark-tandrevold?utm_source=vg-article&amp;utm_medium=auto-tagger&amp;utm_campaign=d4lnkA\" class=\"_link_o9xde_39\" rel=\"nofollow noopener\" target=\"_blank\">Ingrid Landmark Tandrevold<\/a> og Karoline Knotten gikk de tre f\u00f8rste etappene for Norge.<\/p>\n<p class=\"_paragraph_o9xde_4 _paragraph_xtcu6_10 layout-component text-serif-m layout-normal text-serif-m layout-padded\">\u2013 Jeg vet ikke hva jeg skal si. Maren er jo helt klin kokos, liksom. Det er vanskelig \u00e5 h\u00f8re gjennom TV-en hvilket trykk det er her. Jeg tror aldri jeg har sett lignende, sier Tandrevold til TV 2.<\/p>\n<p class=\"_paragraph_o9xde_4 _paragraph_xtcu6_10 layout-component text-serif-m layout-normal text-serif-m layout-padded\">Frankrike kunne ingen gj\u00f8re noe med.<\/p>\n<p class=\"_paragraph_o9xde_4 _paragraph_xtcu6_10 layout-component text-serif-m layout-normal text-serif-m layout-padded\">For Sverige gikk det virkelig at dundas.<\/p>\n<p class=\"_paragraph_o9xde_4 _paragraph_xtcu6_10 layout-component text-serif-m layout-normal text-serif-m layout-padded\">Verdenscupleder Anna Magnusson f\u00f8rte an for de svenske favorittene, men det ble tidlig klart at noe var galt med v\u00e5penet hennes p\u00e5 f\u00f8rste skyting.<\/p>\n<p class=\"_paragraph_o9xde_4 _paragraph_xtcu6_10 layout-component text-serif-m layout-normal text-serif-m layout-padded\">\u2013 Det har jeg aldri sett f\u00f8r, kommenterte svenskelegenden Bj\u00f6rn Ferry p\u00e5 SVT.<\/p>\n<p class=\"_paragraph_o9xde_4 _paragraph_xtcu6_10 layout-component text-serif-m layout-normal text-serif-m layout-padded\">H\u00e5ndstopperenH\u00e5ndstopperenEn reim som holder v\u00e5penet fast i armen. og armfestet r\u00f8k for den meritterte svensken da g\u00e6veret smalt i matten p\u00e5 standplass.<\/p>\n<p class=\"_paragraph_o9xde_4 _paragraph_xtcu6_10 layout-component text-serif-m layout-normal text-serif-m layout-padded\">Uten mulighet til \u00e5 skyte, ble hun i stedet n\u00f8dt til \u00e5 skru fast dette festet p\u00e5 v\u00e5penet f\u00f8r hun kunne gjennomf\u00f8re serien.<\/p>\n<p class=\"_paragraph_o9xde_4 _paragraph_xtcu6_10 layout-component text-serif-m layout-normal text-serif-m layout-padded\">TV 2s ekspertkorps var samstemte i at dette utelukkende var svenskens eget ansvar. Slikt skal ikke l\u00f8sne.<\/p>\n<p class=\"_paragraph_o9xde_4 _paragraph_xtcu6_10 layout-component text-serif-m layout-normal text-serif-m layout-padded\">\u2013 Katastrofe for Sverige, sa Ole Einar Bj\u00f8rndalen.<\/p>\n<p class=\"_paragraph_o9xde_4 _paragraph_xtcu6_10 layout-component text-serif-m layout-normal text-serif-m layout-padded\">\u2013 Slett arbeid. Du skal skru den fast, kommenterte Tiril Eckhoff.<\/p>\n<p class=\"_paragraph_o9xde_4 _paragraph_xtcu6_10 layout-component text-serif-m layout-normal text-serif-m layout-padded\">Magnusson skj\u00f8t seg nesten ut i strafferunden p\u00e5 st\u00e5ende, og var fjerde sist ved vekskling. <\/p>\n<p class=\"_paragraph_o9xde_4 _paragraph_xtcu6_10 layout-component text-serif-m layout-normal text-serif-m layout-padded\">Anna-Karin Hejdenberg gjorde det ikke bedre da hun havnet i strafferunden p\u00e5 andre etappe.<\/p>\n<p class=\"_paragraph_o9xde_4 _paragraph_xtcu6_10 layout-component text-serif-m layout-normal text-serif-m layout-padded\">De gikk seg til sist opp til en femteplass.<\/p>\n<p><img alt=\"Foto: GEORG HOCHMUTH \/ AFP \/ NTB\" class=\"_image_qp4xg_65 layout-component layout-normal\" data-fullscreen- data-track-element-type=\"Article image fullscreen\" data-track-name=\"ImageFullscreen\" decoding=\"async\" loading=\"lazy\" height=\"5760\" itemprop=\"image\"  src=\"https:\/\/www.europesays.com\/no\/wp-content\/uploads\/2026\/01\/b4b50763-9985-4f47-ba9b-50c165448ecd.png\"  style=\"object-position:0% 0%\" width=\"8640\"\/>Foto: GEORG HOCHMUTH \/ AFP \/ NTB    <\/p>\n","protected":false},"excerpt":{"rendered":"Maren Hjelmeset Kirkeeide (22) sikret norsk annenplass etter en minneverdig duell mot Tysklands st\u00f8rste stjerne. Foto: TOBIAS SCHWARZ&hellip;\n","protected":false},"author":2,"featured_media":133949,"comment_status":"","ping_status":"","sticky":false,"template":"","format":"standard","meta":{"footnotes":""},"categories":[5],"tags":[20,21,24,25,15,19,11575,22,23,17,18,12820,13,30,28,29,14,16,769,26,27],"class_list":{"0":"post-133948","1":"post","2":"type-post","3":"status-publish","4":"format-standard","5":"has-post-thumbnail","7":"category-overskrifter","8":"tag-breaking-news","9":"tag-breakingnews","10":"tag-featured-news","11":"tag-featurednews","12":"tag-headlines","13":"tag-hovedoppslag","14":"tag-ingrid-landmark-tandrevold","15":"tag-latest-news","16":"tag-latestnews","17":"tag-main-news","18":"tag-mainnews","19":"tag-maren-hjelmeset-kirkeeide","20":"tag-news","21":"tag-no","22":"tag-norge","23":"tag-norway","24":"tag-nyheter","25":"tag-overskrifter","26":"tag-skiskyting","27":"tag-top-stories","28":"tag-topstories"},"share_on_mastodon":{"url":"https:\/\/pubeurope.com\/@no\/115871711511759152","error":""},"_links":{"self":[{"href":"https:\/\/www.europesays.com\/no\/wp-json\/wp\/v2\/posts\/133948","targetHints":{"allow":["GET"]}}],"collection":[{"href":"https:\/\/www.europesays.com\/no\/wp-json\/wp\/v2\/posts"}],"about":[{"href":"https:\/\/www.europesays.com\/no\/wp-json\/wp\/v2\/types\/post"}],"author":[{"embeddable":true,"href":"https:\/\/www.europesays.com\/no\/wp-json\/wp\/v2\/users\/2"}],"replies":[{"embeddable":true,"href":"https:\/\/www.europesays.com\/no\/wp-json\/wp\/v2\/comments?post=133948"}],"version-history":[{"count":0,"href":"https:\/\/www.europesays.com\/no\/wp-json\/wp\/v2\/posts\/133948\/revisions"}],"wp:featuredmedia":[{"embeddable":true,"href":"https:\/\/www.europesays.com\/no\/wp-json\/wp\/v2\/media\/133949"}],"wp:attachment":[{"href":"https:\/\/www.europesays.com\/no\/wp-json\/wp\/v2\/media?parent=133948"}],"wp:term":[{"taxonomy":"category","embeddable":true,"href":"https:\/\/www.europesays.com\/no\/wp-json\/wp\/v2\/categories?post=133948"},{"taxonomy":"post_tag","embeddable":true,"href":"https:\/\/www.europesays.com\/no\/wp-json\/wp\/v2\/tags?post=133948"}],"curies":[{"name":"wp","href":"https:\/\/api.w.org\/{rel}","templated":true}]}}