{"id":133950,"date":"2026-01-10T16:19:23","date_gmt":"2026-01-10T16:19:23","guid":{"rendered":"https:\/\/www.europesays.com\/no\/133950\/"},"modified":"2026-01-10T16:19:23","modified_gmt":"2026-01-10T16:19:23","slug":"ole-gunnar-solskjaer-manchester-united-7","status":"publish","type":"post","link":"https:\/\/www.europesays.com\/no\/133950\/","title":{"rendered":"Ole Gunnar Solskj\u00e6r, Manchester United"},"content":{"rendered":"<p> (<a href=\"https:\/\/www.nettavisen.no\" rel=\"nofollow noopener\" target=\"_blank\">Nettavisen<\/a>) <\/p>\n<p>Fredag ble det kjent at Manchester United kommer til \u00e5 m\u00f8te med Ole Gunnar Solskj\u00e6r i l\u00f8pet av l\u00f8rdagen.<\/p>\n<p>Nordmannen er \u00e9n av flere kandidater til \u00e5 f\u00e5 jobben som midlertidig manager i Premier League-klubben ut sesongen.<\/p>\n<p>Spekulasjonene om en Solskj\u00e6r-retur i United startet kort tid etter at Ruben Amorim fikk sparken som manager.<\/p>\n<p>Den velinformerte journalisten David Ornstein understreker imidlertid at United ikke stresser med \u00e5 ta en avgj\u00f8relse.<\/p>\n<p>Mener Michael Carrick ikke m\u00e5 avskrives<\/p>\n<p>Til NBC Sport sier han at Darren Fletcher leder laget mot Brighton i FA-cupen i helgen og at samme mann ogs\u00e5 kan f\u00e5 ansvaret i Manchester Uniteds neste ligakamp, mot byrival Manchester City den 17. januar.<\/p>\n<p>\u2013 Vi m\u00e5 vente og se. Dialogen om et mer langsiktig valg ut denne sesongen er p\u00e5g\u00e5ende og Uniteds fokus er p\u00e5 to navn: Ole Gunnar Solskj\u00e6r og Michael Carrick. Alle sier Solskj\u00e6r f\u00e5r jobben, det kan skje, han er en sterk kandidat, men det er ogs\u00e5 Carrick, sier han.<\/p>\n<p><b>Les ogs\u00e5:<a href=\"https:\/\/www.nettavisen.no\/sport\/grillet-om-solskjar-neppe-rett-mann\/s\/5-95-2815712\" rel=\"Follow nofollow noopener\" target=\"_blank\"> Grillet om Solskj\u00e6r: \u2013 Neppe rett mann <\/a><\/b><\/p>\n<p>\u2013 Carrick m\u00e5 ikke avskrives. Det er ogs\u00e5 et tredje navn i samtalene, og det er Ruud van Nistelrooy. Han har blitt kontaktet, men Jason Wilcox (Uniteds sportsdirekt\u00f8r) skal m\u00f8te b\u00e5de Solskj\u00e6r og Carrick, fordi han ikke kjenner dem fra f\u00f8r, sier Ornstein.<\/p>\n<p>Wilcox skal imidlertid ikke ha et m\u00f8te med van Nistelrooy, siden de to kjenner hverandre godt fra f\u00f8r. Nederlenderen var inne i en lignende rolle etter at Erik ten Hag fikk sparken i United, i forkant av at Amorim ble ansatt.<\/p>\n<p>\u2013 Men United f\u00f8ler at Solskj\u00e6r og Carrick er de to mest sannsynlige kandidatene, p\u00e5peker Ornstein.<\/p>\n<p>\u2013 De vil ha, uansett hvem det blir, en som har et forhold til Manchester United. De mener det er helt avgj\u00f8rende i traumet som har fulgt etter at Amorim fikk sparken. Jeg venter nyheter fra klubben neste uke og den som f\u00e5r jobben skal ha den ut sesongen.<\/p>\n<p>Permanent United-manager til sommeren<\/p>\n<p>The Athletic-journalisten sier videre at United f\u00f8rst da, alts\u00e5 til sommeren, vil gj\u00f8re en permanent ansettelse.<\/p>\n<p><b>Les ogs\u00e5: <a href=\"https:\/\/www.nettavisen.no\/sport\/fiasko-i-usa-skylder-pa-donald-trump\/s\/5-95-2812806\" rel=\"Follow nofollow noopener\" target=\"_blank\">Fiasko i USA: Skylder p\u00e5 Donald Trump<\/a><\/b><\/p>\n<p>\u2013 De trenger tid til \u00e5 tenke p\u00e5 hvem som kan ta dem framover p\u00e5 lang sikt, men den prosessen har ikke startet.<\/p>\n<p>\u2013 Om en m\u00e5neds tid starter den prosessen og da vil det bli mye fokus p\u00e5 Wilcox. Det er han som skal avgj\u00f8re hvem som overtar ut sesongen og han blir ogs\u00e5 en viktig stemme n\u00e5r de skal finne en permanent manager, sier Ornstein.<\/p>\n<p>I sistnevnte prosess er det imidlertid flere som skal ha et ord med i laget, if\u00f8lge journalisten.<\/p>\n<p>\u2013 B\u00e5de Omar Berrada og til syvende og sist mannen som sitter p\u00e5 toppen i Manchester United, sir Jim Ratcliffe. Men inntil videre er det Darren Fletcher som leder laget, mens de fors\u00f8ker \u00e5 l\u00f8se situasjonen rundt en midlertidig manager ut sesongen, sier han.<\/p>\n","protected":false},"excerpt":{"rendered":"(Nettavisen) Fredag ble det kjent at Manchester United kommer til \u00e5 m\u00f8te med Ole Gunnar Solskj\u00e6r i l\u00f8pet&hellip;\n","protected":false},"author":2,"featured_media":133761,"comment_status":"","ping_status":"","sticky":false,"template":"","format":"standard","meta":{"footnotes":""},"categories":[59],"tags":[36,15432,92,158,15433,30,28,29,505,161,15434,83,82,1510],"class_list":{"0":"post-133950","1":"post","2":"type-post","3":"status-publish","4":"format-standard","5":"has-post-thumbnail","7":"category-sport","8":"tag-art","9":"tag-david-ornstein","10":"tag-fotball","11":"tag-manchester-united","12":"tag-michael-carrick","13":"tag-no","14":"tag-norge","15":"tag-norway","16":"tag-ole-gunnar-solskjaer","17":"tag-premier-league","18":"tag-ruud-van-nistelrooy","19":"tag-sport","20":"tag-sports","21":"tag-story"},"share_on_mastodon":{"url":"https:\/\/pubeurope.com\/@no\/115871715364649640","error":""},"_links":{"self":[{"href":"https:\/\/www.europesays.com\/no\/wp-json\/wp\/v2\/posts\/133950","targetHints":{"allow":["GET"]}}],"collection":[{"href":"https:\/\/www.europesays.com\/no\/wp-json\/wp\/v2\/posts"}],"about":[{"href":"https:\/\/www.europesays.com\/no\/wp-json\/wp\/v2\/types\/post"}],"author":[{"embeddable":true,"href":"https:\/\/www.europesays.com\/no\/wp-json\/wp\/v2\/users\/2"}],"replies":[{"embeddable":true,"href":"https:\/\/www.europesays.com\/no\/wp-json\/wp\/v2\/comments?post=133950"}],"version-history":[{"count":0,"href":"https:\/\/www.europesays.com\/no\/wp-json\/wp\/v2\/posts\/133950\/revisions"}],"wp:featuredmedia":[{"embeddable":true,"href":"https:\/\/www.europesays.com\/no\/wp-json\/wp\/v2\/media\/133761"}],"wp:attachment":[{"href":"https:\/\/www.europesays.com\/no\/wp-json\/wp\/v2\/media?parent=133950"}],"wp:term":[{"taxonomy":"category","embeddable":true,"href":"https:\/\/www.europesays.com\/no\/wp-json\/wp\/v2\/categories?post=133950"},{"taxonomy":"post_tag","embeddable":true,"href":"https:\/\/www.europesays.com\/no\/wp-json\/wp\/v2\/tags?post=133950"}],"curies":[{"name":"wp","href":"https:\/\/api.w.org\/{rel}","templated":true}]}}